{"id":1449,"date":"2007-10-31T00:00:00","date_gmt":"2006-11-06T00:00:00","guid":{"rendered":"https:\/\/intervius.com\/index.html\/?p=1449"},"modified":"2006-11-06T00:00:00","modified_gmt":"2006-11-06T00:00:00","slug":"Jesus_Ramirez_Castanedo1449","status":"publish","type":"post","link":"https:\/\/intervius.com\/index.html\/Jesus_Ramirez_Castanedo1449\/","title":{"rendered":"Jes\u00fas Ram\u00edrez Castanedo"},"content":{"rendered":"<p>Pregunta.- \u00bfConsidera que la sentencia es justa?<\/p>\n<p>Respuesta.- Nosotros consideramos que cualquier decisi\u00f3n que adopte la Justicia es justa. Es posible que haya algunas partes de la sentencia que no entendamos, o que puedan ser susceptibles de aclaraci\u00f3n, pero en t\u00e9rminos generales, la sentencia la acatamos<\/p>\n<p>P.- \u00bfPor qu\u00e9 algunas v\u00edctimas cuestionan toda la actuaci\u00f3n de los cuerpos y fuerzas de seguridad del Estado y del cuerpo judicial? \u00bfRealmente creen factible que todos esos profesionales pueden haber conspirado para ocultar la participaci\u00f3n de ETA? <\/p>\n<p>R.- En absoluto. Desde un primer momento dijimos que hab\u00eda que tener el m\u00e1ximo respeto por el trabajo de los Cuerpos y Fuerzas de Seguridad del Estado, hemos apoyado las decisiones que ha tomado la Justicia y jam\u00e1s hemos cuestionado el trabajo de unos profesionales que han realizado un trabajo eficaz y que sabemos que ha sido realizado en unas condiciones costosas.<\/p>\n<p>P.- \u00bfCon esta sentencia da por cerrado en su aspecto judicial el 11-M?<\/p>\n<p>R.- No, el propio juez nos ha dicho que hay otros juicios pendientes y, por lo tanto, este juicio es s\u00f3lo una parte que acabamos de superar. Nos parece tremendamente positivo para la justicia, la sociedad espa\u00f1ola y para todos que haya podido llegar a buen t\u00e9rmino.<\/p>\n<p>P.- \u00bfQu\u00e9 relaci\u00f3n mantiene su asociaci\u00f3n con las otras asociaciones de v\u00edctimas del terrorismo? <\/p>\n<p>R.- Lamentablemente, escasa, por no decir pr\u00e1cticamente nula, con las ubicadas en Madrid. Pero s\u00ed mantenemos relaci\u00f3n con todas las asociaciones de v\u00edctimas de toda Espa\u00f1a. Digo lamentablemente porque creo que deber\u00edamos mantener un contacto permanente con otras asociaciones y procurar lo mejor para todas las v\u00edctimas. <\/p>\n<p>P.- \u00bfHa dudado alguna vez de la autor\u00eda del atentado?<\/p>\n<p>R.- No, en absoluto. Siempre he tenido plena confianza en lo que nos iban diciendo los Cuerpos y Fuerzas de Seguridad del Estado y en lo que manifestaban los jueces. Y si ellos dec\u00edan que ETA no estaba en el atentado, ETA no estaba en el atentado. Si hubiesen manifestado otro punto de vista, lo hubiese aceptado.<\/p>\n<p>P.- \u00bfCree usted que la sentencia corresponde al grado de gravedad de semejante atentado? \u00a1Qu\u00e9 significa -en su opini\u00f3n- para las v\u00edctimas y sus familias el dictado de estas sentencias? Muchas gracias.<\/p>\n<p>R.- La sentencia tiene 700 folios. No nos ha dado tiempo a leerlos. Por una cuesti\u00f3n de respeto al tribunal que ha juzgado estos hechos, creo que tenemos que leerla con cuidado y evaluar despu\u00e9s la sentencia. En un primer momento nos hemos dejado llevar por las emociones con unos juicios primarios. En cualquier caso, queremos valorar el trabajo y dedicaci\u00f3n de los jueces y todos los trabajadores del Ministerio de Justicia. <\/p>\n<p>P.- Se\u00f1or Castanedo, creo que siempre estar\u00e1n en el coraz\u00f3n de los espa\u00f1oles de bien las v\u00edctimas de aquel terrible asesinato masivo. Vuestros compatriotas no os olvidamos, y espero que el Estado no lo haga nunca tampoco. Le env\u00edo un un abrazo desde Asturias.<\/p>\n<p>R.- Muchas gracias. Queremos decir que, uno de los aspectos m\u00e1s positivos que hemos descubierto es el grado de solidaridad por parte del estado espa\u00f1ol con todas las v\u00edctimas y que nos hemos sentido muy arropados y muy queridos. Es lamentable que las instituciones madrile\u00f1as no hayan estado a la altura. <\/p>\n<p>P.- Me gustar\u00eda saber si la Asociaci\u00f3n 11-M se siente conforme con el trabajo que se ha realizado realizado en estos meses durante el juicio, independientemente de la sentencia que hoy vamos a conocer todos. Tambi\u00e9n si consideran que se ha hecho un buen trabajo y una buena investigaci\u00f3n y si creen que satisface en global a los realmente afectados por el horrible atentado del 11-M, las v\u00edctimas y familiares. Gracias y saludos.<\/p>\n<p>R.- Estamos tremendamente agradecidos a las Fuezas y Cuerpos de Seguridad del Estado. Se ha hecho un magn\u00edfico trabajo en unas condiciones muy dif\u00edciles. Es muy importante que haya triunfado la justicia y estimamos que es un hecho muy positivo para todos nosotros y para devolver la confianza que debemos tener todos en la Justicia. <\/p>\n<p>P.- Hola buenas tardes, \u00bfcree usted que despu\u00e9s del atentado del 11M hay m\u00e1s seguridad en los transportes p\u00fablicos espa\u00f1oles? \u00bfQu\u00e9 tipo de medidas se toman ahora en materia de seguridad que antes del 11M no exisist\u00edan? Muchas gracias y un saludo.<\/p>\n<p>R.- Yo creo que es important\u00edsimo que se analice este atentado para corregir los posibles errores que pudieron tenerse en aquellas fechas. Espero que las autoridades hayan tomado nota y que todos los fallos detectados hayan sido corregidos para que nos podamos sentir m\u00e1s seguros y mucho m\u00e1s tranquilos. <\/p>\n<p>P.- Quisiera pedirte en mi nombre y estoy seguro que en el de millones de habitantes del Estado Espa\u00f1ol, perd\u00f3n, por estos a\u00f1os en los que hab\u00e9is tenido que escuchar barbaridades. Si algo de bueno ha tenido lo sucedido, ha sido porderte conocer. \u00bfCrees que el conjunto de los habitantes del Estado Espa\u00f1ol hemos sabido estar a la altura del suceso? Gracias Jes\u00fas, por ser como eres.<\/p>\n<p>R.- Yo creo que el pueblo espa\u00f1ol ha estado a una altura muy superior incluso a lo que nosotros esper\u00e1bamos. Nos hemos sentido muy arropados por los ciudadanos espa\u00f1oles, hemos recibido homenajes de todos los puntos de Espa\u00f1a, hemos tenido abrazos, mensajes, invitaciones&#8230; Creo que los ciudadanos han respondido de forma maravillosa, mucho mejor de lo que esper\u00e1bamos y lo que, seguramente, merecemos. En cualquier caso, estamos muy agradecidos a todo el pueblo y nos sentimos, francamente, muy queridos. <\/p>\n<p>P.- \u00bfQu\u00e9 opina sobre la absoluci\u00f3n de &#8220;El Egipcio&#8221;?<\/p>\n<p>R.- No he tenido tiempo de leer la sentencia, no s\u00e9 en qu\u00e9 se basa o qu\u00e9 datos hay para que este se\u00f1or haya quedado en libertad. Tenemos plena confianza en la Justicia, no obstante, y creemos que si ha quedado en libertad, el Juez tendr\u00e1 sus razones. <\/p>\n<p>P.- Me gustar\u00eda saber como le ha afectado, la recurrente &#8220;teor\u00eda de la conspiraci\u00f3n&#8221; que ha esgrimido el PP durante todo este tiempo. Sobre todo en el intento de recuperar una cierta normalidad o de recuperar una vida despu\u00e9s del 11-M. Le mando un afectuoso saludo y espero que la sentencia les ayude a seguir adelante. Mucho \u00e1nimo para todos. <\/p>\n<p>R.- Uno de los temas que m\u00e1s da\u00f1o nos ha hecho ha sido la &#8220;teor\u00eda de la conspiraci\u00f3n&#8221;. Ha sido muy doloroso, porque si el pueblo espa\u00f1ol se ha portado estupendamente, no entendemos por qu\u00e9 una parte de sus representantes ha intentado utilizar este atentado para intentar sacar una rentabilidad de cualquier tipo. Lamentamos que este hecho haya ocurrido, porque estamos convencidos de que no ha sucedido en ninguna otra parte del mundo. Es lamentable que, mientras que la sociedad espa\u00f1ola se ha portado de forma ejemplar, haya habido un grupillo que haya querido emborronar esta causa. <\/p>\n<p>P.- \u00bfCree Vd. que ya no hay que investigar ninguna l\u00ednea que conduzca a ETA como coautora o inductora en alg\u00fan grado?<\/p>\n<p>R.- Tengo plena confianza en los Cuerpos y Fuerzas de Seguridad del Estado, y ellos son los que decidir\u00e1n si hay que investigar alguna v\u00eda nueva, si hay alg\u00fan indicio para investigar la participaci\u00f3n de ETA o de cualquier otro grupo. Tengo plena confianza en los Cuerpos y Fuerzas de Seguridad del Estado y creo que, independientemente del partido que nos gobierne, su actuaci\u00f3n va a seguir siendo ejemplar. <\/p>\n<p>P.- \u00bfCu\u00e1l crees que es la principal parte de la sentencia? Yo creo, como estoy viendo que cree la mayor\u00eda, que los supuestos autores intelectuales del 11M sobre los que tanto se ha hablado han sido absueltos. No sabemos qui\u00e9nes son.<\/p>\n<p>R.- En toda sentencia, siempre pueden quedar hilos sueltos. La parte principal es que se ha realizado un juicio y una sentencia que era absolutamente impensable hace poco tiempo, hace cuatro a\u00f1os. Hoy es un gran d\u00eda para la justicia y la sociedad espa\u00f1ola, independientemente del partido que gobierne. Lo m\u00e1s importante para todos es saber que nuestra Justicia funciona. <\/p>\n<p>P.- Buenas tardes me gustar\u00eda saber su opini\u00f3n sobre los a\u00f1os que se les ha puesto de condena , si sabemos que no van a cumplir mas de 35 a\u00f1os y si est\u00e1 de acuerdo con que en estos casos existiera la cadena perpetua. Gracias.<\/p>\n<p>R.- No. A lo que m\u00e1s miedo tengo es a la c\u00e1rcel, a perder la libertad. Yo lamento que unas personas nos hayan destrozado la vida y se hayan destrozado la vida a s\u00ed mismo, ese es un aprendizaje que deber\u00eda tener cualquiera: la violencia s\u00f3lo destruye vidas e ilusiones. No me satisface nada ver c\u00f3mo un ser humano destruye su vida en la c\u00e1rcel. Yo no voy a recuperar mi vida y las personas que han perdido un hijo no lo van a recuperar aunque estas personas est\u00e9n 200 a\u00f1os en la c\u00e1rcel. Lo que tenemos que hacer calar en nuestra sociedad es que, mediante la violencia, no se consigue nada. <\/p>\n<p>P.- \u00bfQu\u00e9 opini\u00f3n le merece la actuaci\u00f3n durante el proceso del juicio fallado hoy, antes y despu\u00e9s del mismo, as\u00ed como en general, realizada por la Oficina de Apoyo a las v\u00edctimas del terrorismo del Ministerio del Interior? \u00bfY c\u00f3mo ve su funci\u00f3n con respecto a su asociaci\u00f3n y a las dem\u00e1s? \u00bfConsidera necesaria y eficaz su existencia? Gracias.<\/p>\n<p>R.- La Oficina de Atenci\u00f3n a las V\u00edctimas ha realizado y realiza una importante labor de apoyo y asesoramiento a las v\u00edctimas. Si antes el se\u00f1or Peces-Barba realiz\u00f3 una importante funci\u00f3n, ahora la Oficina de Atenci\u00f3n a las V\u00edctimas cumple una funci\u00f3n importante y es fundamental tener un lugar donde acudir y que asesore. Es posible que se pudiera mejorar la atenci\u00f3n y hacer nuevos proyectos, pero creo que la Oficina est\u00e1 funcionando muy bien. <\/p>\n<p>P.- Estimado se\u00f1or. Le escribo desde Inglaterra, donde el juicio por los atentados de Al Quaeda en Londres se celebr\u00f3 hace ya bastante tiempo. Que un juicio as\u00ed concluya casi cuatro a\u00f1os despu\u00e9s de los hechos \u00bfno es excesivamente cruel para las v\u00edctimas y sus familias? <\/p>\n<p>R.- Ha sido muy duro, muy largo, pero la Justicia es lenta. Lo m\u00e1s importnte de todo es que los terroristas sepan que en Espa\u00f1a la Justicia persigue a los delicuentes, se les sienta en el banquillo y las leyes se aplican con rigor y que el peso de la ley recae sobre todo aquel que la infringe. <\/p>\n<p>P.- Buenas tardes. Conocida la sentencia, \u00bfcu\u00e1l espera que sea ahora el discurso del Partido Popular? Muchas gracias<\/p>\n<p>R.- Lo desconozco. En cualquier caso, ser\u00eda bueno para todos que admitiese el fallo del jurado, que admitiese su responsabilidad en los a\u00f1os de gobierno, y esto incluso le honrar\u00eda ante todos los ciudadanos espa\u00f1oles. Admitir que se pudieron cometer errores ser\u00eda un acto de honradez que los ciudadanos sabr\u00edan premiar como conviene. <\/p>\n<p>P.- \u00bfQu\u00e9 la parece que exculpen a 8 de los imputados? \u00bfVan a presentar recursos?<\/p>\n<p>R.- Lo primero que vamos a hacer es leer detenidamente la sentencia con todos nuestros juristas y, posteriormente, examinaremos si conviene presentar recurso. En principio, nuestros abogados se inclinaban por presentar recurso pero, por una cuesti\u00f3n de respeto a los jueces, lo primero que haremos es leerla con detenimiento y despu\u00e9s sacar las conclusiones. <\/p>\n<p>P.- \u00bfNo le parece una groser\u00eda que se trate a los terroristas de &#8220;autores intelectuales&#8221;? \u00bfCon el uso de esta expresi\u00f3n no se est\u00e1 sobrevalorando a estos asesinos?<\/p>\n<p>R.- Creo que, para asesinar a alguien, el nivel intelectual debe ser muy bajo. En el fondo es qui\u00e9n est\u00e1 detr\u00e1s econ\u00f3micamente de estos atentados. Es posible que no sepamos finalmente qui\u00e9n ha financiado la operaci\u00f3n, pero hemos conocido la mayor parte de los datos, los jueces han considerado que hay base suficiente para imponer una sentencia y nosotros estamos muy orgullosos de que as\u00ed haya sido. <\/p>\n<p>P.- Buenas tardes, D. Jes\u00fas. Reciba usted el apoyo y calor de todos los espa\u00f1oles, en este d\u00eda tan importante. \u00bfEntiende vd. que el Tribunal ha profundizado suficientemente en la investigaci\u00f3n de los puntos m\u00e1s oscuros y contraditorios del sumario? \u00bfQu\u00e9 significa que la sentencia no se\u00f1ale autor\u00eda intelectual alguna? Espero sus respuestas, aunque estas sean a vuela pluma, pues a\u00fan hay que leer la letra peque\u00f1a de la sentencia para ver la solidez de los fundamentos. <\/p>\n<p>R.- Los jueces han investigado profundamente este atentado. Ten\u00edan multitud de datos, incluso algunos que hoy no ha podido leer. Queremos pensar que contaba con todos los datos suficientes para dictar sentencia. Lo que hay que pedir ahora es que las Fuerzas de Seguridad del Estado sigan en alerta, porque los grupos islamistas pueden actuar en cualquier momento. Estoy seguro de que la Polic\u00eda est\u00e1 alerta, pero, no obstante, conviene recordarlo. <\/p>\n<p>P.- \u00bfEst\u00e1 satisfecho con la sentencia? Yo no entiendo bien eso de autor intelectual pero en caso que lo hubiese, \u00bfno podr\u00eda ser cualquiera de los que se suicidaron o alguno de los condenados? \u00bfCree que algunos medios seguir\u00e1n con la insistencia de que la autor\u00eda fue de ETA o que al menos particip\u00f3 en los atentados? Gracias.<\/p>\n<p>R.- Hay una cuesti\u00f3n pol\u00edtica de fondo, en la que las v\u00edctimas no podemos ni debemos entrar. No s\u00e9 qu\u00e9 tipo de acutaci\u00f3n seguir\u00e1 el Pratido Popular ni los grupos que han dirigido esta mal\u00e9vola teor\u00eda de la conspiraci\u00f3n. No s\u00e9 a qui\u00e9n beneficia, no entiendo qui\u00e9n sale beneficiado degradando a las Fuerzas y Cuerpos de Seguridad del Estado y a los organimos que han trabajado por capturar a los culpables. <\/p>\n","protected":false},"excerpt":{"rendered":"<p>Coincidiendo con la sentencia del jucio a los imputados por el atentado terrorista m\u00e1s sangriento de la historia de Espa\u00f1a, el vicepresidente de la Asociaci\u00f3n 11-M Afectados por el Terrorismo ha charlado con nuestros lectores sobre la resoluci\u00f3n.<\/p>\n","protected":false},"author":1,"featured_media":0,"comment_status":"open","ping_status":"open","sticky":false,"template":"","format":"standard","meta":{"footnotes":""},"categories":[],"tags":[],"class_list":["post-1449","post","type-post","status-publish","format-standard","hentry"],"_links":{"self":[{"href":"https:\/\/intervius.com\/index.html\/wp-json\/wp\/v2\/posts\/1449","targetHints":{"allow":["GET"]}}],"collection":[{"href":"https:\/\/intervius.com\/index.html\/wp-json\/wp\/v2\/posts"}],"about":[{"href":"https:\/\/intervius.com\/index.html\/wp-json\/wp\/v2\/types\/post"}],"author":[{"embeddable":true,"href":"https:\/\/intervius.com\/index.html\/wp-json\/wp\/v2\/users\/1"}],"replies":[{"embeddable":true,"href":"https:\/\/intervius.com\/index.html\/wp-json\/wp\/v2\/comments?post=1449"}],"version-history":[{"count":0,"href":"https:\/\/intervius.com\/index.html\/wp-json\/wp\/v2\/posts\/1449\/revisions"}],"wp:attachment":[{"href":"https:\/\/intervius.com\/index.html\/wp-json\/wp\/v2\/media?parent=1449"}],"wp:term":[{"taxonomy":"category","embeddable":true,"href":"https:\/\/intervius.com\/index.html\/wp-json\/wp\/v2\/categories?post=1449"},{"taxonomy":"post_tag","embeddable":true,"href":"https:\/\/intervius.com\/index.html\/wp-json\/wp\/v2\/tags?post=1449"}],"curies":[{"name":"wp","href":"https:\/\/api.w.org\/{rel}","templated":true}]}}