{"id":1429,"date":"2007-10-29T00:00:00","date_gmt":"2006-11-06T00:00:00","guid":{"rendered":"https:\/\/intervius.com\/index.html\/?p=1429"},"modified":"2006-11-06T00:00:00","modified_gmt":"2006-11-06T00:00:00","slug":"Albert_Riera1429","status":"publish","type":"post","link":"https:\/\/intervius.com\/index.html\/Albert_Riera1429\/","title":{"rendered":"Albert Riera"},"content":{"rendered":"<p>Pregunta.- Primero felicidades por todo lo que has logrado. Me gustar\u00eda saber cu\u00e1l es tu reto para esta temporada<\/p>\n<p>Respuesta.- Hola, buenas tardes. Gracias por tus palabras. No me suelo poner retos individuales. Creo que el equipo est\u00e1 en un buen momento y que hemos de aprovecharlo. El otro d\u00eda, despu\u00e9s de mi debut con la selecci\u00f3n, dije que me gustar\u00eda volver, aunque s\u00e9 que para eso tendr\u00e9 que trabajar cada d\u00eda en el Espanyol.<\/p>\n<p>P.- \u00bfQu\u00e9 etapa est\u00e1s viviendo en el Espanyol?<\/p>\n<p>R.- Realmente es una buena etapa. El a\u00f1o pasado lo hicimos muy bien en la Copa de la UEFA y el equipo demostr\u00f3 que es competitivo y ambicioso. Esta temporada mantenemos la misma l\u00ednea y pr\u00e1cticamente el mismo bloque y esperamos hacerlo bien tanto en la Liga como en la Copa del Rey.<\/p>\n<p>P.- Hola Albert, felicidades por estos dos a\u00f1os que llevas aqu\u00ed. \u00bfCrees que este equipo tiene l\u00edmite? \u00bfPodemos so\u00f1ar con cosas grandes? Espero que te quedes, y hagas de nuestro Espanyol un club grande.<\/p>\n<p>R.- Gracias por tus palabras. Creo que este equipo tiene cosas muy buenas, como la ambici\u00f3n, las ganas que demuestra y la juventud del equipo. Nosotros no nos ponemos un tope. So\u00f1amos siempre con ganar cada partido, aunque tambi\u00e9n sabemos que hay que ir paso a paso y trabajar con humildad. <\/p>\n<p>P.- Sr Riera, \u00bfcree usted que el Espanyol, con el nuevo estadio, podr\u00e1 convertise, definitivamente, en un grande del f\u00fatbol espa\u00f1ol?<\/p>\n<p>R.- El Espanyol est\u00e1 en un gran momento tanto deportivo como social. Todos estamos muy esperanzados ante la etapa que se abre. El nuevo estadio es un sue\u00f1o para todos, tanto jugadores y t\u00e9cnicos, como socios. Es un deseo que se har\u00e1 realidad muy pronto y que, todo apunta a que beneficiar\u00e1 al club tanto en el n\u00famero de abonados como la explotaci\u00f3n del campo.<\/p>\n<p>P.- Si te dieran a elegir entre jugar en el R.Madrid o el Barca, \u00bfen qu\u00e9 equipo jugar\u00edas? No vale decir el Espa\u00f1ol.<\/p>\n<p>R.- S\u00ed vale: al Espanyol<\/p>\n<p>P.- Como aficionado de Manchester City, yo s\u00e9 que tienes el talento necesario para jugar y ser exitoso en Inglaterra. En el futuro, \u00bfte gustar\u00eda jugar otra vez en un pa\u00eds extranjero? \u00a1Gracias por el gol incre\u00edble contra Newcastle en casa!<\/p>\n<p>R.- Me gustar\u00eda volver a Inglaterra. RFue una etapa muy buena para m\u00ed y en la que me sent\u00ed muy seguro. En cuanto al gol que dices, realmente fue espectacular porque lleg\u00f3 de un chut despu\u00e9s de un rechace. Lo recuerdo perfectamente y es uno de los m\u00e1s llamativos que he logrado. <\/p>\n<p>P.- \u00bfCu\u00e1l es la mejor baza del extremo? \u00bfLa velocidad? \u00bfLa fuerza? \u00bfLa t\u00e9cnica en el uno contra uno? \u00bfLa capacidad de centrar? <\/p>\n<p>R.- En un extremo se deben juntar muchas cosas. Se necesita velocidad, capacidad de superar un uno contra uno, centrar con precisi\u00f3n. No es una cosa concreta, sino tomar muchas decisiones en poco tiempo para lograr ventajas para tu equipo. <\/p>\n<p>P.- Mi nombre es Cristina, soy mallorquina y te he visto jugar con el Mallorca, con el Girondins, etc. Cuando le\u00ed que te ibas de la isla pens\u00e9 que era imposible reservar una joya como tu s\u00f3lo para el vestuario &#8220;vermell\u00f3n&#8221; y me entristec\u00ed por no poder verte m\u00e1s sobre el campo de Son Moix. Despu\u00e9s de tanto tiempo, \u00bfqu\u00e9 te queda del Mallorca y de esa afici\u00f3n que tanto te aplaudi\u00f3 cuando ganasteis la Copa del Rey? \u00bfQu\u00e9 es lo que m\u00e1s echas de menos de tu tierra? Amunt Riera!!<\/p>\n<p>R.- Hola Cristina. Son cosas del f\u00fatbol. Ya lo sabes. Soy de Mallorca y mallorqu\u00edn. Me acuerdo de todo lo bueno que he pasado en ese equipo y del cari\u00f1o que me ha dado siempre la gente. Siempre he dicho que me gustar\u00eda terminar all\u00ed mi carrera, pero eso nunca se sabe&#8230;<\/p>\n<p>P.- \u00bfMotiva m\u00e1s jugar contra el Bar\u00e7a en el Camp Nou o en el campo del Espanyol?\u00bfPor qu\u00e9?<\/p>\n<p>R.- Lo que motiva siempre es jugar. No importa tanto el escenario, pero es evidente que, en este caso, me quedo con jugar en Montjuic, que es mi estadio y donde el equipo nota el calor y el apoyo de la afici\u00f3n.<\/p>\n<p>P.- \u00bfA qu\u00e9 edad empezaste a jugar al f\u00fatbol? \u00bfTe ha sido muy dif\u00edcil llegar a un equipo profesional?<\/p>\n<p>R.- Creo que comenc\u00e9 a jugar en cuanto comenc\u00e9 a caminar. No lo recuerdo. Desde siempre me he visto con una pelota en los pies. En cuanto a si es dif\u00edcil o no, yo dir\u00eda que hay momentos de todo tipo. Los hay buenos y malos, complicados y otros m\u00e1s f\u00e1ciles, pero de lo que se trata siempre es de mantener la confianza en tus posibilidades y no rendirte nunca.<\/p>\n<p>P.- Hola Albert!! \u00bfC\u00f3mo te pareci\u00f3 tu experiencia en el f\u00fatbol ingl\u00e9s? \u00bfCrees que es un f\u00fatbol que te conviene o prefieres el f\u00fatbol espa\u00f1ol? Gracias crack<\/p>\n<p>R.- Hola Lucas. Ya he contestato antes que guardo un gran recuerdo de mi etapa en Inglaterra, aunque fue s\u00f3lo de unos meses. No tengo preferencias en cuanto a una Liga u otra. las dos son muy fuertes, muy r\u00e1pidas, muy competitivas. Posiblemente en Inglaterra se juega de una forma m\u00e1s f\u00edsica, pero eso te obliga a pensar y ejecutar las acciones m\u00e1s r\u00e1pidamente.<\/p>\n<p>P.- Hola Albert, siempre cre\u00ed en tu juego, y segu\u00ed tu estancia en Burdeos, me alegra que hayas vuelto a Espa\u00f1a y rindas al m\u00e1ximo nivel. \u00bfQu\u00e9 se siente al volver y ser querido por tu afici\u00f3n y ser aclamado por el pa\u00eds entero? Por cierto, otra pregunta, \u00e9sta no relacionada contigo. \u00bfQu\u00e9 es de tu hermano Sito Riera? \u00bfSigue en la disciplina del Bar\u00e7a o est\u00e1 en otro equipo? Espero que tambi\u00e9n le vaya muy bien. Saludos desde Murcia,<\/p>\n<p>R.- Me siento muy satisfecho por c\u00f3mo me est\u00e1n saliendo las cosas hasta ahora. Creo que se lo debo al buen nivel del equipo y al trabajo que se est\u00e1 haciendo. Adem\u00e1s tuve la suerte de debutar con la selecci\u00f3n con un gol importante y eso ha magnificado las cosas. En cuanto a mi hermano, est\u00e1 ahora en el filial del Espanyol. Juega con ellos y algunos d\u00edas entrena con el primer equipo, como ha sucedido hoy.<\/p>\n<p>P.- Hola crack quer\u00eda saber unas cosas \u00bfQu\u00e9 es lo que piensas antes de un partido? \u00bfNo te pones nervioso? Y por \u00faltimo\u00bfqu\u00e9 consejo le dar\u00edas a un chaval de 14 a\u00f1os para que mejore? Un saludo tu admirador jaimekssss<\/p>\n<p>R.- Uno siempre sale al campo concentrado y confiado en hacer unbuen partido. Eso es lo que toca. No puede haber nervios, ni miedo, ni desconfianza. A cualquier chaval s\u00f3lo le puedo decir que no se rinda, que trabaje con ilusi\u00f3n y con ganas y, si tiene talento, tranquilo que todo llegar\u00e1 m\u00e1s f\u00e1cil, pero que no se rinda.<\/p>\n<p>P.- Hola Albert. Enhorabuena por tu trayectoria (\u00a1\u00a1que dure mucho!!) y por tu debut contra Dinamarca. \u00bfQu\u00e9 crees que le falta a la Selecci\u00f3n para lograr un buen papel en un campeonato y consolidarse a la altura de otros equipos europeos como Francia, Portugal o Italia? \u00bfEs que los jugadores espa\u00f1oles no son competitivos? \u00bfPor qu\u00e9 f\u00edsicamente somos, como conjunto, inferiores a casi cualquier selecci\u00f3n? Gracias y mucha suerte \ud83d\ude42<\/p>\n<p>R.- Muchas gracias. Yo creo que tenemos muchos jugadores y de mucha calidad como para poder optar a todo. Sin embargo, a la selecci\u00f3n le falta ganar un t\u00edtulo para coger confianza. Es algo que notamos todos, que sabemos que podemos competir al m\u00e1ximo nivel con otras selecciones tan importantes como las que citas, pero nos falta ese punto de confianza necesario en este tipo de partidos.<\/p>\n<p>P.- \u00bfCu\u00e1l crees que fue tu mejor momento futbol\u00edstico, aparte de debutar con la selecci\u00f3n?<\/p>\n<p>R.- Tengo varios momentos que recuerdo con mucho cari\u00f1o. Por un lado el debut con la selecci\u00f3n, como has dicho, pero tambi\u00e9n la Copa del Rey que logr\u00e9 en el 2003 con el Mallorca y la final del a\u00f1o pasado en la Copa de la UEFA. Fue un partido extraordinario y que me ha llenado mucho a nivel personal.<\/p>\n<p>P.- \u00bfC\u00f3mo te sentiste al debutar con la selecci\u00f3n espa\u00f1ola?<\/p>\n<p>R.- Muy feliz. Ya dije en cuanto se supo la convocatoria que me hac\u00eda mucha ilusi\u00f3n y que era otro paso m\u00e1s en mi carrera profesional. Ahora s\u00f3lo espero tener m\u00e1s oportunidades, aunque s\u00e9 que para eso tengo que tener suerte y seguir trabajando a tope en el Espanyol porque hay jugadores muy importantes en otros equipos de la Liga.<\/p>\n<p>P.- \u00bfHa sacrificado muchas cosas por el f\u00fatbol?<\/p>\n<p>R.- Es una profesi\u00f3n complicada porque tienes que renunciar a muchas cosas cuando eres joven. Siempre se ha dicho que hay que aprovechar el tiempo al m\u00e1ximo y que tienes que tratar de conciliar este trabajo con la vida familiar, pero no es f\u00e1cil.<\/p>\n<p>P.- Hola Albert! Parece que eres el chico de moda en el f\u00fatbol espa\u00f1ol&#8230; \u00bfTe gusta que te hayan subido a un pedestal (muy merecidamente, por cierto)? \u00bfNo te da cierto miedo y m\u00e1s responsabilidades ahora que la gente est\u00e1 m\u00e1s pendiente de ti?<\/p>\n<p>R.- No me gusta eso de chico de moda, ni esas cosas, aunque s\u00e9 que es lo primero que se dice. De todas formas, no es que ahora tenga m\u00e1s responsabiliadades, sino que he llegado a un nivel que me obliga a esforzarme mucho m\u00e1s y a ser m\u00e1s regular en mi juego.<\/p>\n<p>P.- Albert, felicidades por este inicio de campa\u00f1a. \u00bfPensabas antes de empezar la temporada que ibas a tener (al igual que tu equipo) este gran momento en el que est\u00e1s?<\/p>\n<p>R.- Gracias por tus palabras. Ya he dicho antes que el Espanyol lleva una buena l\u00ednea desde el a\u00f1o pasado y todos confi\u00e1bamos en que esta temporada podr\u00eda repetirse. De todas formas, es muy pronto para hacer un balance de la situaci\u00f3n del equipo porque, ni antes \u00e9ramos tan malos al prinicipio de la Liga ni ahora somos tan extraordinarios.<\/p>\n<p>P.- Hola crack (no es peloteo) Quer\u00eda hacerte dos preguntas 1. \u00bfQu\u00e9 sentiste al marcar el gol con la selecci\u00f3n? 2. Se te ha vinculado con otros clubs m\u00e1s &#8220;grandes&#8221; (aunque qu\u00e9 hay m\u00e1s grande que nuestro Espanyol). \u00bfTienes pensado cambiar de aires? Saludos<\/p>\n<p>R.- 1.- Una gran alegr\u00eda. Es el debut deseado. Todo el mundo sue\u00f1a con debutar y tener un protagonismo especial ese d\u00eda. Yo tuve la suerte de marcar en la recta final del partido y de sentenciar una victoria muy importante. Y 2.- No es que yo quiera cambiar de aires. Tengo contrato en vigor, he renovado esta temporada y no es algo que me plantee, pero en estos temas tambi\u00e9n interviene el club que tiene mis derechos y, si lo hubiera, el posible comprador. Todas las partes tendr\u00edan que ponerse de acuerdo, lo que no es nada f\u00e1cil. As\u00ed que no pensemos en eso.<\/p>\n","protected":false},"excerpt":{"rendered":"<p>La \u00faltima sensaci\u00f3n del f\u00fatbol espa\u00f1ol ha charlado con nuestros lectores sobre su espectacular debut con la selecci\u00f3n espa\u00f1ola y su gran momento de forma con el Espanyol. <\/p>\n","protected":false},"author":1,"featured_media":0,"comment_status":"open","ping_status":"open","sticky":false,"template":"","format":"standard","meta":{"footnotes":""},"categories":[],"tags":[],"class_list":["post-1429","post","type-post","status-publish","format-standard","hentry"],"_links":{"self":[{"href":"https:\/\/intervius.com\/index.html\/wp-json\/wp\/v2\/posts\/1429","targetHints":{"allow":["GET"]}}],"collection":[{"href":"https:\/\/intervius.com\/index.html\/wp-json\/wp\/v2\/posts"}],"about":[{"href":"https:\/\/intervius.com\/index.html\/wp-json\/wp\/v2\/types\/post"}],"author":[{"embeddable":true,"href":"https:\/\/intervius.com\/index.html\/wp-json\/wp\/v2\/users\/1"}],"replies":[{"embeddable":true,"href":"https:\/\/intervius.com\/index.html\/wp-json\/wp\/v2\/comments?post=1429"}],"version-history":[{"count":0,"href":"https:\/\/intervius.com\/index.html\/wp-json\/wp\/v2\/posts\/1429\/revisions"}],"wp:attachment":[{"href":"https:\/\/intervius.com\/index.html\/wp-json\/wp\/v2\/media?parent=1429"}],"wp:term":[{"taxonomy":"category","embeddable":true,"href":"https:\/\/intervius.com\/index.html\/wp-json\/wp\/v2\/categories?post=1429"},{"taxonomy":"post_tag","embeddable":true,"href":"https:\/\/intervius.com\/index.html\/wp-json\/wp\/v2\/tags?post=1429"}],"curies":[{"name":"wp","href":"https:\/\/api.w.org\/{rel}","templated":true}]}}