{"id":1423,"date":"2007-10-22T00:00:00","date_gmt":"2006-11-06T00:00:00","guid":{"rendered":"https:\/\/intervius.com\/index.html\/?p=1423"},"modified":"2006-11-06T00:00:00","modified_gmt":"2006-11-06T00:00:00","slug":"Alfredo_Relano1423","status":"publish","type":"post","link":"https:\/\/intervius.com\/index.html\/Alfredo_Relano1423\/","title":{"rendered":"Alfredo Rela\u00f1o"},"content":{"rendered":"<p>Pregunta.- \u00bfQu\u00e9 opina de todo lo ocurrido en F1? \u00bfA donde cree que ir\u00e1 Alonso el pr\u00f3ximo a\u00f1o?<\/p>\n<p>Respuesta.- Creo que ha habido clara predilecci\u00f3n por Hamilton, tanto por parte de su equipo como por la de la FIA. Por lo que veo, me parece que la salida m\u00e1s razonable que puede tener ahora mismo Alonso es Renault, pero fijar sus condiciones de salida de McLaren ser\u00e1 dif\u00edcil.<\/p>\n<p>P.- Muy estimado Sr. Relano \u00bfque opina de la gestion del presidente del Real Madrid, Ramon Calderon?<\/p>\n<p>R.- Esperaba m\u00e1s. Est\u00e1 gastando mucho dinero (cien millones por a\u00f1o) y no lice tanto. No ha arreglado el problema m\u00e9dico, que es grave. El Madrid sigue fichando jugadores lesionados. (Vea a Pepe y Robben, 66 millones entre los dos). No ha sido capaz de traer ning\u00fan primera figura (Kak\u00e1). Pero aprecio su gusto por el buen f\u00fatbol, y me pareci\u00f3 valiente hasta lo temerario al cambiar a Capello por Schuster. <\/p>\n<p>P.- Don alfredo \u00bfPuede ser el Real Murcia un equipo de primera con esta plantilla?<\/p>\n<p>R.- Hombre, est\u00e1 el duod\u00e9cimo despu\u00e9s de ocho jornadas, \u00bfno? Eso quiere decir que da el nivel. La plantilla a mi juicio est\u00e1 bien, aunque, como casi todas, tiene el riesgo de la concentraci\u00f3n de lesiones en alg\u00fan puesto concreto.<\/p>\n<p>P.- \u00bfEs Schuster culpable del mal juego del Madrid? Poca gente discrepa del once que elige, sin embargo el rendimiento es pobre. Gracias <\/p>\n<p>R.- Creo que lo que pasa en el Madrid es que Sneijder se ha venido un poco abajo. Los halagos del principio le sobrerresponsabilizaron y anda agobiado. Por ah\u00ed se ha esfumado el buen juego de los primeros d\u00edas.<\/p>\n<p>P.- A mi me gustaria que me dijera de que equipo de futbol es usted. O al menos, si eso no puede ser pues respondame a esta \u00bfa que equipo es al que tiene mas cari\u00f1o? un saludo y gracias<\/p>\n<p>R.- Al Madrid. Soy madrile\u00f1o nacido en los cincuenta, cuando las glorias de Di St\u00e9fano. Pero el tiempo y la proximidad con los protagonistas te hacen sentir el f\u00fatbol de otra manera.<\/p>\n<p>P.- \u00bfQuerido Rela\u00f1o,no crees q la Fifa,la Uefa y las federaciones de cada pais tenian q hacer algo para q al futbol no se jugara es estadios con pistas de atletismo? Es una estafa para el hincha q paga su entrada. Un abrazo desde salamanca.<\/p>\n<p>R.- Es un poco inevitable, porque con frecuencia cada vez que hay que hacer un campo nuevo se incluye pista de atletismo. Los poderes pol\u00edticos, incl\u00fa\u00eddos los de Espa\u00f1a, se sienten m\u00e1s justificados al pagar un campo nuevo si se le rodea de una pista, sin pensar si es necesaria para algo. Incluso la FIFA ha establecido como tama\u00f1o reglamentario para partidos internacionales el del rect\u00e1ngulo que se inscribe dentro de una pista de atletismo. <\/p>\n<p>P.- \u00bfCree que Florentino puede volver a presentarse a la presidencia del Madrid si las cosas se tuercen como parece?<\/p>\n<p>R.- Creo que est\u00e1 rabiando por presentarse, y hasta me gustar\u00eda que lo hiciese. Y que ganara, si es que nos encontramos al de los primeros tres a\u00f1os, no al de los \u00faltimos tres a\u00f1os. Supongo que habr\u00e1 aprendido de lo que hizo mal. Y tiene una categor\u00eda impresionante.<\/p>\n<p>P.- \u00bfNo cree que Rira no es un jugador para el madrid,teniendo a gente como Drenthe o Robben?<\/p>\n<p>R.- Pues la verdad es que ahora mismo me gusta m\u00e1s Riera.<\/p>\n<p>P.- \u00bfNo crees que Cannavaro es el peor de los centrales del real madrid y con diferencia?<\/p>\n<p>R.- Me espanta Cannavaro. Su maniobra en el gol de Tamudo es extravagante. En cada partido regala un par de ocasiones al rival. Hizo un Mundial soberbio, desde luego, pero aqu\u00ed no se ha centrado. Es incre\u00edble, pero es as\u00ed.<\/p>\n<p>P.- buenas tardes don alfredo felicitaciones por su espacio en el AS lo leo a diario, bueno la pregunta es: \u00bfha cambiado algo el madrid de Schuster con respecto al de Capello? \u00bf por que con capello se jugaba poco vistozo pero se ganaba y con Schuster me temo que no es asi? gracias<\/p>\n<p>R.- Ha cambiado en la intenc\u00ed\u00f3n de juego, que es m\u00e1s ofensiva. Llega m\u00e1s y tira m\u00e1s a puerta (a salvo de Montju\u00efc, donde hizo un partido horrible). Y los resultados tampoco son malos.<\/p>\n<p>P.- \u00bfQu\u00e9 deber\u00eda hacer el Real Madrid con Gago? \u00bfVenderlo? \u00bfCederlo? \u00bfAlinearlo? Muchas Gracias<\/p>\n<p>R.- Esperar a que se le pase la ansiedad y se centre. Yo creo que es bueno, aunque le falta ritmo para este f\u00fatbol.<\/p>\n<p>P.- SR Rela\u00f1o, hola y primera mi admiraci\u00f3n \u00bfCree Ud. que es \u00e9tico que un presidente del R.Madrid se gaste 14 millones de los socios, en el capricho de traer otro entrenador, cuando el anterior hab\u00eda cumplido con lo m\u00ednimo exigido de sobra? Yo no veo la exelencia \u00bfDeber\u00eda pagar RC los 14 millones de su bolsillo, en vez de la de los socios por un capircho suyo? Gracias, 1 abrazo<\/p>\n<p>R.- No creo que fuera un capricho suyo, honestamente. Creo que la gran mayor\u00eda de los socios no gustaba del f\u00fatbol de Capello. De hecho, no hubo reclamaciones a favor de \u00e9l el \u00faltimo d\u00eda, cuando el Alir\u00f3n, ni en el Bernab\u00e9u ni en Cibeles. Creo que Calder\u00f3n ha tomado un riesgo por complacer al socio. En cuanto al derroche, es verdad que lo es. El f\u00fatbol hace esas cosas frecuentemente. No mira el dinero.<\/p>\n<p>P.- \u00bfPara usted a que nivel colocar\u00eda a Ronaldinho es el escalaf\u00f3n (5,10,15,20 mejores) de los mejores de la historia? \u00bfY a Zidane?<\/p>\n<p>R.- Para m\u00ed hay tres mejores que cualesquiera otros: Di St\u00e9fano, Pel\u00e9 y Maradona. Luego hay una gran segunda clase en la que entrar\u00edan esos dos junto a Puskas, Cruyff, Garrincha, Bobby Charlton, Eusebio, Platini&#8230; Es decir, les colocar\u00eda en alg\u00fan puesto entre el cuatro y el veinte. Para precisar m\u00e1s, en torno al diez.<\/p>\n<p>P.- El Real Madrid siempre esta en continuo debate por su aparente fragilidad y su permanente necesidad de buscar una identidad de jogo bonito&#8230; \u00bfCu\u00e1ndo crees que el Real Madrid sera esa maquina inapelable?<\/p>\n<p>R.- Cuando la media responda. Si Diarra recupera su enorme fuerza (el Ramad\u00e1n le parti\u00f3) y Sneijder su confianza. Con ellos y Guti el Madrid puede andar bien. Lo malo es que no hay reserva claro para ninguno de ellos.<\/p>\n<p>P.- \u00bfPor qu\u00e9 no se lleva a Victor Vald\u00e9s a la selecci\u00f3n?<\/p>\n<p>R.- Luis me coment\u00f3 un d\u00eda que le ve\u00eda muy crecido con los pies. Que cuando le llegaba el bal\u00f3n a la bota arriesgaba, porque admiraba mucho a Busquets y aprendi\u00f3 en esa escuela. Eso es lo que le ha pospuesto. A m\u00ed es un portero que me gusta mucho.<\/p>\n<p>P.- Hola Alfredo, le pregunto su opini\u00f3n sobre lo acontecido en el Cadiz CF, y si piensas que Arturo Baldasano est\u00e1 obrando correctamente. Gracias<\/p>\n<p>R.- No puedo leer los n\u00fameros, pero en principio me parece que Baldasano ha obrado muy mal.<\/p>\n<p>P.- \u00bfQue opini\u00f3n le merece la labor de Unay Emery al frente del Almeria, y lo hecho hasta ahora por el equipo?<\/p>\n<p>R.- Me gusta mucho. Me parece una parici\u00f3n muy interesante en nuestro f\u00fatbol, en la l\u00ednea de los Marcelino, Mendil\u00edbar&#8230; Una l\u00ednea que naci\u00f3 en Lucas Alcaraz. Tipos humildes, que no llegaron a grandes jugadores que son estudiosos, pero sin el aire empalagosamente profesoral de la quinta de Benito Floro, Manzano, V\u00e1zquez&#8230;<\/p>\n<p>P.- \u00bfEs Ronaldo el mejor delantero centro que ha visto Es mejor o peor de la que fue Van Basten?<\/p>\n<p>R.- Ronaldo me pareci\u00f3 mejor que Van Basten. Lo malo es que se abandon\u00f3. Pero lleg\u00f3 a parecer un arma nuclear. Y s\u00ed, es el mejor delantero centro que he visto&#8230; suponiendo que Di St\u00e9fano no fuera delantero centro. Que quiz\u00e1 no lo fuera, o quiz\u00e1 s\u00ed.<\/p>\n<p>P.- \u00bfCree que el Madrid debe vender a Van Nistelroy al final de esta temporada?<\/p>\n<p>R.- No veo la prisa. No tiene ning\u00fan remabio, ni apenas los hay en el mercado.<\/p>\n<p>P.- Buenos d\u00edas, Mr.Rela\u00f1o. \u00bfNo crees que fu\u00e9 un suicidio que Rijkaard jugara con 3 defensas contra el Villareal en el segundo tiempo? \u00bfC\u00f3mo deber\u00eda haber planteado el partido?<\/p>\n<p>R.- El problema de Rijkaard es m\u00e1s bien que todo lo bueno lo tiene por delante y que con Edmilson, Tour\u00e9 y M\u00e1rquez lesionado le cuesta dar equilibrio al equipo. Eso m\u00e1s cierto abandono de discplina que hay en la casa, inyectado un d\u00eda s\u00ed y otro tambi\u00e9n por Ronaldinho. <\/p>\n<p>P.- \u00bfCree que los medios de comunciaci\u00f3n pueden influir en las decisiones t\u00e9cnicas de un entrenador de f\u00fatbol?<\/p>\n<p>R.- No creo. Quiz\u00e1 s\u00ed crearle inseguridad o cierta confusi\u00f3n.<\/p>\n<p>P.- \u00bfGuti merece tanto elogio por parte de tanto periodista ,si cada vez queda mas claro que le falta liderazgo para llevar arriba a este equipo?<\/p>\n<p>R.- Guti es muy buen en su d\u00edas buenos. Aunque es cierto que es un jugador desigual.<\/p>\n<p>P.- \u00bfVe con posibilidades reales al Villarreal de hacer algo importante esta temporada?<\/p>\n<p>R.- Rotundamente, s\u00ed. Puede ser el Sevilla de las dos \u00faltima stemporadas. Ha encajado el 0-5 del Madrid y la crisis Riquelme. Eso indica que hay una fortaleza tremenda en la casa.<\/p>\n<p>P.- \u00bfNo es un poco rid\u00edculo que Ra\u00fal sea nominado al bal\u00f3n de oro cjando lleva 4 a\u00f1os sin hacer practicamente nada, desde aquel desliz del Madrid en M\u00f3naco?<\/p>\n<p>R.- Bueno, alguien le ha visto entre los cincuenta mejores del mundo. Fue protagonista en la reacci\u00f3n del Madrid que acab\u00f3 ganando la Liga. Y la Liga de Espa\u00f1a es la m\u00e1s valorada en el mundo.<\/p>\n<p>P.- \u00bfNo cree que Ra\u00fal impide que jugadores con m\u00e1s vuelo como Higua\u00edn y Robinho se manejen en su verdadera posici\u00f3n?<\/p>\n<p>R.- S\u00ed, eso es as\u00ed. Y me gustar\u00eda ver a Higua\u00edn estable en esa posici\u00f3n. ;e parece un jugador magn\u00edfico.<\/p>\n<p>P.- \u00bfcu\u00e1l crees que ha sido la aparici\u00f3n m\u00e1s interesante del f\u00fatbol espa\u00f1ol en los \u00faltimos tiempos?<\/p>\n<p>R.- Bojan. Va para fen\u00f3meno.<\/p>\n<p>P.- \u00bfquien es y sera mejor para usted,messi o robinho ?<\/p>\n<p>R.- Messi, desde luego. Robinho es m\u00e1s especial, m\u00e1s diferente, pero est\u00e1 dando menos resultado del esperado.<\/p>\n<p>P.- Soy un gran admirador de Alejandro Delm\u00e1s. \u00bfPor qu\u00e9 no escribe \u00e9l m\u00e1s veces de f\u00fatbol? Un saludo.<\/p>\n<p>R.- Bueno, podr\u00eda, desde luego, porque sabe tanto de f\u00fatbol como de cualquier deporte. Quiz\u00e1 porque lo sentimos m\u00e1s necesario en otros deportes. Pero tendr\u00e9 en cuanto su sugerencia.<\/p>\n<p>P.- Buenos d\u00edas, Alfredo. \u00bfcrees que el Madrid fichar\u00e1 en Diciembre? \u00bfno crees que Arteta o Van der Vaart nos vendr\u00edan de perlas? un saludo.<\/p>\n<p>R.- El Madrid tiene veinticinco en la plantilla. Tendr\u00eda que colocar a Balboa y\/0 Soldado para abrir huecos. En ese caso, yo reforzar\u00eda sobre todo el medio campo.<\/p>\n<p>P.- \u00bfPiensa usted de que Ra\u00fal debe ir a la seleccion solo cuando se juegue con potencias futbolisticas?<\/p>\n<p>R.- \u00bfPiensa usted de que Ra\u00fal debe ir a la seleccion solo cuando se juegue con potencias futbolisticas?<\/p>\n<p>P.- hola rela\u00f1o, todo un honor para mi preguntarte por tu opinion, \u00bfqu\u00e9 opinas del valencia? \u00bfLo ves campeon de liga? \u00bfQu\u00e9 te parece el valencia como equipo? Saludos.<\/p>\n<p>R.- Me parece un equipo tremendo, con la pecualiridad de haberse llenado de jugadores espa\u00f1oles. Su \u00fanico enemigo serio es la inaudita divisi\u00f3n que hay en esa casa, en la que parece que siempre hay peleas entre presidente, secretario t\u00e9cnico, entrenador y afiic\u00f3n. Es algo que desde fuera no se consigue entender, porque el equipo no da disgustos, sino lo contrario.<\/p>\n<p>P.- \u00bfQui\u00e9n ser\u00eda seleccionador si lo eligiera usted?<\/p>\n<p>R.- No tengo mucha idea. Me suena bien Del Bosque, aunque le veo extraviado desde que le echaron del Madrid. O Irureta. Tipos con flema.<\/p>\n<p>P.- Hola Alfredo enhorabuena por tu trabajo y sobre todo por los art\u00edculos que publicas cada d\u00eda. Mi pregunta es \u00bfexisten posibilidades reales de que venga Kaka o Cristiano Ronaldo al Madrid?. <\/p>\n<p>R.- Me parece que no. No le veo a Calder\u00f3n con fuelle para traer a ninguno de ellos. El Madrid, hoy por hoy, ha perdido tir\u00f3n.<\/p>\n<p>P.- \u00bfQu\u00e9 le parece este Bar\u00e7a? \u00bfVa a seguir AS llamando al Camp Nou, Bronx Nou? <\/p>\n<p>R.- Hace tiempo que no ponemos lo de Bronx Nou, porque no ha habido motivos. Este Bar\u00e7a me parece que tiene los seis o siete mejores jugadores del campeonato, pero que no ha matado el germen gal\u00e1ctico de la fatuidad y la molicie. Pienso que debi\u00f3 desprenderse de Ronaldinho y no fichar a Henry, y que en ese caso le ir\u00eda mejor. Me temo que Ronaldinho ya es irreconducible y que Henry es un eg\u00f3latra un poco pasado de fecha. <\/p>\n<p>P.- \u00bfQu\u00e9 pasa con Sneijder? Empez\u00f3 la Liga como una m\u00e1quina, y ya no queda nada de ese futbolista&#8230; \u00bfCree usted que la presi\u00f3n ha hundido a este crack o supuesto crack? Gracias por su tiempo&#8230;<\/p>\n<p>R.- Creo que s\u00ed, que es la presi\u00f3n. Eso cuentan desde el club. Ha perdido la frescura. \u00bfVolver\u00e1? Eso no lo s\u00e9.<\/p>\n<p>P.- \u00bfCree que el Betis puede salvarse con esa gran plantilla? \u00bfQue refuerzos haria usted en invierno,no por posicion,digo nombres?<\/p>\n<p>R.- No le veo fuerte. Bien Sobis&#8230; El entrenador no tiene encanto, aunque s\u00ed oficio. Lo veo para salvarse pero aburriendo y sufriendo.<\/p>\n<p>P.- Se\u00f1or Rela\u00f1o, \u00bfno piensa que el Almeria puede ser el equipo revelaci\u00f3n de este a\u00f1o?<\/p>\n<p>R.- Tanto como equipo revelaci\u00f3n&#8230; Pero va a gustar<\/p>\n","protected":false},"excerpt":{"rendered":"<p>Todos los lunes disfruta del an\u00e1lisis de Alfredo Rela\u00f1o. El director de As ha respondido a las dudas y preguntas de los lectores.<\/p>\n","protected":false},"author":1,"featured_media":0,"comment_status":"open","ping_status":"open","sticky":false,"template":"","format":"standard","meta":{"footnotes":""},"categories":[],"tags":[],"class_list":["post-1423","post","type-post","status-publish","format-standard","hentry"],"_links":{"self":[{"href":"https:\/\/intervius.com\/index.html\/wp-json\/wp\/v2\/posts\/1423","targetHints":{"allow":["GET"]}}],"collection":[{"href":"https:\/\/intervius.com\/index.html\/wp-json\/wp\/v2\/posts"}],"about":[{"href":"https:\/\/intervius.com\/index.html\/wp-json\/wp\/v2\/types\/post"}],"author":[{"embeddable":true,"href":"https:\/\/intervius.com\/index.html\/wp-json\/wp\/v2\/users\/1"}],"replies":[{"embeddable":true,"href":"https:\/\/intervius.com\/index.html\/wp-json\/wp\/v2\/comments?post=1423"}],"version-history":[{"count":0,"href":"https:\/\/intervius.com\/index.html\/wp-json\/wp\/v2\/posts\/1423\/revisions"}],"wp:attachment":[{"href":"https:\/\/intervius.com\/index.html\/wp-json\/wp\/v2\/media?parent=1423"}],"wp:term":[{"taxonomy":"category","embeddable":true,"href":"https:\/\/intervius.com\/index.html\/wp-json\/wp\/v2\/categories?post=1423"},{"taxonomy":"post_tag","embeddable":true,"href":"https:\/\/intervius.com\/index.html\/wp-json\/wp\/v2\/tags?post=1423"}],"curies":[{"name":"wp","href":"https:\/\/api.w.org\/{rel}","templated":true}]}}