{"id":1420,"date":"2007-10-25T00:00:00","date_gmt":"2006-11-06T00:00:00","guid":{"rendered":"https:\/\/intervius.com\/index.html\/?p=1420"},"modified":"2006-11-06T00:00:00","modified_gmt":"2006-11-06T00:00:00","slug":"Jorge_Marirrodriga1420","status":"publish","type":"post","link":"https:\/\/intervius.com\/index.html\/Jorge_Marirrodriga1420\/","title":{"rendered":"Jorge Marirrodriga"},"content":{"rendered":"<p>Pregunta.- \u00bfQu\u00e9 opinas de las leyes en muchos pa\u00edses de Sudam\u00e9rica sobre la obligaci\u00f3n de votar? \u00bfEs un derecho o un deber? <\/p>\n<p>Respuesta.- Normalmente en los pa\u00edses donde el voto es obligatorio este hecho se produce por la concepci\u00f3n de que es un deber ciudadano elegir a sus gobernantes. Tan importante o mas que defenderlo con las armas. Es una concepci\u00f3n de base aunque tambi\u00e9n influyen circunstancias hist\u00f3ricas como el evitar que el gobierno quedara en manos de una elite interesada y conocedora de los mecanismos de elecci\u00f3n. Hay otras circunstancias, como el voto separado por sexos (que por ejemplo se da en Argentina y Chile, entre otros pa\u00edses) que se explican como un intento de garantizar \u2013en el momento en que se reconoci\u00f3 el derecho de las mujeres al voto\u2014 que las mujeres votaran libremente y no condicionadas por los hombres.<\/p>\n<p>P.- Hola Jorge! c\u00f3mo es la oposici\u00f3n en Argentina? tan arrastrada y humillante como la de Espa\u00f1a o ellos de veras se interesan pq el pa\u00eds vaya bien y ayudar a quien est\u00e9 gobernando?Gracias<\/p>\n<p>R.- La oposici\u00f3n argentina est\u00e1 muy fraccionada, en el fondo se ha resignado a la victoria del oficialismo y de ninguna manera dispone de una maquinaria pol\u00edtica tan formidable como el es peronismo-kirchnerista. Le dir\u00eda que la gran oposici\u00f3n a Kirchner (\u00e9l o ella, tanto monta, monta tanto) est\u00e1 en aquellos sectores del peronismo enemigos declarados del proyecto presidencial que ambos representan. Y ojo porque en el futuro estos sectores son los que verdaderamente pueden poner en apuros al gobierno Kirchner 2. Del resto, no haya que perder de vista que la gran esperanza del centro-derecha, Mauricio Macri, no compite en estas elecciones y se prepara para pasar ejercer desde diciembre como jefe de Gobierno de la Capital Federal.<\/p>\n<p>P.- Ustedes consideran que las cifras sobre intencion de votos son correctas?<\/p>\n<p>R.- Aunque las encuestas son muy pol\u00e9micas en Argentina, casi todo el mundo tiene la sensaci\u00f3nde que Cristina Fern\u00e1ndez ganar\u00e1 en primera vuelta. Necesita superar el 40% y que su inmediato seguidor quede diez puntos por debajo y eso parece muy probable que suceda el domingo. Tradicionalmente el peronismo tiene un &#8220;suelo electoral&#8221; en torno al 40% y el rival opositor m\u00e1s cercano, Elisa Carri\u00f3, no llega al 20%. Pero, como dice el t\u00f3pico, son las urnas y no las encuestas las que dicen quien gana unas elecciones.<\/p>\n<p>P.- Buenas tardes Jorge. \u00bfNo tienes la sensaci\u00f3n de que al ciudadano medio argentino le falta un poco de autocr\u00edtica?<\/p>\n<p>R.- Buenas tardes. Cr\u00e9ame que no conozco pa\u00eds (y algunos conozco) donde la gente sea tan feroz cuando analiza su propia situaci\u00f3n y la de sus gobernantes. Pero reacciona con id\u00e9ntica ferocidad cuando esa misma cr\u00edtica se produce desde fuera. Yo dir\u00eda que al argentino medio le falta aceptar de boca de extra\u00f1os lo que sale de su propios labios. No es lo m\u00e1s grave. Peor ser\u00eda que no fuera consciente de la realidad que vive. <\/p>\n<p>P.- Hola, soy argentino pero vivo en Espa\u00f1a. Mi pregunta es: Cristina, como el propio Nestor Kirchener, dice ser un gobierno progresista. \u00bfUd cree realmente que lo sea? \u00bfPor qu\u00e9?<\/p>\n<p>R.- Hola. Es que sucede que no comprendo muy bien qu\u00e9 es ser progresista, con perd\u00f3n. Ahora todo el mundo dice que es progresista porque decir lo contrario es una especie de blasfemia del siglo XXI. Chavez dice que es progresista al igual que Bachelet y Kirchner y no se parecen en nada. Si por progresismo entendemos la lucha para que se haga justicia despu\u00e9s de la matanza sistem\u00e1tica perpetrada en este pa\u00eds durante la dictadura, entonces Kirchner es progresista. Si entendemos el respeto al Parlamento o la prensa, pues no lo es.<\/p>\n<p>P.- Jorge, me he quedado con las ganas de saber un poco m\u00e1s del candidato Lavagna. Hiciste el otro d\u00eda una entrevista a Carri\u00f3 pero, salvo que se me haya pasado, no se la has hecho a Lavagna. S\u00e9 por la prensa argentina que es el canditado que apoya Alfons\u00edn.<\/p>\n<p>R.- Hola marta. Hoy mismo aparece en la edici\u00f3n espa\u00f1ola una entrevista con Lavagna, que ayer ya dimos en ELPAIS.com y en edici\u00f3n internacional. Lavagna sostiene que Kirchner ha variado el rumbo que la econom\u00eda argentina llevaba mientras \u00e9l era su ministro y que va camino del desastre. Se declara peronista pero acude con las siglas de la Uni\u00f3n C\u00edvica Radical. Es un candidato que despierta credibilidad en sectores conservadores, entendiendo por conservador a aquellos de hacer pocos experimentos con la econom\u00eda<\/p>\n<p>P.- \u00bfC\u00f3mo valoras el apoyo a la justicia por parte del gobierno, por los cr\u00edmenes cometidos durante la dictadura militar? <\/p>\n<p>R.- Fundamental. Creo que es sin duda el punto m\u00e1s positivo de la gesti\u00f3n de Kirchner.<\/p>\n<p>P.- Cristina Kirchner, a la que se supone triunfadora en los comicios, no ha dado indicios acerca de su politica economica. Piensa Ud. que ser\u00e1 continuista respecto a la actual, y cuales cree que seran los cambios respecto a cotizacion del peso, condiciones laborales o integracion del Mercosur?<\/p>\n<p>R.- Creo que el continuismo o no, vendr\u00e1 dictado por las circuntancias. Habr\u00e1 que ver c\u00f3mo maneja la posible conflictividad laboral ante la paulitana p\u00e9rdida de poder adquisitivo de la clase media y trabajadora por la inflaci\u00f3n. El peso est\u00e1 mantenido muy por debajo de su valor real para facilitar las exportaciones y es muy probable que as\u00ed sea. <\/p>\n<p>P.- \u00bfHa sido dif\u00edcil como corresponsal del pa\u00eds que le atendiera la candidata Kirchner? \u00bfLe han hecho alg\u00fan reportaje que valiera la pena para mostrar a la gente qui\u00e9n en realidad es?<\/p>\n<p>R.- \u00bfDif\u00edcl? Ha sido IM-PO-SI-BLE. La oficina de su portavoz, que casualmente es el mismo que el del presidente Kirchner. ni siquiera pasa las llamadas con alg\u00fan funcionario. Eso s\u00ed. Las secretarias con muy simp\u00e1ticas y educadas. <\/p>\n<p>P.- \u00bfHa acabado por fin la crisis argentina?<\/p>\n<p>R.- Si se refierere a la cat\u00e1strofe de diciembre de 2001, si, aunque sus efectos desde luego no se han borrado. Las cosas que no han vuelto a ser como antes, ni para lo bueno ni para lo malo. No obstante el Gobierno argentino prefiere no dar por superada la crisis (a Kirchner le gusta decir &#8220;hemos salido del infierno pero estamos en el purgatorio&#8221;) para justificar algunas medidas excepcionales como el congelamiento de tarifas.<\/p>\n<p>P.- dos preguntas: C\u00f3mo eval\u00faa la calidad de vida de los extranjeros ( es diferente para los europeos que para los latinoamericanos) que vienen a vivir a la Argentina? C\u00f3mo lo vive usted? Usted cree que, siendo tan grande la cantidad de indecisos en estas elecciones, los resultados puedan ser totalmente distintos a lo que las encuenstas preveen?<\/p>\n<p>R.- Como usted apunta muy bien no es lo mismo ser un extranjero alem\u00e1n que un extranjero boliviano en Argentina. Disculpe que no entre en detalles sobre mi mismo, aunque le apunto que soy un sufrido usuario del subte y el tren. Sobre la cantidad de indecisos es muy dif\u00edcil que todos ellos, o la gran mayor\u00eda, se decanten por una misma opci\u00f3n opositora. Desde luego ser\u00eda una gran sorpresa.<\/p>\n<p>P.- \u00bfQu\u00e9 resultado es el mejor para la econom\u00eda argentina?<\/p>\n<p>R.- La econom\u00eda en general no es una ciencia predecible y la de Argentina en particular, como dir\u00eda Churchill, es un misterio, dentro de un interrogante, envuelto en un enigma. Lo bueno de la campa\u00f1a es que todos se toman la econom\u00eda muy en serio y eso siempre es positivo. Como vecino de Buenos Aires que soy gane quien gane quiero que vaya bien.<\/p>\n<p>P.- \u00bfEs cierto que el gobierno argentino miente con los \u00edndices de inflaci\u00f3n para que los ajustes de los cr\u00e9ditos argentinos sean m\u00e1s bajos? Gracias<\/p>\n<p>R.- Daniel, te lo explicar\u00e9 con un chiste de los tiempos de la URSS. Lenin, Stalin y Breznev viajan por Siberia cuando el tren se detiene. Lenin sale del vag\u00f3n al rato vuelve y dice: &#8220;Camaradas, he nacionalizado el tren, ahora es del pueblo y partir\u00e1 en breve&#8221;. Como el tren no se pone en marcha baja Stalin, quien al rato vuelve y dice: &#8220;Camaradas, he ejecutado por traidores al maquinista, al revisor y a dos pasajeros con cara de esp\u00eda. Vamos camino a la gloria&#8221;. Como el tren sigue sin arrancar Breznev se pone en pie, cierra la ventana del compartimento y baja la cortinilla y declara: &#8220;Camaradas el tren viaja a toda velocidad&#8221;. Eso es lo que ha hecho Kirchner con los \u00edndices de inflaci\u00f3n.<\/p>\n<p>P.- Buenas tardes, Jorge \u00bfcree que el papel de los medios, en Argentina, se adapta a su cometido de informar y dejar que sean los lectores quienes formen su opini\u00f3n, o, por el contrario, forman parte de entramados empresariales utilizados como palanca contra o para defenderse del poder pol\u00edtico? <\/p>\n<p>R.- Los medios siempre son cuestionados en cualquier pa\u00eds, y eso es bueno, porque les obliga a esforzarse en trabajar bien y con seriedad, al fin y al cabo no son elegidos en las urnas. Pero son elegidos todos los d\u00edas por millones de personas y no deber\u00edan ser tratados con desprecio ni por el poder pol\u00edtico que en Argentina les tacha de ignorantes, ni por el empresarial que piensa que puede influir en ellos comprando o sobornando. Argentina tienen grand\u00edsimos periodistas y grand\u00edsimos medios&#8230; y malos tambi\u00e9n, como en todas partes.<\/p>\n<p>P.- \u00bfcomo ves la situaci\u00f3n econ\u00f3mica actual?<\/p>\n<p>R.- Complicada pero no mala. En la calle se nota el descenso de poder adquisitivo pero tambi\u00e9n se est\u00e1 creando empleo. El pa\u00eds crece a un ritmo espectacular y sostenido pero todav\u00eda no genera confianza en la inversi\u00f3n. Todo va a depender de c\u00f3mo se gestionen las dificultades que existen. <\/p>\n<p>P.- Tengo amigos argentinos, y la sensaci\u00f3n de que all\u00e1 la pol\u00edtica se vive de una forma excesiva, y donde los partidos recuerdan m\u00e1s que a representantes ciudadanos a congregaciones religiosas o a equipos de f\u00fatbol. \u00bfCompartes esa sensaci\u00f3n? Y de ser as\u00ed, \u00bfcu\u00e1les crees que son las motivaciones sociales e hist\u00f3ricas de ello?<\/p>\n<p>R.- No comparto esa sensaci\u00f3n. Desde luego la pasi\u00f3n por el f\u00fatbol excede cualquier cosa y va m\u00e1s all\u00e1 del t\u00f3pico. Afortunadamente la gente se toma la pol\u00edtica con m\u00e1s calma, claro que a veces, como en 2001 la situaci\u00f3n se vuelve tan insostenible que ni la calma se mantiene.<\/p>\n<p>P.- \u00bfHay alg\u00fan candidato que est\u00e9 preocupado por la migraci\u00f3n de nuestros j\u00f3venes a los pa\u00edses comunitarios?<\/p>\n<p>R.- Si est\u00e1n preocupados desde luego no lo han dicho. La emigraci\u00f3n no es un tema central de la campa\u00f1a. Tambi\u00e9n es cierto que ha descendido dr\u00e1sticamente en los \u00faltimos tres a\u00f1os. <\/p>\n<p>P.- Hola Jorge, viendo lo fraccionada que esta la oposicion en Argentina y la multitud de partidos que se presentan a estos comicios \u00bfpor que es tan dificil que se formen coaliciones para presentarse como bloque opositor? \u00bfy no tan divididos como estan actualmente? \u00bfpor otro lado que ambiente se respira en la ciudadania ante estos comicios?<\/p>\n<p>R.- Porque en el fondo todos se consideran m\u00e1s capacitado que el otro para ser presidente y porque tienen enfrente a una rival cuya derrota aunque posible no es probable. El mismo ambiente de divisi\u00f3n\/resignaci\u00f3n se respira en la ciudadan\u00eda que vota a la oposici\u00f3n. Desde luego en estas elecciones no hay lo que en Espa\u00f1a llaman voto \u00fatil.<\/p>\n<p>P.- Buenas tardes Jorge, \u00bfCuando se prevee que Macri de el salto a por la presidencia del pais? <\/p>\n<p>R.- En teor\u00eda dentro de cuatro a\u00f1os, pero gente pr\u00f3xima a \u00e9l trabaja tambi\u00e9n sobre la hip\u00f3tesis de que una gran crisis pol\u00edtica adelante los tiempos. <\/p>\n<p>P.- Buenas tardes, \u00bfse respira en estas elecciones una esperanza para una mejora del pa\u00eds y su estancamiento econ\u00f3mico o es m\u00e1s bien una continuidad pol\u00edtica y econ\u00f3mica?<\/p>\n<p>R.- Se respira un ambiente de continuidad que es lo que la candidata oficialista plantea. Como no podr\u00eda ser de otra manera Cristina Fern\u00e1ndez se\u00f1ala que esta es el camino de la esperanza y el progreso mientras la oposici\u00f3n advierte del peligro de estancamiento. \u00bfY el votante? Se preocupa m\u00e1s de los precios del supermercado y cruza los dedos para que todo vaya bien.<\/p>\n<p>P.- \u00bfQu\u00e9 tendencia pol\u00edtica y econ\u00f3mica tiene la favorita? Si puedes hacer un poco de historia para aclarar la situaci\u00f3n y explicar c\u00f3mo est\u00e1 el pa\u00eds ahora&#8230; Soy una argentina que lleva aqu\u00ed 34 a\u00f1os y no s\u00e9 realmente qui\u00e9n es la favorita y por qu\u00e9 lo es, y tampoco s\u00e9 quienes son las otras fuerzas pol\u00edticas actuales. Muchas gracias<\/p>\n<p>R.- La ex mujer de Sarkozy le pregunt\u00f3 a Cristina Fernandez hace unos meses si era feminista y ella respondi\u00f3 &#8220;soy peronista&#8221;. En una entrevista hoy se\u00f1ala que no es ni Evita ni Hillary Clinton. Pol\u00edticamente se define como progresista, aunque de eso ya he hablado antes. Econ\u00f3micamente es partidaria de seguir el camino actual es decir: mantener el alto crecimiento del pa\u00eds que permite bajar los niveles de desempleo y probeza, tener un alto super\u00e1vit fiscal y generar inversiones de car\u00e1cter productivo m\u00e1s que financiero. Sobre la inflaci\u00f3n se apunta a la tesis &#8220;negacionista&#8221; del presidente, aunque ha reconocido que el m\u00e9todo de elaborar el \u00edndice puede cambiar cuando ella sea presidenta. <\/p>\n<p>P.- jorge, soy estudiante de periodismo, me gusta mucho tu trabajo, ya que soy lector del pa\u00eds, \u00bfc\u00f3mo has llegado a ser corresponsal en america latina? Qu\u00e9 especialidad? America Latina es apasionante, qu\u00e9 envidia.<\/p>\n<p>R.- Gracias Diego. La clave es creer que lo vas a ser aunque te parezca imposible. Cree y llegar\u00e1s. La fe en lo que se hace y piensa es un arma formidable.<\/p>\n<p>P.- Soy periodista, corresponsal en Buenos Aires de un diario de Mendoza, y quer\u00eda formular dos preguntas: \u00bfCu\u00e1l es, en su criterio, la incidencia electoral del candidato a vicepresidente, Julio Cobos? \u00bfQu\u00e9 rol puede cumplir este pol\u00edtico en el plan de gesti\u00f3n de la senadora Fern\u00e1ndez? <\/p>\n<p>R.- Mauricio. Cristina Fern\u00e1ndez quer\u00eda un personaje secundario en su candidatura y eligi\u00f3 a Cobos. Y \u00e9l no se as\u00ed. Lo veremos.<\/p>\n","protected":false},"excerpt":{"rendered":"<p>A falta de tan s\u00f3lo unos pocos d\u00edas para las elecciones generales argentinas, Jorge Marirrodriga corresponsal de El Pa\u00eds en este pa\u00eds sudamericano, ha aclaradolas dudas de nuestros lectores sobre el proceso electoral, candidatos y formaciones pol\u00edticas que tomar\u00e1n parte en los comicios. <\/p>\n","protected":false},"author":1,"featured_media":0,"comment_status":"open","ping_status":"open","sticky":false,"template":"","format":"standard","meta":{"footnotes":""},"categories":[],"tags":[],"class_list":["post-1420","post","type-post","status-publish","format-standard","hentry"],"_links":{"self":[{"href":"https:\/\/intervius.com\/index.html\/wp-json\/wp\/v2\/posts\/1420","targetHints":{"allow":["GET"]}}],"collection":[{"href":"https:\/\/intervius.com\/index.html\/wp-json\/wp\/v2\/posts"}],"about":[{"href":"https:\/\/intervius.com\/index.html\/wp-json\/wp\/v2\/types\/post"}],"author":[{"embeddable":true,"href":"https:\/\/intervius.com\/index.html\/wp-json\/wp\/v2\/users\/1"}],"replies":[{"embeddable":true,"href":"https:\/\/intervius.com\/index.html\/wp-json\/wp\/v2\/comments?post=1420"}],"version-history":[{"count":0,"href":"https:\/\/intervius.com\/index.html\/wp-json\/wp\/v2\/posts\/1420\/revisions"}],"wp:attachment":[{"href":"https:\/\/intervius.com\/index.html\/wp-json\/wp\/v2\/media?parent=1420"}],"wp:term":[{"taxonomy":"category","embeddable":true,"href":"https:\/\/intervius.com\/index.html\/wp-json\/wp\/v2\/categories?post=1420"},{"taxonomy":"post_tag","embeddable":true,"href":"https:\/\/intervius.com\/index.html\/wp-json\/wp\/v2\/tags?post=1420"}],"curies":[{"name":"wp","href":"https:\/\/api.w.org\/{rel}","templated":true}]}}