{"id":1407,"date":"2007-10-09T00:00:00","date_gmt":"2006-11-06T00:00:00","guid":{"rendered":"https:\/\/intervius.com\/index.html\/?p=1407"},"modified":"2006-11-06T00:00:00","modified_gmt":"2006-11-06T00:00:00","slug":"Roncero_Vs_Manolete1407","status":"publish","type":"post","link":"https:\/\/intervius.com\/index.html\/Roncero_Vs_Manolete1407\/","title":{"rendered":"Roncero Vs Manolete"},"content":{"rendered":"<p>Pregunta.- Va para los dos.Otra ausencia y de la que se habla menos: GUTI. \u00bfC\u00f3mo es posible que ese jugador no vaya a la Selecci\u00f3n si es el que m\u00e1s calidad y t\u00e9cnica tiene, quiz\u00e1s m\u00e1s que Silva? Manolete s\u00e9 objetivo porque en el glorioso lo quer\u00edamos. Un abrazo a los dos. <\/p>\n<p>Respuesta.- Guti fue, es y ser\u00e1 el jugador con m\u00e1s talento para dar el \u00faltimo pase del f\u00fatbol espa\u00f1ol. Pero recuerdo que el chaval me coment\u00f3 hace un mes en una entrevista con AS que al ser suplentes dos jugadorazos como Iniesta y Cesc c\u00f3mo iba a pensar \u00e9l que pod\u00eda ser convocado. Sobran as palabras&#8230;<\/p>\n<p>P.- \u00c9sta es para Roncero: \u00bfqu\u00e9 crees que le falta a Robinho para estar al nivel de Messi?, yo sinceramente le veo tanto o m\u00e1s potencial que el jugador argentino. Un abrazo crack<\/p>\n<p>R.- Pues ya somos dos amigo. Messi es m\u00e1s desequilibrante en el uno contra uno, pero Robinho es m\u00e1s vers\u00e1til entre l\u00edneas y cuando juega con total libertad como con Brasil ya qued\u00f3 claro en la Copa Am\u00e9rica qui\u00e9n es el mejor de los dos. Robinho s\u00f3lo ha dado el 30% de su poetnacial. Cuando est\u00e9 a tope ser\u00e1 BAL\u00d3N DE ORO EN UN PAR DE A\u00d1OS.<\/p>\n<p>P.- Mi pregunta es para Tom\u00e1s. \u00bfSer\u00eda viable ampliar el estadio del Madrid?<\/p>\n<p>R.- S\u00ed, pero no es necesario. Con sus 85.000 asientos y esa averticalidad que lo convierte en una olla a presi\u00f3n es un estadio \u00fanico en el mundo. Los fichajes de este a\u00f1o se han quedado flipados desde el d\u00eda que lo pisaron. El Bernab\u00e9u es el aut\u00e9ntico santuario del f\u00fatbol mundial. <\/p>\n<p>P.- A ver Roncero \u00bfPara cuando te oiremos en la SER al lado del Poli colaborando en un partido del Madrid?.Me da rabia que el Atl\u00e9tico tenga un forofo como Manolete y nosotros no lo tengamos.Convence a Paquito para que te fiche hombre.Tu lugar es la SER.<\/p>\n<p>R.- Amigo, yo soy ciudadano del mundo y abierto siempre a qui\u00e9n crea que pueda aportar mi granito de arena. Disfruto mucho en El Mirador de Punto Radio con Pedrerol y su gran familia pero respeto mucho a mis colegas de la Ser y m\u00e1s a mi vikingo Poli Rinc\u00f3n, blanco por fuera y por dentro.<\/p>\n<p>P.- \u00bfPor qu\u00e9 crees que Luis no llama a Ra\u00fal?<\/p>\n<p>R.- Porque es una cuesti\u00f3n personal. Luis no puede ni ver a Ra\u00fal tras sus desencuentros con \u00e9l en el Mundial de Alemania y ser\u00e1 capaz de convocar a Santillana antes que a Ra\u00fal con tal de no dar su brazo a torcer.<\/p>\n<p>P.- Tom\u00e1s, \u00bfCrees que mientras siga Luis como selecionador Ra\u00fal no volver\u00e1 a ir convocado?<\/p>\n<p>R.- Desgraciadamente, as\u00ed es. Es un asunto que no tiene marcha atr\u00e1s. Eso que pierde la Selecci\u00f3n y la afici\u00f3n espa\u00f1ola.<\/p>\n<p>P.- Para el se\u00f1or Roncero: El otro d\u00eda vi en la entrevista digital que dijiste a un lector que Messi finalmente acabaria vistiendo la camiseta blanca \u00bfrealmente crees eso? \u00bfCrees que el argentino quiere pasar a la historia como otro traidor como Figo?<\/p>\n<p>R.- Messi ha visto como en su mejor a\u00f1o s\u00f3lo ha sido capaz de acumular seis subcampeonatos (los cinco del a\u00f1o pasado y la Copa Catalu\u00f1a de este). Se ha dado cuenta de que este Bar\u00e7a es como el de los a\u00f1os 80. Ellos tienen las figuras pero el Madrid es el que gana los t\u00edtulos. Y los argentinos siempre quieren ganar. Su \u00fanica salida es fichar por el Madrid&#8230;<\/p>\n<p>P.- Hola Tom\u00e1s,de momento no te parece que Robenn \u00bfno vale lo que nos cost\u00f3?visto lo visto,calidad-precio&#8230;\u00bfte hubieses quedado con Reyes que es espa\u00f1ol y simboliz\u00f3 el campeonato pasado? hala Madrid!! y aupa Tom\u00e1s Roncero!!<\/p>\n<p>R.- Gracis amigo. Puede que tengas raz\u00f3n, aunque tampoco olvides que Robben est\u00e1 en fase de integraci\u00f3n y ya ante el recre hizo un primer tiempo magn\u00edfico. Reyes nos ayud\u00f3 a ganar la Liga pero el Arsenal ped\u00eda mucho dinero. No creo que hayamos cometudo un error. Hazme caso amigo.<\/p>\n<p>P.- Tom\u00e1s: t\u00fa crees que el Madrid tendr\u00eda que hacer una ofensiva por Giovani dos Santos \u00f3 Bojan? Cu\u00e1l crees que vendr\u00eda m\u00e1s f\u00e1cil?<\/p>\n<p>R.- A m\u00ed me gusta m\u00e1s Bojan, pero me consta que est\u00e1 muy arraigado en Barcelona con su familia y que de all\u00ed no va a salir. El mexicano es bueno pero no me parece tan completo. En cualquier caso, en la cantera del Madrid tienen que mejorar algunas cosas para que chicos tan talentosos como \u00e9stos salgan de Valdebebas y no de La Mas\u00eda.<\/p>\n<p>P.- Roncero\u00bfson ciertos los rumores que pueden situar a Lampard en el Real Madrid en enero y a Drogba en el mercado de verano?Un saludo a todos!y Roncero eres el mejor&#8230; voy a estudiar periodismo y ojal\u00e1 llegara a ser un gran periodista como lo eres t\u00fa y MADRIDISTA!!!!! Gracias AS! El mejor peri\u00f3dico!<\/p>\n<p>R.- Gracias a ti m\u00e1quina. Pues s\u00ed, es cierto que Lampard se ha puesto en el mercado y que Schuster quiere un centrocampista de rompe y rasga. Adem\u00e1s, Drogba es objetivo para el a\u00f1o que viene porque Van Nistelrooy es el \u00fanico nueve que queda con garant\u00edas dado que van a vender a Soldado en enero. Un blanco abrazo campe\u00f3n.<\/p>\n<p>P.- Roncero\u00bftu crees que el Real Madrid conseguir\u00e1 seguir con la racha de resultados positivos aunque no juegue del todo bien?<\/p>\n<p>R.- S\u00ed, porque este a\u00f1o el Madrid juega como un equipo-equipo y no como una colecci\u00f3n de figuras que se mueven individualmente sin pensar en el grupo. Schuster ha hecho un acorde\u00f3n y ahora todos juegan como los mosqueteros: &#8220;Uno para todos y todos para uno&#8221;.<\/p>\n<p>P.- Roncero &#8211; Escribiste que Snejider es el nuevo Di Stefano. \u00bfLo sigues pensando o fue un momento de forofismo tan habitual en ti ?. A mi me parece un jugador del mont\u00f3n que sabe lanzar faltas, como muchos juagadores de tercera<\/p>\n<p>R.- Amigo, te traicion\u00f3 el subconsciente. Eso lo puso Marca en su portada. Respeto a los colegas, pero efectivamente fue una forofada exagerada porque Don Alfredo es \u00fanico. \u00a1Lee el AS m\u00e1quina!<\/p>\n<p>P.- Hola a los dos. Me gustar\u00eda que me contestaran como periodistas y no como forofos: \u00bfQuien va a ser el campeon de la champions este a\u00f1o? Gracias<\/p>\n<p>R.- El Manchester o el Real Madrid. Con total frialdad anal\u00edtica.<\/p>\n<p>P.- Oye cracks, \u00bfpor qu\u00e9 no os anim\u00e1is y present\u00e1is unos deportes en los informativos de Cuatro? Ser\u00eda cojonudo!! Saludos para Orcera (Ja\u00e9n)<\/p>\n<p>R.- Pues nada, manos a la obra y que planteen el proyecto. Pero me temo que con Lama y Carre\u00f1o (los dos Manolos son la ca\u00f1a) lo vamos a tener complicado&#8230;<\/p>\n<p>P.- Cuando se retiren, Ra\u00fal, Guti y Helguera figurar\u00e1n por delante de Luis Aragon\u00e9s en los r\u00e1nkings (preferir\u00eda escalafones) de la historia del f\u00fatbol. \u00bfNo creen que Luis deber\u00eda guardarse el antimadridismo en bien del f\u00fatbol espa\u00f1ol? <\/p>\n<p>R.- Quiero pensar que lo de Luis no es por antimadridismo sino por falta de feeling personal con ellos. En cualquier caso, son tres futbolistas que no merecen haber salido as\u00ed de la Selecci\u00f3n como lo han hecho. Se merec\u00edan m\u00e1s respeto y adem\u00e1s su presencia nos hubiera hecho m\u00e1s grandes como equipo nacional.<\/p>\n<p>P.- Roncero. \u00bfA que juega el Madrid?. \u00bfQue esquema utiliza Shuster?. \u00bfT\u00fa crees que podr\u00e1n ganar a alg\u00fan equipo decente de Espa\u00f1a i\/o Europa?.<\/p>\n<p>R.- El Madrid ha desvestido un santo (el de Capello) para vestir a otro (el de Schuster). Eso no se hace en dos meses y es preciso tener paciencia con Bernardo. Yo creo en el alem\u00e1n y en su estilo de juego y pronto veremos el Madrid del Villarreal o del derbi.<\/p>\n<p>P.- Sr.Roncero,dec\u00edan ustedes conspiracion a favor del Barcelona. \u00bfPor qu\u00e9 no habla cuando el Almer\u00eda fue robado en el Bernab\u00e9u,o el Getafe con el gol en fuera de juego,o el Recreativo con el primer gol en fuera de juego de Ra\u00fal?<\/p>\n<p>R.- Amigo, el d\u00eda del Almer\u00eda el \u00e1rbitro ayud\u00f3 al Madrid, pero el gol de Getafe fue legal como demostr\u00f3 AS y el gol al Recre fue en posici\u00f3n correcta por m\u00e1s de un palmo. No podemos dejar que nuestros sentimientos ofusquen la realidad. Al Madrid los \u00e1rbitros de Villar nunca le dar\u00e1n nada y t\u00fa lo sabes mejor que yo.<\/p>\n<p>P.- \u00bfTiene el Real Madrid suficiente calidad y conjunto para conseguir la d\u00e9cima orejona este a\u00f1o?<\/p>\n<p>R.- Calidad seguro porque tiene la plantilla m\u00e1s completa y equilibrada de os \u00faltimos a\u00f1os. De hecho, tiene 14 jugadores en el virus FIFA, algo que no posee ni el Bar\u00e7a de los fant\u00e1sticos.<\/p>\n<p>P.- Don Manuel , Don Tom\u00e1s buenos d\u00edas hay una pregunta al margen de si va o no va tal o cual jugador,y es la siguiente , cual es la raz\u00f3n fundamental para ustedes dos, de el porqu\u00e9 del mal rollo que siempre hay entre prensa y seleccionador desde siempre. Un Saludo a los dos en especial a Don Tom\u00e1s<\/p>\n<p>R.- Amigo Ladislalo, creo que todo obedece a la presi\u00f3n que se ejerce sobre el seleccionador de turno, que muy pocos saben soportar. El que ten\u00eda mucha cintura fue el recordado Miguel Mu\u00f1oz, porque con su pachorra y sentido del humor toreaba todas las cr\u00edticas sin que le afectasen. Pero es un matrimonio de dif\u00edcil convivencia, para qu\u00e9 enga\u00f1arnos.<\/p>\n<p>P.- Sr. Roncero. \u00bfSabe si ahora mismo el Real Madrid tiene pensado reforzarse en el mercado invernal? \u00bfQu\u00e9 jugadores podr\u00edan interesar?<\/p>\n<p>R.- Si no hay lesiones lo veo dif\u00edcil. Si acaso, la venta de Soldado abrir\u00eda la posibilidad de fichar un 9, algo que Schuster ya pidi\u00f3 antes del cierre del mercado de verano. Pero lo gordo quedar\u00e1 para junio.<\/p>\n<p>P.- Haced una apuesta, \u00bfCu\u00e1ntos goles meter\u00e1 Ra\u00fal este a\u00f1o en Liga, m\u00e1s de 10 o menos de 10? Yo creo que menos.<\/p>\n<p>R.- 12. Escrito queda.<\/p>\n<p>P.- \u00bfPor qu\u00e9 Guti y Ra\u00fal no pueden ser intermitentes y Torres, Villa, Joaqu\u00edn, Cesc o Xavi Alonso s\u00ed? Que conteste Tom\u00e1s, porque Manolete no sabe muy bien de qu\u00e9 estoy hablando: 3 copas de Europa, quiero decir.<\/p>\n<p>R.- El problema es que por ser jugadores del Madrid se les exige el triple que a los dem\u00e1s. Lo m\u00e1s llamativo es que ambos est\u00e1n en una madurez espl\u00e9ndida y a sus 30 a\u00f1os est\u00e1n mejor que hace tres temporadas, por ejemplo. Es un error no aprovecharlos con Espa\u00f1a, pero los caminos de Luis son inescrutables&#8230;<\/p>\n<p>P.- Roncero y Manolete,antetodo daros la enhorabuena por el sentimiento que mostrais siempre hacia vuestros respectivos equipos ya sean colchoneros o merengues, pero con respecto a la seleccion espa\u00f1ola, \u00bfNo creeis que el debate en torno a Ra\u00fal est\u00e1 siendo sobredimensionado ya que hoy en d\u00eda parece un jugador que tan solo pone lucha y entrega pero que en cuanto a calidad ya se le pas\u00f3 el arroz? \u00bfCreeis que Espa\u00f1a podr\u00e1 puntuar en Dinamarca?Francamente con Aragon\u00e9s lo veo crud\u00edsimo. Un saludo.<\/p>\n<p>R.- Gracias por tu comprensi\u00f3n con nuestro forofismo subjetivo. En cuanto a Ra\u00fal no creas que s\u00f3lo ofrece lucha y profesionalidad. A m\u00ed me parece que el chaval est\u00e1 como un toro y que t\u00e1cticamente es una m\u00e1quina de abrir espacios y ahora hasta da asistencias de gol. Es el mejor Ra\u00fal de los \u00faltimos cinco a\u00f1os.<\/p>\n<p>P.- Si se va Shuster, que se ir\u00e1. \u00bfNo crees a que qui\u00e9n venga le sobraran : Higuain, Gago, Snejider, Drenthe, MArcelo, Cassano, Pepe, Metzelder, Roben, Saviola, etc&#8230; que son jugadores del mont\u00f3n.<\/p>\n<p>R.- Doble discrepancia amigo. Schuster no se ir\u00e1 y estar\u00e1 en el Madrid dos o tres a\u00f1os como m\u00ednimo. En cuanto a tu relaci\u00f3n de jugadores, creo que los cinco primeros son jugadores j\u00f3venes y con talento que acabar\u00e1n siendo de los m\u00e1s cotizados del mundo en un par de temporadas, Pepe y Metzelder son dos magnificos centrales, Robben es el mejor extremo zurdo de Europa y con Cassano no me preocupo porque ya est\u00e1 de vuelta a Italia. No veas una nube negra donde s\u00f3lo hay un equipo joven, con hambre y l\u00edder de l\u00edderes. Mira la tabla amigo&#8230;<\/p>\n<p>P.- Qu\u00e9 tal par de Cracks, sean objetivos por favor, \u00bfqui\u00e9n va a ser el Campe\u00f3n de Liga?<\/p>\n<p>R.- El Madrid, con absoluta objetividad. Si gan\u00f3 la Liga de Capello, \u00bfc\u00f3mo no va a ganar \u00e9sta?<\/p>\n<p>P.- \u00bfNo pens\u00e1is que con Raul y Guti, la clasificaci\u00f3n para la Eurocopa estar\u00eda m\u00e1s que asegurada desde hace tiempo?<\/p>\n<p>R.- Por supuesto. Eso es as\u00ed pero desgraciadamente en la cabeza de Luis s\u00f3lo est\u00e1 Aragon\u00e9s. Y as\u00ed nos va claro&#8230;<\/p>\n<p>P.- Manolete, \u00bfno te huele que va a pasar como todos los a\u00f1os con el Atleti? Es decir empezamos muy bien, con ilusion, y nos vamos desinflando seg\u00fan acaba la liga&#8230;<\/p>\n<p>R.- Espero mejores nuevas este a\u00f1o. Tenemos dinamita en la delantera y esto es importante. Es cierto que los problemas en el centro del campo son evidentes y que Aguirre quiz\u00e1s no es el t\u00e9cnico ideal. Al final tendremos que explotar y dar una alegr\u00eda.<\/p>\n<p>P.- Buenos d\u00edas Manolete, no fichamos a Riquelme porque supon\u00eda un riesgo para el vestuario y resulta que Reyes la esta liando, \u00bfhabr\u00eda que deshacerse de \u00e9l antes que suponga un virus infeccioso?<\/p>\n<p>R.- Lo triste es que antes de fichar a los jugadores, no se hagan determinados informes. Son errores que no se pueden cometer cuando estamos hablando de cifras de 18 millones de euros. Yo personalmente me hubiera tra\u00eddo antes al chaval Fran M\u00e9rida, colchonero de toda la vida, que a Reyes.<\/p>\n<p>P.- Hola a los dos. \u00bfde verdad creen que Riera pueda estar en mejor forma que Ra\u00fal, e incluso llegar a ser mas determinante en la seleccion espa\u00f1ola?un saludo para los 2<\/p>\n<p>R.- Yo creo que lo de Riera es un homenaje absurdo que se da Luis. En cuanto a Ra\u00fal estimo que es un debate est\u00e9ril y que tampoco debe ir a la selecci\u00f3n. Mi compa\u00f1ero Jos\u00e9 Dami\u00e1n hoy revela en AS los verdaderos motivos. En cambio Ra\u00fal Garc\u00eda deber\u00eda ir en lugar de Riera.<\/p>\n<p>P.- M\u00e1s all\u00e1 de gustos y afinidades personales&#8230;. \u00bfc\u00f3mo se explican ustedes que Luis Aragon\u00e9s , siga al frente de la selecci\u00f3n espa\u00f1ola?<\/p>\n<p>R.- M\u00e1s all\u00e1 de gustos y afinidades personales&#8230;. \u00bfc\u00f3mo se explican ustedes que Luis Aragon\u00e9s , siga al frente de la selecci\u00f3n espa\u00f1ola?<\/p>\n<p>P.- En ausencia de un extremo zurdo puro, no creen que Riera ( que es un 11 puro) debe ser titular el sabado debido al gran estado de forma en el que se encuentra o meterian a Silva de falso extremo? un saludo figuras<\/p>\n<p>R.- Est\u00e1 claro que Silva se ha ganado mayores m\u00e9ritos, pero si Luis quiere ser menos cabez\u00f3n de los habitual, deber\u00eda utilizar a Iniesta en esta posici\u00f3n y sacar a Cesc en el centro, ya que su rendimiento en el Arsenal es maravilloso.<\/p>\n<p>P.- \u00bfQu\u00e9 lectura hacen ustedes del bajo rendimiento del Getafe de Laudrup? \u00bfRemontar\u00e1 el vuelo?<\/p>\n<p>R.- El principal problema del Getafe es que pese a su buen juego ha caido en una din\u00e1mica perdedora. La suerte es que Torres no est\u00e1 nervioso, hay plantilla y al final se impondr\u00e1 el bueno f\u00fatbol de Laudrup.<\/p>\n<p>P.- Manolete \u00bfHabria llevado usted a Raul a la seleccion?. Me defrauda Aragones al convertir el equipo nacional en una reunion de amiguetes en el que no juegan los mejores sino los que menos protestan.<\/p>\n<p>R.- No. Ya se le ha pasado su mejor momento y lo que no se merece su historial, es evitar que este en el banquillo. Las consecuencias del Mundial fueron manifiestas. Lo que pasa es que nunca se ha contado la verdad.<\/p>\n<p>P.- Sr. Esteban, \u00bfpor qu\u00e9 es antimadridista? Yo soy socio muy madridista y adem\u00e1s del Atl\u00e9tico de Madrid \u00bfQu\u00e9 soluciones deportivas y directivas porpone para que despegue el Atl\u00e9tico?<\/p>\n<p>R.- Quiz\u00e1s por el nivel de prepotencia y arrogancia que me he criado. No soy en el sentido estricto de la palabra anti. Simplemente pretendo ser la hormiguita que acabe con las loas blancas habituales y que permitan por cansar. En cuanto al Atl\u00e9tico lo principal es una limpia de mentalidades en directivos y jugadores, saber la importancia de la entidad que defienden y evitar las excusas habituales.<\/p>\n<p>P.- Despues del partido Barca- Atletico \u00bfa\u00fan creen que el Kun Aguero es m\u00e1s determinante que Messi?<\/p>\n<p>R.- No me sirve de referencia el partido del domingo. Messi es un jugador alucinante y mi criterio m\u00e1s formado que Ag\u00fcero. Lo que pasa es que el Kun es m\u00e1s determinante ya que su zona habitual de moverse es el \u00e1rea, mientras que Leo busca las bandas.<\/p>\n<p>P.- Manolete,\u00bfcrees que hace falta Riquelme?<\/p>\n<p>R.- No creo que sea necesariamente Riquelme, por su forma de ser. Pero est\u00e1 claro que falta un centrocampista de entidad que sepa dar el \u00faltimo pase a los puntas.<\/p>\n<p>P.- Me gustar\u00eda saber si en la Selecci\u00f3n tienen cabida jugadores como Marchena, Juanito, Angulo, Capdevila, \u00c1ngel&#8230; yo creo que no jugar\u00edan ni en Islandia, as\u00ed nos va y otra cosa no seais tan forofos con vuestros respectivos equipos que sois periodistas.<\/p>\n<p>R.- Para mi Espa\u00f1a adolece de jugadores de entidad y es normal los problemas que tenemos para clasificarnos. En cuanto al forofeo, lo que no ocultamos a vosotros son nuestras tendencias y desde este punto de vista pienso que somos m\u00e1s claros que otros virtuosos de la pluma.<\/p>\n","protected":false},"excerpt":{"rendered":"<p>Tom\u00e1s Roncero y Manuel Esteban hacen la previa de la jornada. Esta semana la Selecci\u00f3n se juega su pase a la Eurocopa. Todos los detalles que rodean a la Selecci\u00f3n han sido comentados por los dos redactores del Diario AS.<\/p>\n","protected":false},"author":1,"featured_media":0,"comment_status":"open","ping_status":"open","sticky":false,"template":"","format":"standard","meta":{"footnotes":""},"categories":[],"tags":[],"class_list":["post-1407","post","type-post","status-publish","format-standard","hentry"],"_links":{"self":[{"href":"https:\/\/intervius.com\/index.html\/wp-json\/wp\/v2\/posts\/1407","targetHints":{"allow":["GET"]}}],"collection":[{"href":"https:\/\/intervius.com\/index.html\/wp-json\/wp\/v2\/posts"}],"about":[{"href":"https:\/\/intervius.com\/index.html\/wp-json\/wp\/v2\/types\/post"}],"author":[{"embeddable":true,"href":"https:\/\/intervius.com\/index.html\/wp-json\/wp\/v2\/users\/1"}],"replies":[{"embeddable":true,"href":"https:\/\/intervius.com\/index.html\/wp-json\/wp\/v2\/comments?post=1407"}],"version-history":[{"count":0,"href":"https:\/\/intervius.com\/index.html\/wp-json\/wp\/v2\/posts\/1407\/revisions"}],"wp:attachment":[{"href":"https:\/\/intervius.com\/index.html\/wp-json\/wp\/v2\/media?parent=1407"}],"wp:term":[{"taxonomy":"category","embeddable":true,"href":"https:\/\/intervius.com\/index.html\/wp-json\/wp\/v2\/categories?post=1407"},{"taxonomy":"post_tag","embeddable":true,"href":"https:\/\/intervius.com\/index.html\/wp-json\/wp\/v2\/tags?post=1407"}],"curies":[{"name":"wp","href":"https:\/\/api.w.org\/{rel}","templated":true}]}}