{"id":1380,"date":"2007-09-28T00:00:00","date_gmt":"2006-11-06T00:00:00","guid":{"rendered":"https:\/\/intervius.com\/index.html\/?p=1380"},"modified":"2006-11-06T00:00:00","modified_gmt":"2006-11-06T00:00:00","slug":"Mikel_Olaciregui1380","status":"publish","type":"post","link":"https:\/\/intervius.com\/index.html\/Mikel_Olaciregui1380\/","title":{"rendered":"Mikel Olaciregui"},"content":{"rendered":"<p>Pregunta.- Lo primero darle la enhorabuena y las gracias por mantener el Festival a tan alto nivel. \u00bfPor qu\u00e9 no se han visto en el festival ninguna de las tres pel\u00edculas seleccionadas por la Academia espa\u00f1ola para los Oscars? \u00bfConsideraron que no daban el nivel? \u00bfNo fueron presentadas? Gracias.<\/p>\n<p>Respuesta.- El Festival selecciona aquellas pel\u00edculas que le parecen m\u00e1s adecuadas para su programaci\u00f3n. Por otra parte los miembros de la Academia tienen en cuenta otros aspectos que no tienen que ser necesariamente &#8220;festivaleros&#8221;. Algunas veces los criterios coinciden y otras veces no. Respecto a si se han visto en el Festival las pel\u00edculas seleccionadas, una de ellas se ha visto, la otra ya fue presentada en el Festival de Cannes por lo que ya no pod\u00eda ser inclu\u00edda en nuestra Secci\u00f3n Oficial y, por \u00faltimo, una tercera no se ha visto. Por otra parte, tambi\u00e9n se podr\u00eda hacer la pregunta a la inversa \u00bfpor qu\u00e9 ninguna de las pel\u00edculas presentadas en Donostia est\u00e1 entre las tres preseleccionadas?<\/p>\n<p>P.- \u00bfC\u00f3mo ha evolucionado el Festival desde que usted asumi\u00f3 la direcci\u00f3n?<\/p>\n<p>R.- Por una parte, creo que se ha abierto m\u00e1s a la indusia cinematogr\u00e1fica. Una buena base industrial es fundamental para mantener un festival como el de Donostia. En lo que se refiere a la programaci\u00f3n se ha mantenido el mismo esquema de a\u00f1os anteriores, que por otra parte es bastante similar al del resto de los festivales de nuestra categor\u00eda. Sin enbargo, hay que tener en consideraci\u00f3n que la competencia de los festivales internacionales ha aumentado de una forma espectacular. <\/p>\n<p>P.- Lo de Nicoleta o E. Noriega de jurados, por ejemplo \u00bfes solo para darle imagen al festival y relanzarlo? Porque la primera es esposa de qui\u00e9n es y hace peliculas con su esposo. El segundo tampoco es que sea lo m\u00e1s destacado del panorama espa\u00f1ol, aparte de guapo. \u00bfQu\u00e9 criterios se fijan para la elecci\u00f3n de jurado? \u00bfy de pel\u00edculas? De estas \u00faltimas \u00bfqu\u00e9 limitaciones teneis para elegirlas? <\/p>\n<p>R.- Nicoletta Braschi es una productora que ha trabajado, adem\u00e1s de con su marido con directores de la talla de Marco Ferreri, Jim Jarmush, Marco Tulio Giordana o Francesca Comencini. Adem\u00e1s ha sido la productora de las \u00faltimas pel\u00edculas de su compa\u00f1ero. Es una profesional respetada internacionalmente y su presencia en el Jurado me parece ampliamente justificada. Eduardo Noriega es un actor que adem\u00e1s de haber trabajado con los directores m\u00e1s importantes del cine espa\u00f1ol tiene una proyecci\u00f3n internacional indiscutible. A la hora de legir los jurados se pretende representar a los diversos aspectos de la producci\u00f3n cinematogr\u00e1fica (actores, directores, escritores, productores, directores de fotograf\u00eda, etc..) combin\u00e1ndolo con las diversas procedencias ge\u00f3gr\u00e1ficas y tratando de buscar el masyor equilibrio posible de g\u00e9neros y estilos cinematogr\u00e1ficos. Tambi\u00e9n a la hora de elegir las pel\u00edculas se pretende buscar este equilibrio de pa\u00edses, g\u00e9neros, lnguajes cinematograficos, combin\u00e1ndolo con la presencia de autores consagrados y realizadores menos conocidos. La principal limitaci\u00f3n a la hora de seleccionar las pel\u00edculas de la Secci\u00f3n Oficial es que no hayan competido en ning\u00fan otro festival inetrnacional y que no hayan sido estrenadas fuera de sus pa\u00edses de origen.<\/p>\n<p>P.- \u00bfPor q\u00fae se permite a los invitados venir en chandal? \u00bfNo se les puede avisar de la importancia de nuestro festival? Tambi\u00e9n me gustar\u00eda, como asidua desde hace 25 a\u00f1os que se diera su lugar al Victoria Eugenia ya que siempre fue la bombonera del festival, gracias.<\/p>\n<p>R.- Pretendemos que el Festival est\u00e9 abierto a todo tipo de p\u00fablicos. Entre m\u00e1s de 200.000 espectadores que vienen a la totalidad de proyecciones del Festival no podemos pretender que todos sean de nuestro gusto o que vengan con un uniforme. He notado de todas formas que, cada vez m\u00e1s, el atuendo de la gente, sobre todo en las proyecciones del Kursaal de tarde y noche es m\u00e1s correcto. Supongo que se ir\u00e1 recuperando, aunque no lo vamos a imponer. Por ejemplo en el d\u00eda de inauguraci\u00f3n comprob\u00e9 que a un joven que lleg\u00f3 con pantal\u00f3n corto se le permit\u00f3 la entrada, pero se le desvi\u00f3 a la parte derecha del auditorio. Respecto al Teatro Victoria Eugenia hay que decir que ya es una sede importante del Festival, pero, sin duda alguna, la sede principal del Festival para los a\u00f1os venideros va a ser el Kursaal, que nos ha permitido entrar en las dotaciones de festivales del Siglo XXI.<\/p>\n<p>P.- Hola Mikel, soy Edurne: el otro d\u00eda fui a ver &#8220;Matajaris&#8221; y me pareci\u00f3 una gran pel\u00edcula. Me gustar\u00eda conocer tu opini\u00f3n. Un besito.<\/p>\n<p>R.- Si est\u00e1 en la selecci\u00f3n es porque tambi\u00e9n me parece estupenda, de igual manera que las otras quince pel\u00edculas de la competici\u00f3n oficial.<\/p>\n<p>P.- Buenas M\u00edkel: en general, qu\u00e9 opini\u00f3n tienes del cine espa\u00f1o. Yo pienso que es demasiado pretencioso. Gracias.<\/p>\n<p>R.- Es un cine muy variado en el que, como en cualquier otra cinematograf\u00eda, se pueden encontrar pel\u00edculas maravillosas, pel\u00edculas mediocres y malas, pel\u00edculas pretenciosas o pel\u00edculas totalmente comerciales o de consumo interno. Me gusta mucho el buen cine espa\u00f1ol, como tambi\u00e9n me gusta el buen cine franc\u00e9s o el buen cine americano.<\/p>\n<p>P.- De entre todas las pel\u00edculas que ha visto por el momento en el Festival, \u00bfcu\u00e1l es su favorita? \u00bfCu\u00e1l le ha gustado m\u00e1s? Gracias.<\/p>\n<p>R.- Todas y cada una de las pel\u00edculas que est\u00e1n en festival se han programado porque nos han gustado al Comit\u00e9 de selecci\u00f3n. Todas ellas son nuestras favoritas y obviamente no podemos destacar una en detrimento de las otras.<\/p>\n<p>P.- \u00bfQu\u00e9 opina de que haya afinidades personales entre algunos directores y miembros del jurado, caso de Auster y Wayne Wang? Muchas gracias<\/p>\n<p>R.- Es imposible evitar relaciones en el pasado entre los Jurados y alguna de las pel\u00edculas seleccionadas. En el caso de Paul Auster y Wayne Wang, su \u00faltima colaboraci\u00f3n data de 1995 y no han vuelto a trabajar juntos. Obviamente, lo que si hay que cuidar al m\u00e1ximo es que no haya ninguna vinculaci\u00f3n directa entre alg\u00fan miembro del Jurado y alguna de las pel\u00edculas en competici\u00f3n y esto se cumple a rajatabla. <\/p>\n<p>P.- \u00bfCu\u00e1l ha sido el criterio para premiar a Richard Gere?, porque a parte de ser un sex symbol y de tener en su haber t\u00edtulos muy comerciales, no ha destacado, precisamente, por sus dotes interpretativas, de momento, claro. Que conste que me cae muy bien, pero creo que Harvey Keitel, Liam Neeson, Charo L\u00f3pez, Julieta Serrano, etc. ser\u00edan tan buenos o mejores candidatos. Muchas gracias.<\/p>\n<p>R.- No estoy de acuerdo en su calificaci\u00f3n de sex simbol de Richard Gere. Creo que el hecho de haber trabajado para directores de la talla de Richard Brooks (Buscando a Mr. Goodbar), Paul Schraeder (American Gigolo), Francis Ford Coppola (Cotton Club), Terrence Malick (D\u00edas del cielo), Robert Altman (El Dr. T y las mujeres), entre otros grandes directores le hacen ya un excelente Premio Donostia. Adem\u00e1s me parece que es un actor que como pocos ha sabido combinar una popularidad, mantenida a lo largo de tres d\u00e9cadas (y que hemos podido comprobar en estos d\u00edas en Donostia) con una carrera llena de acieros y de proyectos tanto comerciales y de calidad como proyectos m\u00e1s personales y arriesgados.<\/p>\n<p>P.- \u00a1Buenos d\u00edas! \u00bfQu\u00e9 le parece el cine documental? \u00bfConoce el Festival Docusur que se realiza en Canarias y es sobre documentales? \u00bfCree que alg\u00fan d\u00eda se le dar\u00e1n m\u00e9ritos a este tan dif\u00edcil tipo de cine? Saludos.<\/p>\n<p>R.- El documental es un g\u00e9nero en alza y tiene su espacio en el Festival de San Sebasti\u00e1n. Aunque este a\u00f1o no haya ninguno en la competici\u00f3n oficial, el a\u00f1o pasado se selecion\u00f3 el excelente FOREVER de Heddy Honingmann. Tambi\u00e9n el documental EN CONSTRUCCI\u00d3N de Jos\u00e9 Luis Guer\u00edn comenz\u00f3 su impresionante andadura en la competici\u00f3n de nuestro festival.<\/p>\n<p>P.- Ediciones pol\u00e9micas, con m\u00e1s glamour, con menos&#8230; \u00bfPodr\u00edas hacernos un balance de la edici\u00f3n de este a\u00f1o a falta de conocer el palmar\u00e9s? Gracias.<\/p>\n<p>R.- Me parece que los balances los deben hacer los medios de comunicaci\u00f3n y el p\u00fablico. Los ecos que me llegan son positivos por lo que todo el equipo de direcci\u00f3n estamos muy contentos.<\/p>\n","protected":false},"excerpt":{"rendered":"<p>A falta de tan solo un d\u00eda para el final de la 55 edici\u00f3n del Festival de Cine de San Sebasti\u00e1n, su director, Mikel Olaciregui, ha charlado con nuestros lectores. <\/p>\n","protected":false},"author":1,"featured_media":0,"comment_status":"open","ping_status":"open","sticky":false,"template":"","format":"standard","meta":{"footnotes":""},"categories":[],"tags":[],"class_list":["post-1380","post","type-post","status-publish","format-standard","hentry"],"_links":{"self":[{"href":"https:\/\/intervius.com\/index.html\/wp-json\/wp\/v2\/posts\/1380","targetHints":{"allow":["GET"]}}],"collection":[{"href":"https:\/\/intervius.com\/index.html\/wp-json\/wp\/v2\/posts"}],"about":[{"href":"https:\/\/intervius.com\/index.html\/wp-json\/wp\/v2\/types\/post"}],"author":[{"embeddable":true,"href":"https:\/\/intervius.com\/index.html\/wp-json\/wp\/v2\/users\/1"}],"replies":[{"embeddable":true,"href":"https:\/\/intervius.com\/index.html\/wp-json\/wp\/v2\/comments?post=1380"}],"version-history":[{"count":0,"href":"https:\/\/intervius.com\/index.html\/wp-json\/wp\/v2\/posts\/1380\/revisions"}],"wp:attachment":[{"href":"https:\/\/intervius.com\/index.html\/wp-json\/wp\/v2\/media?parent=1380"}],"wp:term":[{"taxonomy":"category","embeddable":true,"href":"https:\/\/intervius.com\/index.html\/wp-json\/wp\/v2\/categories?post=1380"},{"taxonomy":"post_tag","embeddable":true,"href":"https:\/\/intervius.com\/index.html\/wp-json\/wp\/v2\/tags?post=1380"}],"curies":[{"name":"wp","href":"https:\/\/api.w.org\/{rel}","templated":true}]}}