{"id":1354,"date":"2007-09-10T00:00:00","date_gmt":"2006-11-06T00:00:00","guid":{"rendered":"https:\/\/intervius.com\/index.html\/?p=1354"},"modified":"2006-11-06T00:00:00","modified_gmt":"2006-11-06T00:00:00","slug":"Isabel_Allende1354","status":"publish","type":"post","link":"https:\/\/intervius.com\/index.html\/Isabel_Allende1354\/","title":{"rendered":"Isabel Allende"},"content":{"rendered":"<p>Pregunta.- Apoyo su propuesta, creo que los libros de texto escolares no se ajustan a la dimensi\u00f3n de personajes hist\u00f3ricos como su padre. \u00bfC\u00f3mo cree que se puede solucionar esto? Un saludo.<\/p>\n<p>Respuesta.- Efectivamente, hace much\u00edsima falta y creo que requiere una voluntad pol\u00edtica que hasta ahora no ha sido tan clara. <\/p>\n<p>P.- Y despu\u00e9s de todo este tiempo, de todo lo vivido en Chile \u00bfqu\u00e9 ha quedado del movimiento que Allende promovi\u00f3?<\/p>\n<p>R.- Siguen vigentes sus ideales por la justicia social. Las transformaciones en democracia, luchar siempre por una sociedad m\u00e1s justa, con pleno respeto a las personas y sus derechos.<\/p>\n<p>P.- \u00bfCu\u00e1les son sus planes a nivel pol\u00edtico?<\/p>\n<p>R.- Actualmente soy diputada, estoy completando mi cuarto per\u00edodo, y muy posiblemente contin\u00fae un periodo m\u00e1s, ya sea como diputada, ya sea como senadora. Soy miembro de la direcci\u00f3n nacional del partido socialista y tomaremos una decisi\u00f3n colectiva, si postular o no a la presidencia del partido cuyas elecciones se realizar\u00edan en abril de 2008. Lo m\u00e1s importante por ahora es organizar las actividades con las que queremos conmemorar las actividades del natalicio del Presidente Allende para el a\u00f1o 2008.<\/p>\n<p>P.- Buenos dias, \u00bfQu\u00e9 dir\u00eda usted que fue lo mejor y lo peor que hizo su padre pol\u00edticamente? Muchas gracias, un saludo de admirador.<\/p>\n<p>R.- Lo mejor, su consecuencia pol\u00edtica. Un incansable luchador social. Abrir las puertas a un sue\u00f1o de una sociedad m\u00e1s justa. La parte dif\u00edcil fue el grado de polarizaci\u00f3n que se fue generando en nuestra sociedad, haber confiado en la institucionalidad democr\u00e1tica del ej\u00e9rcito, no haber tenido el suficiente apoyo mayoritario para los profundos cambios sociales que deseaba realizar.<\/p>\n<p>P.- Hola, mi nombre es Paz, soy chilena y vivo en Madrid durante el tiempo que estudio Ciencias Pol\u00edticas. Es un gusto dirigirme a usted, la admiro y respeto, igual que al resto de su familia, muy cercana a mi Abuela Ester Salgado de Donoso.Me gustar\u00eda preguntarle si cree que en Chile avanzamos en una sociedad m\u00e1s igualitaria para las mujeres, y si cree que cada vez podremos ver a m\u00e1s mujeres como usted en puestos de decisiones claves. \u00bfQu\u00e9 se est\u00e1 Haciendo?. Gracias y suerte y cari\u00f1o.<\/p>\n<p>R.- Antes que nada, Muchas gracias, un saludo muy grande. Creo que ya hay un cambio irreversible, haber tenido una presidenta mujer, la primera en la historia de Chile eso es irreversible en cuanto a la incorporaci\u00f3n de la mujer en todos los \u00e1mbitos de responsabilidad. La presidenta Bachelet cumpli\u00f3 con un gabinete paritario aunque en este momento no es exactamente el cincuenta por ciento y personalmente ha estado siempre preocupada y comprometida por promover el acceso a la mujer al mundo laboral y a una mayor representaci\u00f3n pol\u00edtica. Sin embargo, hay que reconocer que seguimos estando subrepresentadas en el \u00e1mbito pol\u00edtico. No es f\u00e1cil una ley de cuotas con un sistema electoral como el nuestro: binominal. Lamentablemente, todav\u00eda subsiste la exclusi\u00f3n pol\u00edtica. <\/p>\n<p>P.- \u00bfVe Vd posible una segunda candidata a la Presidencia de su pa\u00eds despu\u00e9s del flojo desempe\u00f1o y la baja estima de la actual Presidenta? En caso de respuesta negativa, \u00bfqui\u00e9n podr\u00eda ser entonces el candidato de la Concertaci\u00f3n , o sea, qui\u00e9n ser\u00eda su favorito? \u00bfel Sr Insulza?<\/p>\n<p>R.- Primero creo que es prematuro adelantar una carrera presidencial. Es razonable que Michelle Bachelet sufra el desgaste de una coalici\u00f3n que lleva 16 a\u00f1os de Gobierno y que va a emtrar 20 a\u00f1os consecutivos de Gobierno. Por cierto, debemos arreglar un tema mayor como el problema del transporte urbano para la regi\u00f3n metropolitana y estoy segura que sabremos tener la madurez para elegir a aquel o aquella que tenga las mejores posibilidades y adhesi\u00f3n. Hoy d\u00eda aparece Soledad Alvear la mejor evaluada. Debemos esperar el tiempo apropiado y este ser\u00e1 despu\u00e9s de las elecciones municipales. <\/p>\n<p>P.- Considera Vd. que los problemas del Transantiago, si no se resuelven pronto, \u00bfpodr\u00edan influir en las pr\u00f3ximas elecciones generales y de esa forma ayudar a la derecha a subir al poder?<\/p>\n<p>R.- Lamentablemente, s\u00ed. Es nuestra responsabilidad corregir un modelo que no ha funcionado y que est\u00e1 afectando la vida cotidiana de cinco millones de personas. Si no lo mejoramos creo que efectivamente va a influir decisivamente en los pr\u00f3ximo resultados electorales.<\/p>\n<p>P.- \u00bfQu\u00e9 comparativa podemos hacer entre el golpe de estado de Pinochet contra el gobierno democraticamente constituido de Allende y el golpe de estado de Franco contra el gobierno democraticamente constituido de la Rep\u00fablica espa\u00f1ola?. Curiosamente dos generales fueron los golpistas.<\/p>\n<p>R.- Bueno, obviamente que hay similitudes, partiendo de la base de que son dos contextos muy diferentes, pero hay similitudes. Desde luego son dos generales que encabezaron sendos golpes de estado causando tremendo dolor y represi\u00f3n en la poblaci\u00f3n y barriendo con lo que hab\u00eda sido nuestra cultura pol\u00edtica, nuestras organizaciones y el respeto a los derechos humanos.<\/p>\n<p>P.- Le env\u00edo todo mi cari\u00f1o desde Madrid. El \u00faltimo discurso de su padre es uno de los hechos que hacen mantener la esperanza de que alg\u00fan d\u00eda tendremos un mundo mejor por el que ahora luchar. \u00bfc\u00f3mo ve el futuro de la corrientes anticapitalistas?. Un cordial saludo,<\/p>\n<p>R.- Comparto plenamente que las \u00faltimas palabras expresadas el 11 de septiembre son un mensaje de consecuencia, lealtad y esperanza que se pueden construir sociedades mejores. Parece incre\u00edble que en ese contexto, ante la amenaza del bombardeo, y ya habiendose atacado el Palacio Presidencial de la Moneda, el presidente Allende nos hablara con esa serenidad. <\/p>\n<p>P.- Se\u00f1ora Isabel Allende, es un honor poder enviarle una pregunta a la persona que hered\u00f3, de un gran hombre, el mensaje de la liberaci\u00f3n de America Latina y su preocupaci\u00f3n por el desarrollo y las igualdades sociales. M i pregunta consiste en que me diga si los \u00faltimos cambios pol\u00edticos producidos en algunos paises de Sudam\u00e9rica ( Chile, Venezuela, Bolivia..) ayudar\u00e1n a crear m\u00e1s conciencia del desarrollo necesario e igualar clases sociales o por el contrario ser\u00e1 un paso atr\u00e1s.<\/p>\n<p>R.- Cada pa\u00eds tiene derecho a hacer los cambios que cree leg\u00edtimamente necesarios para combatir la injusticia y hacer sociedades menos excluyentes. Somos la regi\u00f3n con mayor desigualdad social del mundo. Y por lo tanto es un imperativo \u00e9tico avanzar en justicia y protecci\u00f3n social. Estoy convencida que es el \u00fanico camino posible sin retroceso. Las democracias deben descansar en amplias mayor\u00edas y pol\u00edticas p\u00fablicas consecuentes que busquen el bienestar para esas mayor\u00edas. <\/p>\n<p>P.- Desde Espa\u00f1a se mira a Chile, en el plano tecnol\u00f3gico con cierta envidia, \u00bfpor qu\u00e9 se apost\u00f3 tanto por ello? Enhorabuena por c\u00f3mo han alfabetizado digitalmente a sus ciudadanos.<\/p>\n<p>R.- Estamos haciendo esfuerzos pero todav\u00eda muy insuficientes. De hecho, para ser honestos, creo que estamos quedando atr\u00e1s en materia de innovaci\u00f3n tecnol\u00f3gica. Sin embargo, en las escuelas se est\u00e1 entregando la posibildad de estar conectados v\u00eda internet y acceder al mundo informatizado. Supongo, debemos perseverar, pero todav\u00eda son muchos los hogares que no est\u00e1n conectados y eso es una gran desventaja. <\/p>\n<p>P.- \u00danicamente transimitirle mi admiraci\u00f3n y respeto por la figura de su padre. <\/p>\n<p>R.- La comparto plenamente y muchas gracias.<\/p>\n<p>P.- Estimada Sra. Allende: La Concertaci\u00f3n ha continuado en Chile las pol\u00edticas claramente neoliberales que inaugurase Pinochet. \u00bfNo cree usted que, en ese sentido, el &#8220;socialismo&#8221; chileno se acerca m\u00e1s al gobierno militar que al de su t\u00edo? \u00bfLa llegada al poder de Bachellet no resulta m\u00e1s un hecho simb\u00f3lico que un alejamiento real de las directrices socio-econ\u00f3micas que la Dictadura estableci\u00f3 para el futuro chileno? \u00bf1973 determin\u00f3 la Historia y lo que vino despu\u00e9s fue una mascarada?<\/p>\n<p>R.- En primer lugar, estamos hablando de Salvador Allende, mi padre, de quien me siento muy orgullosa. En segundo lugar, en el a\u00f1o 90, cuando iniciamos el retorno a la democracia el 40% de la poblaci\u00f3n viv\u00eda en condiciones de pobreza, hoy d\u00eda gracias a los esfuerzos de los gobiernos de la concertaci\u00f3n y de sus pol\u00edticas p\u00fablicas hemos logrado reducir al 13%. Son pocos los gobiernos del mundo en desarrollo que pueden mostrar estos logros. Por cierto, no es suficiente y tenemos muchos desaf\u00edos por delante. Particularmente, mejorar la calidad de la educaci\u00f3n y de la salud. Hoy d\u00eda estamos intentando crear una red de protecci\u00f3n social que acompa\u00f1e a los m\u00e1s vulnerables desde el nacimiento hasta la vejez. Lo que no es precisamente neo liberalismo. <\/p>\n<p>P.- \u00bfNo cree que dejar que Pinochet muriese en la cama fue &#8220;salirse con la suya&#8221;?<\/p>\n<p>R.- Comparto plenamente la frustraci\u00f3n que Pinochet nunca haya tenido una sentencia condenatoria. Sin embargo, logramos terminar con su pseudo inmunidad transformada en impunidad y muere como un imputado y donde a nadie le cabe duda que fue el principal responsable de los mayores cr\u00edmenes cometidos en Chile. Y s\u00f3lo lo salv\u00f3 el tener que haber acudido cobardemente, por cierto, al expediente de considerarse un demente senil para evitar ser enjuiciado y condenado.<\/p>\n<p>P.- \u00bfQu\u00e9 motivos podr\u00eda esgrimir Espa\u00f1a para no sumarse a los actos de homenaje?<\/p>\n<p>R.- Estoy segura que la proposici\u00f3n no de ley va a ser aprobada por una mayor\u00eda muy amplia. Y aquellos que no lo aprueben me imagino que ser\u00e1 el PP son ellos los que tendr\u00e1n que explicarle a los ciudadanos por qu\u00e9 se restan de una leg\u00edtima decisi\u00f3n de conmemorar los cien a\u00f1os del nacimiento de una figura de proyecci\u00f3n universal. <\/p>\n<p>P.- \u00bfIntrodujo la junta militar alg\u00fan cambio en las relaciones entre el Estado chileno y la iglesia cat\u00f3lica?<\/p>\n<p>R.- No, creo que no hubo un cambio introducido por la Junta. Lo que s\u00ed hubo un enorme apoyo entregado por la Iglesia a aquellos que eran perseguidos y que no ten\u00edan voz a trav\u00e9s de la vicar\u00eda de la solidaridad y el personal compromiso del cardenal Ra\u00fal Silva Henr\u00edquez. Son muchos los chilenos que encontraron esa protecci\u00f3n y ese apoyo cuando desgraciadamente los tribunales de justicia les cerraron todas las puertas y no acog\u00edan los recursos de protecci\u00f3n. Eso honra la conducta que tuvo la iglesia cat\u00f3lica en favor de los perseguidos. Con el consiguiente malestar de los jerarcas de la dictadura. <\/p>\n<p>P.- En mi \u00faltima visita a Chile, alguno de mis viejos amigos me dec\u00edan que si el Presidente Allende viviera, seguramente har\u00eda suyos los principios econ\u00f3micos del gobierno actual. \u00bfCu\u00e1l es su opini\u00f3n al respecto? P.D: Tuve el honor de estar junto a tu padre en aquellos a\u00f1os. un ex-gap.<\/p>\n<p>R.- Lo que creo es que el Presidente Allende habr\u00eda estado de acuerdo en generar un amplio espectro pol\u00edtico como es la concertaci\u00f3n de partidos por la democracia que permiti\u00f3 recuperar justamente la democracia sin mayor derramamiento de sangre. Y creo que ha sido la concertaci\u00f3n la que ha buscado revertir las nefastas consecuencias de un modelo neoliberal extremo implantado por la dictadura. Y todav\u00eda hay desaf\u00edos muy grandes. <\/p>\n<p>P.- \u00bfDe quien les habl\u00f3 m\u00e1s su padre de O\u00b4Higgins \u00f3 de Marx?<\/p>\n<p>R.- En casa se hablaba de todo. Hab\u00edan muchas visitas internacionales y por tanto siempre estaba presenta Am\u00e9rica Latina y el resto del mundo. Creo que mi padre fue siempre una persona muy abierta, tolerante y sin ideologismos excluyentes. Por cierto, era un admirador de Bernard O HIggins como libertador de la patria y quien establece la separaci\u00f3n entre la Iglesia y el Estado. <\/p>\n<p>P.- \u00bfIsabel que opinaba tu padre del \u00fanico pa\u00eds latinoamericano en entonces que se la jug\u00f3 a apoyarlo abiertamente? Me refiero a mi patria M\u00e9xico<\/p>\n<p>R.- Ten\u00eda un enorme cari\u00f1o por M\u00e9xico, hab\u00eda establecido relaciones muy estrechas con M\u00e9xico. Era un gran admirador de L\u00e1zaro C\u00e1rdenas y de la revoluci\u00f3n mexicana. Durante su gobierno recibimos la solidaridad de M\u00e9xico y despu\u00e9s del golpe esta se agigant\u00f3 a\u00fan m\u00e1s. Nunca olvidaremos los chilenos que llegamos a vivir a M\u00e9xico haber encontrado all\u00ed la segunda patria. Personalmente viv\u00ed all\u00ed con mi familia durante 16 a\u00f1os. M\u00e9xico siempre estar\u00e1 en nosotros. <\/p>\n<p>P.- \u00bfQu\u00e9 opina de la medida del gobierno chileno de no permitir a las agrupaciones de Derechos Humanos, durante el Homenaje a las v\u00edctimas de la Dictadura, su paso por el Palacio de la Moneda? <\/p>\n<p>R.- Luchamos por recuperar la democracia y entre otras cosas eso implica la libertad para expresarse y por cierto el respeto a los Derechos Humanos. Comparto plenamente el conmemorar las v\u00edctimas, sin embargo y lamentablemente, cada vez m\u00e1s las leg\u00edtimas manifestaciones por causa de unos pocos infiltrados terminan en hechos vand\u00e1licos que desde luego rechazamos. Supongo que eso ser\u00e1n las motivaciones para tomar las medidas que impidan que haya actos como el que tuvimos que presenciar el a\u00f1os pasado se lanz\u00f3 un coctel Molotov contra la Moneda. <\/p>\n<p>P.- \u00bfQue similitud identifcas t\u00fa con el actual gobierno concertacionista en Chile al cual usted pertenece, con el gobierno de su padre desde 1970 a 1973? (Si es que los hay)<\/p>\n<p>R.- Eso es otro contexto hist\u00f3rico y por cierto, irrepetible. La concertaci\u00f3n de partidos por la democracia agrupa fuerzas pol\u00edticas que nunca hab\u00edamos estado juntas. M\u00e1s a\u00fan entre 70 y 73, entre la democracia cristiana y los socialistas nos comportamos m\u00e1s bien como enemigos que como adversarios. Hoy, en cambio, llevamos dieciseis a\u00f1os de gobiernos como coalici\u00f3n, algo in\u00e9dito en la historia pol\u00edtica de Chile. <\/p>\n<p>P.- \u00bfQu\u00e9 dir\u00eda a los espa\u00f1oles que opinan que es abrir viejas heridas querer dignificar la memoria de los represaliados y fusilados por Franco durante su dictatura? \u00bfTenemos que someternos al parche de una transici\u00f3n donde se indult\u00f3 socialmente a unos culpables que nunca pidieron perd\u00f3n?<\/p>\n<p>R.- Creo profundamente en la necesidad de la memoria como \u00fanica forma no s\u00f3lo de conocer la historia, sino de aprender de ella. S\u00f3lo podemos proyectarnos en el futuro si no negamos nuestra historia con sus errores y con sus aciertos. Es muy importante honrar la memoria de las v\u00edctimas y de aqu\u00e9llos que dieron su vida para que hoy podamos vivir en democracia. Las transiciones democr\u00e1ticas tienen costos pero son necesarios para poder precisamente recuperar la democracia y no aumentar el n\u00famero de v\u00edctimas. Ha sido importante para Chile conocer la verdad y enjuiciar a los culpables. Hoy tenemos m\u00e1s de cuatrocientos juicios abiertos y varios de los principales responsables presos. Eso fortalece la democracia y es una lecci\u00f3n necesaria para las futuras generaciones.<\/p>\n","protected":false},"excerpt":{"rendered":"<p>Con motivo de la celebraci\u00f3n del centenario del nacimiento de Salvador Allende, su hija Isabel Allende ha hablado con los lectores sobre su padre y de la situaci\u00f3n pol\u00edtica actual en Chile.<\/p>\n","protected":false},"author":1,"featured_media":0,"comment_status":"open","ping_status":"open","sticky":false,"template":"","format":"standard","meta":{"footnotes":""},"categories":[],"tags":[],"class_list":["post-1354","post","type-post","status-publish","format-standard","hentry"],"_links":{"self":[{"href":"https:\/\/intervius.com\/index.html\/wp-json\/wp\/v2\/posts\/1354","targetHints":{"allow":["GET"]}}],"collection":[{"href":"https:\/\/intervius.com\/index.html\/wp-json\/wp\/v2\/posts"}],"about":[{"href":"https:\/\/intervius.com\/index.html\/wp-json\/wp\/v2\/types\/post"}],"author":[{"embeddable":true,"href":"https:\/\/intervius.com\/index.html\/wp-json\/wp\/v2\/users\/1"}],"replies":[{"embeddable":true,"href":"https:\/\/intervius.com\/index.html\/wp-json\/wp\/v2\/comments?post=1354"}],"version-history":[{"count":0,"href":"https:\/\/intervius.com\/index.html\/wp-json\/wp\/v2\/posts\/1354\/revisions"}],"wp:attachment":[{"href":"https:\/\/intervius.com\/index.html\/wp-json\/wp\/v2\/media?parent=1354"}],"wp:term":[{"taxonomy":"category","embeddable":true,"href":"https:\/\/intervius.com\/index.html\/wp-json\/wp\/v2\/categories?post=1354"},{"taxonomy":"post_tag","embeddable":true,"href":"https:\/\/intervius.com\/index.html\/wp-json\/wp\/v2\/tags?post=1354"}],"curies":[{"name":"wp","href":"https:\/\/api.w.org\/{rel}","templated":true}]}}