{"id":1353,"date":"2007-09-11T00:00:00","date_gmt":"2006-11-06T00:00:00","guid":{"rendered":"https:\/\/intervius.com\/index.html\/?p=1353"},"modified":"2006-11-06T00:00:00","modified_gmt":"2006-11-06T00:00:00","slug":"Rosa_Diez1353","status":"publish","type":"post","link":"https:\/\/intervius.com\/index.html\/Rosa_Diez1353\/","title":{"rendered":"Rosa D\u00edez"},"content":{"rendered":"<p>Pregunta.- A dia de hoy sigo sin entender el cambio de 180 grados sufrido en su manera de entender la politica, alineandose a una nueva formaci\u00f3n con claros tintes de lo que hasta ahora, se suponia, era para Vd. la oposici\u00f3n. Puede dar alguna explicaci\u00f3n convincente a los ciudadanos de esta nueva visi\u00f3n que quiere aportar al panorama politico?. Piensa que esta decision de abandonar las filas del PSOE llega en un momento adecuado para el clima de tension politica que se vive en Espa\u00f1a? Gracias.<\/p>\n<p>Respuesta.- No he dado ning\u00fan giro en mi posici\u00f3n pol\u00edtica. Quien lo ha hecho ha sido el PSOE, que ha abandonado una de sus principales se\u00f1as de identidad, la de defender un mismo proyecto para toda Espa\u00f1a. Yo no he cambiado de posici\u00f3n, ya que he defendido ese mismo modelo desde las filas del PSOE y cuando he llegado a la conclusi\u00f3n de que no serv\u00eda para nada mi discurso en el sentido de influir para que el PSOE revisara esa deriva, pues me he ido para defender las mismas ideas en las que creo que me llevaron hace 30 a\u00f1os a afiliarme al PSOE. No se por qu\u00e9 le parece a ud. un elemento de tensi\u00f3n que surja una nueva formaci\u00f3n pol\u00edtica, creo que es bueno para la democracia y percibo que los ciudadanos, m\u00e1s all\u00e1 de los aparatos pol\u00edticos est\u00e1n encantados de tener algo m\u00e1s donde elegir.<\/p>\n<p>P.- Usted dijo en El Mundo del 7\/9\/99 sobre el acercamiento de 105 etarras a euskadi que orden\u00f3 Oreja que le parec\u00eda &#8220;positivo&#8221; y serv\u00eda para dejar sin argumentos a ETA. \u00bfPorqu\u00e9 en 2007 un 2\u00ba grado temporal es &#8220;rendici\u00f3n&#8221;?<\/p>\n<p>R.- Yo nunca he utilizado la palabra rendici\u00f3n, y aunque no recuerde esas afirmaciones, no recuerdo el contexto en el que fueron realizadas, pero no las niego. Y d\u00e9jeme que le recuerde una cosa: la tregua del 98 la negoci\u00f3 el PNV con ETA, no el Gobierno de la naci\u00f3n. La gesti\u00f3n de esa tregua por parte del Gobierno de la naci\u00f3n presidido por Aznar se hizo de com\u00fan acuerdo con el Partido Socialista Obrero Espa\u00f1ol. No porque el PSOE apoyara a ciegas a Aznar, sino porque Aznar pactaba con el PSOE la gesti\u00f3n de la tregua. Fue Almunia quien dijo al salir de la Moncloa por segunda vez despu\u00e9s de la declaraci\u00f3n de la tregua que el PSOE no apoyar\u00eda a ciagas a Aznar. Fue el PSOE quien inst\u00f3 por tres veces con senda proposiciones no de ley en el Congreso a que el Gobierno fuera m\u00e1s flexible y moviera m\u00e1s presos. La diferencia con esta tregua es que \u00e9sta la ha pactado el Gobierno de la naci\u00f3n con ETA y para afrontarla ha pactado su pol\u00edtica con los partidos que nunca quisieron la derrota de ETA. <\/p>\n<p>P.- Durante a\u00f1os fue la ni\u00f1a protegida de eguiagaray, de txiki benegas, de ramon jauregui, er\u00e1n a\u00f1os de opulencia, se gobernaba en toda espa\u00f1a, el pais vasco incluido, el partido socialista gobernaba con el partido nacionalista en el gobierno vasco y en las tres diputaciones, rosa diez ha llegado a lo maximo que el partido socialista le ha podido ofrecer a un militante, y nadie tanto tiempo como el tiempo que rosa diez estubo de consejera. \u00bfes una hija malcriada?<\/p>\n<p>R.- Nunca he sido una ni\u00f1a mimada del PSOE y siempre me he considerado una compa\u00f1era que trabajaba con las personas que usted cita, no me mimaban, al menos no menos que yo a ellos.<\/p>\n<p>P.- Si fracasa el proyecto en las pr\u00f3ximas elecciones, \u00bfcual seria su futuro?<\/p>\n<p>R.- No especulo sobre el fracaso, como usted comprender\u00e1, especulo sobre el \u00e9xito. Si lo que le preocupa es de qu\u00e9 voy a comer, yo soy funcionaria en servicios especiales y puedo volver a mi puesto de trabajo. A los 18 a\u00f1os empec\u00e9 a trabajar y antes de ser cargo p\u00fablico ya hab\u00eda cotizado unos cuantos a\u00f1os a la Seguridad Social.<\/p>\n<p>P.- \u00bfPor qu\u00e9 ha hecho tanta publicidad de su abandono del PSOE?<\/p>\n<p>R.- No he hecho publicidad, lo he dado a conocer a los ciudadanos como es mi obligaci\u00f3n, por qu\u00e9 he abandonado mi militancia en el PSOE y mi plaza como parlamentaria europea. Los ciudadanos ten\u00edan derecho a saberlo, creo yo.<\/p>\n<p>P.- Buenos d\u00edas: Siempre pens\u00e9 que un partido al estilo liberal europeo (a la izquierda de los conservadores y a la derecha de los socialistas\/laboristas), como ocurre en Gran Breta\u00f1a, Alemania, Holanda, etc., ser\u00eda muy positivo en Espa\u00f1a. \u00bfEs eso, adem\u00e1s de otras cosas, lo que pretenden Vds.? \u00bfPodr\u00edamos afirmar que se sit\u00faan en el modelo de partido liberal europeo?\u00bfEn en centro del espectro pol\u00edtico? Gracias y saludos, <\/p>\n<p>R.- Nosotros nacemos inequ\u00edvoca y mayoritariamente desde la izquierda, pero aspiramos a representar a un ampl\u00edsimo espectro de la sociedad espa\u00f1ola que va desde la izquierda liberal hasta la derecha de progreso. Yo creo que Espa\u00f1a necesita un nuevo partido inequivocamente nacional de esas caracter\u00edsticas que defienda sin complejos un mismo proyecto en todos los territorios de Espa\u00f1a. Eso es defender la igualdad.<\/p>\n<p>P.- Sra. Diaz: Durante el proceso de Di\u00e1logo que inici\u00f3 el Sr. Rodriguez Zapatero, Usted permaneci\u00f3 en el PSOE, a pesar de las dur\u00edsima cr\u00edticas que verti\u00f3 contra el Presidente y el partido, reclamando el fin de las conversaciones. Y ahora que dicho proceso ha terminado se marcha. \u00bfNo es incongruente dicha decisi\u00f3n?<\/p>\n<p>R.- El proceso ha terminado porque ETA ha roto la tregua, no porque el presidente haya asumido que su apuesta era equivocada como a mi juicio lo era. El Gobierno mantuvo las conversaciones con ETA (como a traves de este mismo diarios hemos sabido) incluso despu\u00e9s del atentado de la T4. Las consecuencias de una pol\u00edtica antiterrorista pactada con quienes nunca quisieron la derrota de ETA han sido muy negativas desde la perspectiva democr\u00e1tica. ETA se ha fortalecido y los dem\u00f3cratas estamos m\u00e1s divididos que nunca.. \u00bfQu\u00e9 la intenci\u00f3n era buena? No lo dudo, las consecuencias, negativas. Para ponerle un ejemplo. Es consecuencia de la pol\u00edtica de coyuntura del proceso de paz por lo que ETA ha vuelto a sentarse en las instituciones democr\u00e1ticas vascas.<\/p>\n<p>P.- Una vez celebradas las elecciones generales. \u00bfCon quien pactar\u00eda su nuevo partido?. Si lo hiciera con el PSE, \u00bfno le parece un poco parad\u00f3jica la circunstancia que se producir\u00eda?,<\/p>\n<p>R.- Antes de las elecciones nunca se habla de pactos. Lo que le aseguro es que nuestra formaci\u00f3n pol\u00edtica s\u00f3lo pactar\u00e1 si somos un partido clave para la gobernabilidad de Espa\u00f1a, con un partido pol\u00edtico que asuma que hay que iniciar un proceso de la reforma de la Constituci\u00f3n para garantizar la igualdad, revisando los techos estatutarios y la distribuci\u00f3n de competencias, que revise para modificarlo un estatuto como el de Catalu\u00f1a que nos lleva a un modelo confederal e inviable, que apueste por la modificaci\u00f3n del sistema electoral y por la regeneraci\u00f3n democr\u00e1tica. De ah\u00ed, no nos pensamos mover.<\/p>\n<p>P.- Enhorabuena por su decisi\u00f3n. Supongo que es coherente con sus ideas y a m\u00ed me supondr\u00e1 un alivio a la hora de volver a votar al PSOE. Una pregunta, \u00bfno cree que deb\u00eda haber dejado el parlamento europeo hace much\u00edsimo tiempo? \u00bfnunca supo que yo mismo y millones de espa\u00f1oles la elegimos por ir en una lista del PSOE y no por ser usted Rosa D\u00edez? Gracias y espero su publicaci\u00f3n<\/p>\n<p>R.- No, he dejado el Parlamento Europeo y el partoido cuando he cre\u00eddo que para defender las ideas con las que me compromet\u00ed con los ciudadanos al pedirles el voto era m\u00e1s \u00fatil hacerlo desde fuera. D\u00e9jeme que le explique: Los partidos pol\u00edticos hacen las listas y nos ponen en ellas, pero sin los votos de los ciudadanos, que son muchos m\u00e1s que los afiliados de los partidos, los propios partidos no ser\u00edan nada. A mi modo de entender (y siempre lo he defendido as\u00ed, tambi\u00e9n en el seno del PSOE), los cargos p\u00fablicos responden ante los ciudadanos, los ciudadanos no nos dan un cheque en blanco cuando nos votan. A los ciudadanos les pedimos el voto comprometi\u00e9ndonos a defender determinada pol\u00edtica. Yo he defendido en esta legislatura el programa electoral del PSOE, en el que iba el pacto por las libertades y contra el terrorismo y he defendido un proyecto pol\u00edtico unitario para toda Espa\u00f1a, es decir, el mismo para todos los ciudadanos espa\u00f1oles, en el que para nada aparec\u00eda en el programa del PSOE que se fuera a impulsar un proceso confederal, como de hecho se deriva de un estatuto como el catal\u00e1n, que termina con la viabilidad y que atenta contrra la igualdad. Yo he sido coherente con mi compromiso a los ciudadanos. El que haya cambiado, que lo explique.<\/p>\n<p>P.- \u00bfQu\u00e9 va a hacer su partido para acabar con la miseria \u00e9tica y de contenidos de la pol\u00edtica actual.? \u00bfNo cree que ser\u00eda mejor cambiar todo el sistema para que los ciudadanos participaran m\u00e1s de la vida pol\u00edtica y no crear un nuevo partido que en pocos a\u00f1os va a ser exactamente igual que el resto?<\/p>\n<p>R.- Tiene usted muy poca fe en el ser humano. Yo todav\u00eda creo en la posibilidad de regenerar la vida pol\u00edtica y la vida democr\u00e1tica. Y creo en la necesidad de la pol\u00edtica. Hay que cambiar los partidos para cambiar la pol\u00edtica y hay que cambiar la pol\u00edtica para cambiar la sociedad. Nuestra apuesta por la regeneraci\u00f3n democr\u00e1tica creo que va a ayudar a conseguirlo o al menos ese es nuestro compromiso.<\/p>\n<p>P.- Se\u00f1ora D\u00edez; \u00bfno es el af\u00e1n de protagonismo una pesada carga para un pol\u00edtico? \u00bfAceptar\u00eda un segundo plano en su nuevo partido? Saludos y suerte. <\/p>\n<p>R.- Aceptar\u00e9 hacer mi trabajo desde el sitio que sea m\u00e1s \u00fatil. Y esto del af\u00e1n de protagonismo es curioso porque es algo que s\u00f3lo nos preguntan a las mujeres. En todo caso, eso que usted llama af\u00e1n de protagonismo en Euskadi, si eres constitucionalista tiene premio: Te limita los lugares de tu pa\u00eds a los que puedes acceder, le complica la vida a tu familia y te pone escoltas. Le invito a compartir ese protagonismo cuando quiera. Preg\u00fanteselo a Regina Otaola.<\/p>\n<p>P.- Cual es, en opini\u00f3n de Rosa D\u00edez, el mayor cambio que ofrecer\u00eda su partido caso de acceder a la presidencia del gobierno ?<\/p>\n<p>R.- El mayor cambio, respecto al que gobierna ahora ser\u00eda que nosotros defender\u00edamos, sin ning\u00fan tipo de complejo ni concesi\u00f3n a los nacionalistas, un mismo modelo pol\u00edtico, un mismo proyecto para toda Espa\u00f1a.<\/p>\n<p>P.- \u00bfCree usted que el PSOE y ETA est\u00e1n detr\u00e1s del atentado del 11 de Marzo de 2004?<\/p>\n<p>R.- No.<\/p>\n<p>P.- \u00bfLe gustan los libros de P\u00edo Moa y C\u00e9sar Vidal? \u00bfVa a tener fin\u00e1lmente su hueco de &#8220;tertuliana&#8221; en el programa de Jim\u00e9nez Losantos?<\/p>\n<p>R.- No, y no.<\/p>\n<p>P.- Rosa \u00bfes para t\u00ed Zapatero socialista?<\/p>\n<p>R.- A mi nunca se me ocurrir\u00eda nunca calificar a las personas. Yo no reparto carn\u00e9 de socialistas ni de nada.<\/p>\n<p>P.- \u00bfQu\u00e9 parte del electorado pretende captar el nuevo partido en el que se ha inscrito?<\/p>\n<p>R.- Pues ya veremos, pero yo creo que hay un hueco enorme en Espa\u00f1a de ciudadanos que se sienten desencantados por la pol\u00edtica aunque les interesa la pol\u00edtica, una enorme cantidad de ciudadanos que se sienten hu\u00e9rfanos pol\u00edticos, mucha gente que est\u00e1 harta de la descalificaci\u00f3n permanente entre las dos grandes fuerzas pol\u00edticas, mucha gente que se siente hu\u00e9rfana de un partido que, desde la izquierdsa, defienda sin complejos la igualdad, la libertad y los s\u00edmbolos de Espa\u00f1a, mucha gente joven que me dice que nunca ha votado con ilusi\u00f3n y con ganas, mucha gente que quiere contribuir a una nueva opci\u00f3n a que los dos grandes partidos tradicionales se comporten como partidos de estado&#8230; Ah\u00ed est\u00e1 la demanda. Vamos a ver si somos cpaces de darles un respuesta.<\/p>\n<p>P.- No sigo en exceso la pol\u00edtica y tal vez por ello lo desconozco, pero siempre que la he oido hablar en TV, ha sido sobre temas relativos al terrorismo. \u00bfQue ofrecer\u00eda el partido de RD en cuesti\u00f3n de vivienda y ayudas a parejas jovenes?<\/p>\n<p>R.- Es cierto que me ha ocupado y preocupado principalmente la defensa de las libertades, que en Espa\u00f1a est\u00e1 amenazadas principalmente por ETA. Pero el partido que nacer\u00e1 pr\u00f3ximamente y al que me incorporo tendr\u00e1 un programa inequ\u00edvocamente nacional y que abordar\u00e1 desde la perspectiva de la politica del progreso las cuestiones a las que usted hace referencia.<\/p>\n<p>P.- Fernando Sabater ha calificado su fichage como bander\u00edn de enganche. \u00bfCree Vd que en un tema tan serio como la pol\u00edtica, pueden existir banderines de enganche como herramienta de merketing? \u00bfSigue Vd la estela del sr. Mendiluce?<\/p>\n<p>R.- Bueno, bander\u00edn de enganche es un t\u00e9rmino coloquial y todo el mundo lo entiende as\u00ed. Es un t\u00e9rmino cari\u00f1oso de Savater dirigido hacia m\u00ed, supongo que lo de enganche tiene que ver con el hecho de que yo soy una persona cuyas posiciones son, desde el acuerdo o desde el desacuerdo, bastante conocidas por todos. La gente sabe lo que pienso y si vota al partido en el que est\u00e9 despu\u00e9s de haberme ido del PSOE, la gente sabr\u00e1 inequivocamente lo que voy a defender. Y c\u00f3mo no voy a dejar de defenderlo hasta el final. Y no, no es m\u00e1rketing, no tenemos expertos en m\u00e1rketing, lo hacemos todo entre cuatro (es un decir).<\/p>\n<p>P.- Hola Rosa, ah\u00ed van mis preguntas: \u00bfTu mente no ha podido conceder un margen de confianza y paciencia a este gobierno (de tu partido) para que intentara acabar con el terrorismo aunque fuese negociando, como han hecho todos los gobiernos anteriores? \u00bfCrees que has sido utilizada por los medios de comuncicaci\u00f3n afines al PP (COPE, TELEMADRID,etc) con el \u00fanico fin de dar ca\u00f1a y desgastar al gobierno (de tu partido) criticando su pol\u00edtica antiterrorista?<\/p>\n<p>R.- Mi mente y mi coraz\u00f3n han dado todos los m\u00e1rgenes de confianza posibles. No es confianza lo que se nos ha exigido, sino f\u00e9. Los datos y los hechos han confirmado (desgraciadamente) que ten\u00edamos raz\u00f3n quienes pens\u00e1bamos que no se puede terminar con ETA pactando la pol\u00edtica antiterrorista con quienes nunca quisieron derrotar a ETA, con los partidos nacionalistas que se han beneficiado de la existencia de ETA y que siempre han querido sacar ventaja, tambi\u00e9n, de sus desaparici\u00f3n. Yo he argumentado pol\u00edticamente en contra de unas decisiones que consideraba iban a tener consecuencias negativas, como as\u00ed ha sido.<\/p>\n<p>P.- Sea sincera&#8230; \u00bfNo cree que el nuevo partido que est\u00e1n fundando es un refugio para malditos y adem\u00e1s de derechas?<\/p>\n<p>R.- Soy sincera. No. Y oiga, yo a usted no le he llamado nada, haga el favor de respetarme, a m\u00ed y a los miles de personas que ya est\u00e1n militando en esta nueva formaci\u00f3n.<\/p>\n<p>P.- \u00bfNo suena su salida del PSOE a un rencor personal con Zapatero que la arras\u00f3 en las primarias. cuando se ha demostrado de sobra que el Gobierno no hizo ninguna concesi\u00f3n a ETA?<\/p>\n<p>R.- Puntualicemos: Zapatero jam\u00e1s se present\u00f3 a primarias. Dicho eso, Zapatero gan\u00f3 un congreso en el a\u00f1o 2000, en buena lid y yo segu\u00ed trabajando desde el partido y desde el grupo parlamentario en todo lo que pued y en todo lo que se me pidi\u00f3, como era mi obligaci\u00f3n y como era mi deseo. Es absurdo y una intoxicaci\u00f3n a mala fe no ser capaz de distinguir las discrepancias pol\u00edticas del respeto personal que nos merecen quienes toman decisiones pol\u00edticas que no compartimos. Respeto que nunca he perdido en lo personal por Jose Luis Rodr\u00edguez Zapatero y que conf\u00edo que sea mutuo. Las cosas son mucho m\u00e1s sencillas, o si quiere usted, mucho m\u00e1s complicadas: dos personas que discerpen pol\u00edticamente, que militen en el mismo o distintos partidos pol\u00edticos, pueden tenerse un enorme respeto personal. Es mi caso.<\/p>\n","protected":false},"excerpt":{"rendered":"<p>La ex diputada europea ha charlado con nuestros lectores sobre su reciente abandono de las filas del PSOE y su intenci\u00f3n de entrar a formar parte del nuevo partido pol\u00edtico surgido de las filas de la plataforma Basta Ya. <\/p>\n","protected":false},"author":1,"featured_media":0,"comment_status":"open","ping_status":"open","sticky":false,"template":"","format":"standard","meta":{"footnotes":""},"categories":[],"tags":[],"class_list":["post-1353","post","type-post","status-publish","format-standard","hentry"],"_links":{"self":[{"href":"https:\/\/intervius.com\/index.html\/wp-json\/wp\/v2\/posts\/1353","targetHints":{"allow":["GET"]}}],"collection":[{"href":"https:\/\/intervius.com\/index.html\/wp-json\/wp\/v2\/posts"}],"about":[{"href":"https:\/\/intervius.com\/index.html\/wp-json\/wp\/v2\/types\/post"}],"author":[{"embeddable":true,"href":"https:\/\/intervius.com\/index.html\/wp-json\/wp\/v2\/users\/1"}],"replies":[{"embeddable":true,"href":"https:\/\/intervius.com\/index.html\/wp-json\/wp\/v2\/comments?post=1353"}],"version-history":[{"count":0,"href":"https:\/\/intervius.com\/index.html\/wp-json\/wp\/v2\/posts\/1353\/revisions"}],"wp:attachment":[{"href":"https:\/\/intervius.com\/index.html\/wp-json\/wp\/v2\/media?parent=1353"}],"wp:term":[{"taxonomy":"category","embeddable":true,"href":"https:\/\/intervius.com\/index.html\/wp-json\/wp\/v2\/categories?post=1353"},{"taxonomy":"post_tag","embeddable":true,"href":"https:\/\/intervius.com\/index.html\/wp-json\/wp\/v2\/tags?post=1353"}],"curies":[{"name":"wp","href":"https:\/\/api.w.org\/{rel}","templated":true}]}}