{"id":1343,"date":"2007-09-05T00:00:00","date_gmt":"2006-11-06T00:00:00","guid":{"rendered":"https:\/\/intervius.com\/index.html\/?p=1343"},"modified":"2006-11-06T00:00:00","modified_gmt":"2006-11-06T00:00:00","slug":"Gervasio_Deferr1343","status":"publish","type":"post","link":"https:\/\/intervius.com\/index.html\/Gervasio_Deferr1343\/","title":{"rendered":"Gervasio Deferr"},"content":{"rendered":"<p>Pregunta.- \u00bfC\u00f3mo ves la final de suelo, y c\u00f3mo la preparar\u00e1s? Suerte y disfruta. Te queremos <\/p>\n<p>Respuesta.- La preparar\u00e9 como siempre, haciendo todas las series del ejercicio y luego uni\u00e9ndolas en la mejor ejecuci\u00f3n posible. Si que va a ser una final dura, pero yo siempre tengo que luchar por las medallas. Un beso<\/p>\n<p>P.- \u00bfc\u00f3mo crees que afectar\u00e1 a tu cuerpo el haber estado tanto tiempo en la \u00e9lite de un deporte tan duro como la gimnasia? \u00bfqu\u00e9 quieres hacer cuando te retires? gracias por los ratos de felicidad tan emocionante que nos has proporcionado.<\/p>\n<p>R.- Me gustar\u00eda agradecer que la gente difrute por mi trabajo. Respecto a la otra pregunta, tengo 26 a\u00f1os y me siento muy bien. De cara al futuro me gustar\u00eda abrir un gimnasio para poder formar a futuros campeones.<\/p>\n<p>P.- hola gervi&#8230;qu\u00e9 opciones ves para la final de suelo, crees que puedes estar por encima de 16 puntos?&#8230;podemos so\u00f1ar con 3 oros en 3 olimpiadas?&#8230;sigue asi, crackkkkk<\/p>\n<p>R.- Con la clasificaci\u00f3n en la mano, siempre se puede so\u00f1ar con esa tercera medalla, que es para lo que voy a trabajar. Y en la final si que creo que puedo sacar m\u00e1s de 16 puntos, aunque habr\u00e1 que ver que sucede.<\/p>\n<p>P.- enhorabuena a todos y mucha suerte con las finales, os deseo lo mejor desde Madrid<\/p>\n<p>R.- Gracias, porque sabemos que todo el pa\u00eds est\u00e1 apoyandonos y sentimos su calor y sus \u00e1nimos.<\/p>\n<p>P.- \u00bfCu\u00e1l es tu objetivo?\u00bfcuantas medallas?\u00bfde que valor?<\/p>\n<p>R.- Mi objetivo es dejar un buen recuerdo cuando me retire, que cuando la gente oiga mi nombre sepan qui\u00e9n soy y tengan un buen recuerdo.<\/p>\n<p>P.- \u00bfC\u00f3mo se siente al ser doble medallista olimpico? \u00bfy ademas de oro ? sin contar otras medallas claro, eso es algo q muxos no han conseguido<\/p>\n<p>R.- Evidentemente me siento super orgulloso de formar el grupo de tres espa\u00f1oles que tenemos dos medallas de oro (Teresa Zabell y Jos\u00e9 Luis Doreste son los otros dos).<\/p>\n<p>P.- \u00bfC\u00f3mo te sentiste al enterarte de que moreno se ha lesionado y que el equipo no se clasificase? gracias<\/p>\n<p>R.- Sent\u00ed mucha l\u00e1stima porque hab\u00edan trabajado much\u00edsimo y tanto a nivel profesinal como personal me sent\u00ed triste por ellas.<\/p>\n<p>P.- Una persona que ya ha ganado todo&#8230; \u00bfQu\u00e9 motivaciones busca? Eres el rey \u00e1nimos!!!!!!!<\/p>\n<p>R.- Gracias por los \u00e1nimos. Cuando sigues en la alta competici\u00f3n, lo que quieres es ganar, independientemente de lo que hayas ganado antes.<\/p>\n<p>P.- \u00bfQue crees que se puede hacer para que la gimnasia sea un deporte con mas afici\u00f3n en Espa\u00f1a? Gracias a vosotros me he enganchado a este gran deporte.<\/p>\n<p>R.- Si fu\u00e9semos como Italia o Alemania, que tienen ligas internas de clubs, ser\u00eda diferente, habr\u00eda m\u00e1s expectaci\u00f3n, m\u00e1s afici\u00f3n y m\u00e1s seguimiento.<\/p>\n<p>P.- \u00bfc\u00f3mo llevas el ninguneo al que os someten los medios de comunicacion a los verdaderos deportistas junto a los atletas, nadadores, triatletas, ciclicstas, etc. en detrimento de los JUEGOS (futbol,basket,tenis&#8230;) y de &#8220;PR\u00c1CTICAS&#8221; como el motor o la vela que encima se elevan a la categoria de DEPORTES? Mi admiraci\u00f3n y mi enhorabuena CAMPE\u00d6N<\/p>\n<p>R.- Gracias por los \u00e1nimos. Eso no depende de nosostros. El f\u00fatbol consigue reunir todos los domingos a mucha gente, al igual que las motos y la F1. Por eso insisto en que ser\u00eda distinto si hubiese alguna liga interna de gimnasia.<\/p>\n<p>P.- Desde el ojo cr\u00edtico de un compa\u00f1ero y tu experiencia, \u00bfqu\u00e9 crees que est\u00e1 fallando en la femenina espa\u00f1ola? Agradecer\u00eda una respuesta sincera. \u00a1Gracias!<\/p>\n<p>R.- La verdad es que no te lo puedo decir, porque no estoy muy metido en la competici\u00f3n femenina. Pero bueno, el problema puede ser la falta de gimnastas en una \u00e9poca de transici\u00f3n, aparte de la mala suerte que han podido tener con la lesi\u00f3n de Alicia.<\/p>\n<p>P.- \u00bfest\u00e1 afectado tu especialidad por el dopaje? \u00bfus\u00e1is esteroides?gracias&#8230;hago esta pregunta para que a todo el mundo le quede claro que quienes lo practicamos, somos honrados y s\u00f3lo hacemos uso de nuestro trabajo y sacrificio<\/p>\n<p>R.- En la gimnasia ha habido muy pocos positivos. Y en este tipo de productos, menos porque no los podemos utilizar ya que nos muscular\u00eda demasiado y eso nos impedir\u00eda rendir en las mejores condiciones.<\/p>\n<p>P.- Antes de nada, enhorabuena por vuestra gran actuaci\u00f3n de ayer y ese pase a la final, tuvisteis una actuaci\u00f3n excepcional. Me gustar\u00eda saber c\u00f3mo te ves de cara a la final de suelo. \u00bfCu\u00e1les crees que son tus opciones reales? Por otro lado, una pena que no hicieras un segundo salto, porque el primero fue muy bueno, pero me imagino que todav\u00eda no tendr\u00e1s uno segundo competitivo a punto. Saludos y gracias de antemano!<\/p>\n<p>R.- Gracias por la felicitaci\u00f3n. Si que tengo otro salto competitivo, lo que pasa es que tengo problemas en la mu\u00f1eca derecha y eso me hizo reservar un poco para evitar la lesi\u00f3n. Y las opciones reales&#8230; quiz\u00e1 pueda luchar por un segundo o tercer puesto.<\/p>\n<p>P.- \u00bfQu\u00e9 te har\u00eda m\u00e1s ilusi\u00f3n, ganar el oro en Pekin en Suelo o de salto por 3\u00aa vez?<\/p>\n<p>R.- La verdad es que no lo s\u00e9. Ganar por tercera vez ser\u00eda muy especial, aunque ganar un oro ocho a\u00f1os despu\u00e9s del primero y en otra especialidad ser\u00eda increible.<\/p>\n<p>P.- \u00bfno te hubiera gustado haber sido un gimnasta para concurso completo en vez de un especialilsta en aparatos como suelo o salto?<\/p>\n<p>R.- La verdad es que eso no se decide. Hasta el 2000 estaba haciendo los seis aparatos y estaba entre los cinco mejores de Espa\u00f1a. En 2001 me romp\u00ed los dos hombros y tuve que dejar disciplinas como las anillas. Al final, cada uno da lo que puede.<\/p>\n<p>P.- \u00bfC\u00f3mo estan tus mu\u00f1ecas y qu\u00e9 esperas de Pek\u00edn?<\/p>\n<p>R.- Muchos besos kira. La mu\u00f1eca izquierda est\u00e1 mejor y la derecha me duele un poco, aunque est\u00e1 bien para competir. Y respecto a Pekin, voy a luchar por hacerlo lo mejor posible.<\/p>\n<p>P.- \u00bfC\u00f3mo consigue un deportista ol\u00edmpico combinar la vida personal (con la de cosas que hay que hacer) con la profesional (con tantas horas en el lugar de trabajo)?<\/p>\n<p>R.- Es dif\u00edcil, por el tema de los viajes principalmente. Yo vivo en Bracelona y me tengo que pasar un par de meses al a\u00f1o en una residencia en Madrid. Es complicado, pero con la ayuda de la familia se encuentra la manera de llevarlo.<\/p>\n<p>P.- \u00bfPor qu\u00e9 crees que el cannabis est\u00e1 considerado sustancia dopante cuando se sabe que realmente su uso no ayuda a aumentar el rendimiento f\u00edsico?(quiz\u00e1 lo contrario) \u00bfno crees que es un poco de &#8220;moralina&#8221; ? El alcohol sin embargo no es considerado como tal. Suerte!!<\/p>\n<p>R.- M\u00e1s que dopante est\u00e1 considerada una sustancia ilegal, por eso est\u00e1 prohibida.<\/p>\n<p>P.- \u00bfCrees que puedes ser el portador de la bandera espa\u00f1ola en los juegos de Pekin?<\/p>\n<p>R.- Hombre, por curr\u00edculum ol\u00edmpico lo podr\u00eda ser, aunque en Espa\u00f1a hay varios candidatos. Que duda cabe que ser\u00eda un honor ser el abanderado de Espa\u00f1a en los Juegos de Pek\u00edn.<\/p>\n<p>P.- \u00bfConsiderar\u00edas un fracaso no coger medalla en los JJ.OO de Pek\u00edn? \u00a1Suerte!<\/p>\n<p>R.- El hecho de conseguir estar en Pek\u00edn, despues de luchar en dos anteriores, ya es un premio. No considerar\u00eda un fracaso no lograr medalla, aunque si que me dar\u00eda un poco de pena.<\/p>\n<p>P.- Mucha suerte a todos y un abrazo, no me explico c\u00f3mo se llega a ese nivel con 24 horas que tiene el d\u00eda!! \u00bfc\u00f3mo es tu d\u00eda a d\u00eda?\u00bfc\u00f3mo te organizas normalmente??<\/p>\n<p>R.- Primero, llevo 21 a\u00f1os entrenando. Yo me levanto a las 8.30-9.00, me voy a entrenar a partir de las 10.30. All\u00ed estoy tres horas, me voy a casa, como, descanso, estoy con mis perros y a las 4.30 vuelvo al gimnasio y me quedo entrenado hasta las 20.30. Y despu\u00e9s de esto, poco m\u00e1s puedo hacer, la verdad.<\/p>\n<p>P.- \u00bfC\u00f3mo ves a la cantera que tenemos? \u00bfTenemos medalleros para rato?<\/p>\n<p>R.- Yo tengo la esperanza que s\u00ed. Los entrenadores lo est\u00e1n intentado con fuerza y esperemos que esto sirva.<\/p>\n<p>P.- \u00bfC\u00f3mo ves el futuro de la gimnasia espa\u00f1ola y el tuyo dentro de ella?<\/p>\n<p>R.- Me gustar\u00eda en el futuro, como he dicho, montar un gimnasio y formar gimnastas de elite. <\/p>\n<p>P.- creo recordar una entrevista,en tv3 creo que era, en la que contabas que despues de una sanci\u00f3n podias competir y que irias a prepararte las olimpiadas, dedicandote cien por cien a ello&#8230; en esta entrevista se te via con sobrepeso y la verdad no crei mucho en tus palabras&#8230; esas Olimpiadas conseguiste tu segundo oro. Impresionante. \u00bfque ritmo de entrenamiento llevabas esa temporada de preparacion? \u00bfcuantos kilos perdiste? GRACIAS<\/p>\n<p>R.- En realidad no era tanto sobrepeso sino bajar la masa muscular. Y el ritmo de entrenamiento fue muy duro.<\/p>\n<p>P.- Soy Marc, tengo siete a\u00f1os y practico la gimnasia en Alicante. Me gusta much\u00edsimo y me gustar\u00eda saber si es dif\u00edcil llegar a ese nivel como t\u00fa y Cu\u00e1ntos a\u00f1os ten\u00edas cuando empezaste?. <\/p>\n<p>R.- Ten\u00eda cinco a\u00f1os cuando empec\u00e9 y, la verdad, es dif\u00edcil llegar donde he llegado, pero creo que con ganas y entrenando duro, Marc, lo podr\u00e1s conseguir. Un fuerte abrazo<\/p>\n","protected":false},"excerpt":{"rendered":"<p>El lunes comenzaron los Mundiales de Stuttgart de Gimnasia, en los que la Selecci\u00f3n masculina se ha metido entre los doce mejores del Campeonato para ir a Pek\u00edn. Gervasio Deferr, miembro del equipo y medallista ol\u00edmpico ha charlado con los lectores sobre este Mundial y el mundo de la gimnasia.<\/p>\n","protected":false},"author":1,"featured_media":0,"comment_status":"open","ping_status":"open","sticky":false,"template":"","format":"standard","meta":{"footnotes":""},"categories":[],"tags":[],"class_list":["post-1343","post","type-post","status-publish","format-standard","hentry"],"_links":{"self":[{"href":"https:\/\/intervius.com\/index.html\/wp-json\/wp\/v2\/posts\/1343","targetHints":{"allow":["GET"]}}],"collection":[{"href":"https:\/\/intervius.com\/index.html\/wp-json\/wp\/v2\/posts"}],"about":[{"href":"https:\/\/intervius.com\/index.html\/wp-json\/wp\/v2\/types\/post"}],"author":[{"embeddable":true,"href":"https:\/\/intervius.com\/index.html\/wp-json\/wp\/v2\/users\/1"}],"replies":[{"embeddable":true,"href":"https:\/\/intervius.com\/index.html\/wp-json\/wp\/v2\/comments?post=1343"}],"version-history":[{"count":0,"href":"https:\/\/intervius.com\/index.html\/wp-json\/wp\/v2\/posts\/1343\/revisions"}],"wp:attachment":[{"href":"https:\/\/intervius.com\/index.html\/wp-json\/wp\/v2\/media?parent=1343"}],"wp:term":[{"taxonomy":"category","embeddable":true,"href":"https:\/\/intervius.com\/index.html\/wp-json\/wp\/v2\/categories?post=1343"},{"taxonomy":"post_tag","embeddable":true,"href":"https:\/\/intervius.com\/index.html\/wp-json\/wp\/v2\/tags?post=1343"}],"curies":[{"name":"wp","href":"https:\/\/api.w.org\/{rel}","templated":true}]}}