{"id":1337,"date":"2007-09-19T00:00:00","date_gmt":"2006-11-06T00:00:00","guid":{"rendered":"https:\/\/intervius.com\/index.html\/?p=1337"},"modified":"2006-11-06T00:00:00","modified_gmt":"2006-11-06T00:00:00","slug":"Juan_Duyos1337","status":"publish","type":"post","link":"https:\/\/intervius.com\/index.html\/Juan_Duyos1337\/","title":{"rendered":"Juan Duyos"},"content":{"rendered":"<p>Pregunta.- \u00bfEst\u00e1s de acuerdo con la medida tomada en Cibeles conr especto a las modelos y su peso o supone un problema a la hora de vestirlas?<\/p>\n<p>Respuesta.- Esta es una medida pol\u00edtica que todos los dise\u00f1adores tenemos que asumir. El problema no es para vestirlas, es para reunir un casting de primera, ya que hay chicas sanas y estupendas que o no quieren pesarse o no dan la medida.<\/p>\n<p>P.- \u00bfPor qu\u00e9 dej\u00f3 de dise\u00f1ar para Don Algod\u00f3n? \u00a1Sus dise\u00f1os nos encantaban!<\/p>\n<p>R.- Pepe Barroso decidi\u00f3 vender su marca a otra empresa americana, BCBG, con otra idea de negocio. A nosotros nos encant\u00f3 la experiencia y lo pas\u00e1bamos genial. Qu\u00e9 bien que te gustasen&#8230;<\/p>\n<p>P.- Me pareces uno de los mejores dise\u00f1adores del momento en nuestro pais. \u00bfQui\u00e9nes han sido tus inspiraciones a la hora de hacer tus colecciones? Muchas gracias.<\/p>\n<p>R.- Gracias a t\u00ed, Cris. Me inspira mi vida, lo que me rodea, lo que me apetece y lo que surge durante el periodo de creatividad&#8230; exposiciones, viajes, conversaciones, libros, gente, m\u00fasica&#8230; Todo esto dando vueltas en mi cabeza. <\/p>\n<p>P.- Buenos dias, \u00bfa qui\u00e9n te gustar\u00eda vestir?<\/p>\n<p>R.- Me encantar\u00eda vestir a Bette Davis. Aunque est\u00e1 claro que no puedo&#8230; De las chicas de ahora, me divierten mucho Mary-Kate Olsen y la novia de Pierre Casiragui, que es una chalada&#8230;<\/p>\n<p>P.- Hola Juan, de los colegas de profesi\u00f3n, \u00bfcon qui\u00e9n tienes mejor relaci\u00f3n o a qui\u00e9n admiras? Un saludo<\/p>\n<p>R.- Me llevo muy muy bien con Davidelf\u00edn, somos amigos. Miriam Oc\u00e1riz es deliciosa. Los Spastor son muy peculiares, me encanta su visi\u00f3n de la moda y me asombran con su forma de ver la vida.<\/p>\n<p>P.- \u00bfSe ha agotado la creatividad en el mundo de la moda?<\/p>\n<p>R.- No, para nada. A veces, lo que parece m\u00e1s sencillo es lo m\u00e1s creativo. <\/p>\n<p>P.- Hola Juan, me ha gustado mucho tu colecci\u00f3n Totem. Estuve el lunes en Cibeles y me encant\u00f3, pero me gustar\u00eda saber cu\u00e1l de los dise\u00f1adores con los que has trabajado, ha sido m\u00e1s influyente para t\u00ed: Manuel Pi\u00f1a, Cecilia Paniagua, Antonio Pernas&#8230; Sigue as\u00ed, me gusta mucho tu ropa. Un saludo. Javier<\/p>\n<p>R.- Con Cecilia Paniagua empec\u00e9, muy j\u00f3venes e inexpertos: era incre\u00edblemente creativa e inagotable. Fue bonito empezarlo con ella. Con Manuel fue distinto&#8230; pill\u00e9 el final de su enfermedad y fue una \u00e9poca agridulce. Era un gran creador. Con Antonio aprend\u00ed lo que es la industria de la moda. Son una familia encantadora.<\/p>\n<p>P.- \u00bfCrees que las modelos son felices con lo que hacen y el sacrificio que supone?<\/p>\n<p>R.- No lo s\u00e9, pero las veo muy contentas ganando dinerito y viajando por todo el mundo&#8230; Supongo que, como todos, tendr\u00e1n sus comidas de tarro&#8230;<\/p>\n<p>P.- Hola Juan. Me encant\u00f3 la cajita de Ariel con la camiseta. \u00bfColaboras con otras marcas?<\/p>\n<p>R.- Gracias, la colaboraci\u00f3n con Ariel fue cosa puntual: hicimos 4 conjuntos inspirados en sus valores. Creo que ha salido muy bien. Siempre estoy dispuesto a colaborar con marcas, me parece muy interesante y estimulante.<\/p>\n<p>P.- \u00bfAparte de suerte, qu\u00e9 m\u00e1s recomiendas para desfilar en Cibeles? \u00bfC\u00f3mo conseguiste que tus dise\u00f1os llegasen donde han llegado? \u00bfY qu\u00e9 escuela crees que es la mejor, las de renombre como Saint Martins o la de trabajar en taller con un dise\u00f1ador? Gracias y enhorabuena<\/p>\n<p>P.- \u00bfQu\u00e9 colecci\u00f3n de la pasarela te ha llamado m\u00e1s la atenci\u00f3n? \u00bfPor qu\u00e9?<\/p>\n<p>P.- Ante todo mis saludos: Mi pregunta es \u00bfQu\u00e9 es lo que m\u00e1s se valora a la hora de imaginar una prenda? Gracias \ud83d\ude42<\/p>\n<p>P.- Estimado sr. Duyos: los modelos de ropa que se lucen en las pasarelas, \u00bfdespu\u00e9s se pueden comprar? Es que nunca los veo por la calle.<\/p>\n<p>P.- Mi chico se compr\u00f3 unas gafas tuyas en Espa\u00f1a y han sido la locura donde vivimos en Holanda&#8230;Pero no conseguimos comprar ni ver nada tuyo por aqu\u00ed. dime tu p\u00e1gina web o tiendas donde ver tu colecci\u00f3n. \u00bfRealmente la moda espa\u00f1ola se exporta como se merece? <\/p>\n","protected":false},"excerpt":{"rendered":"<p>Tras su desfile en la jornada inaugural de la presente edici\u00f3n de la Pasarela Cibeles, el dise\u00f1ador Juan Duyos ha charlado con los lectores sobre su colecci\u00f3n.<\/p>\n","protected":false},"author":1,"featured_media":0,"comment_status":"open","ping_status":"open","sticky":false,"template":"","format":"standard","meta":{"footnotes":""},"categories":[],"tags":[],"class_list":["post-1337","post","type-post","status-publish","format-standard","hentry"],"_links":{"self":[{"href":"https:\/\/intervius.com\/index.html\/wp-json\/wp\/v2\/posts\/1337","targetHints":{"allow":["GET"]}}],"collection":[{"href":"https:\/\/intervius.com\/index.html\/wp-json\/wp\/v2\/posts"}],"about":[{"href":"https:\/\/intervius.com\/index.html\/wp-json\/wp\/v2\/types\/post"}],"author":[{"embeddable":true,"href":"https:\/\/intervius.com\/index.html\/wp-json\/wp\/v2\/users\/1"}],"replies":[{"embeddable":true,"href":"https:\/\/intervius.com\/index.html\/wp-json\/wp\/v2\/comments?post=1337"}],"version-history":[{"count":0,"href":"https:\/\/intervius.com\/index.html\/wp-json\/wp\/v2\/posts\/1337\/revisions"}],"wp:attachment":[{"href":"https:\/\/intervius.com\/index.html\/wp-json\/wp\/v2\/media?parent=1337"}],"wp:term":[{"taxonomy":"category","embeddable":true,"href":"https:\/\/intervius.com\/index.html\/wp-json\/wp\/v2\/categories?post=1337"},{"taxonomy":"post_tag","embeddable":true,"href":"https:\/\/intervius.com\/index.html\/wp-json\/wp\/v2\/tags?post=1337"}],"curies":[{"name":"wp","href":"https:\/\/api.w.org\/{rel}","templated":true}]}}