{"id":1332,"date":"2007-09-03T00:00:00","date_gmt":"2006-11-06T00:00:00","guid":{"rendered":"https:\/\/intervius.com\/index.html\/?p=1332"},"modified":"2006-11-06T00:00:00","modified_gmt":"2006-11-06T00:00:00","slug":"Manu_Carreno1332","status":"publish","type":"post","link":"https:\/\/intervius.com\/index.html\/Manu_Carreno1332\/","title":{"rendered":"Manu Carre\u00f1o"},"content":{"rendered":"<p>Pregunta.- \u00bfQui\u00e9n cree que deber\u00eda ser el &#8220;sacrificado&#8221; en el once titular del Real Madrid con la entrada de Robben?<\/p>\n<p>Respuesta.- Hola yomismo. As\u00ed me gusta, al grano, sin rodeos. Pues esa es la grn papeleta que tiene ahora en su mesa Schuster. Yo sacrificar\u00eda a Robinho, dejando a Guti, Snejder, Robben y Diarra por detr\u00e1s de los tres. Pero tanto Guti como Ra\u00fal pueden ser los sacrificados en momentos puntuales. Y otra cosa&#8230;que Robben se ponga pronto en forma porue luego tiene que ganarse el puesto, eh?&#8230;<\/p>\n<p>P.- Manu, soy b\u00e9tico, \u00bfc\u00f3mo calficar\u00edas la mano de C\u00faper en el Betis?<\/p>\n<p>R.- Hola, filie, qu\u00e9 pasa con ese Betis. Vaya minuto m\u00e1gico ayer&#8230; Yo creo que a\u00fan es pronto para valorar el trabajo de C\u00faper en el Betis, pero s\u00ed podemos valorar al C\u00faper de otros equipos como el Mallorca o el Valencia. A mi es un entrenador que me gusta. No se destaca por su juego vistoso, pero s\u00ed por hacer bloques muy compactos, en los que todos trabajan, donde no hay lugar para las estrellas que s\u00f3lo miran la porter\u00eda contraria. Y me gusta adem\u00e1s la mentalidad que contagia a sus jugadores. Pero repito, en el Betis, a\u00fan es pronto para juzgarle, aunque creo que va ser un buen a\u00f1o para los verdiblancos<\/p>\n<p>P.- \u00bfQu\u00e9 tal te esta pareciendo el arranque de liga del Almer\u00eda? \u00bfTe gusta su juego?<\/p>\n<p>R.- Pues ya dije la semana pasada que este equipo ha fichado bien, dentro de su modesto presupuesto, en su vuelta a Primera 27 a\u00f1os despu\u00e9s, y sobre todo creo que tiene un gran entrenador, como es Unai Emery. Ayer merecieron como m\u00ednimo el empate ante el Valencia. Los Corona, Negredo, Crusat y compa\u00f1\u00eda van a dar m\u00e1s de un dolor de cabeza a los rivales<\/p>\n<p>P.- \u00bfQu\u00e9 equipo crees que ha hecho el juego m\u00e1s divertido para los aficionados?<\/p>\n<p>R.- Hola V\u00edctor. Hasta ahora, sin duda el Real Madrid. La pretemporada no pudo ser m\u00e1s mala y m\u00e1s llena de dudas, pero en las dos primeras jornadas, creo que no ha habido un equipo que haya jugado mejor que el equipo blanco. La conexi\u00f3n Guti-Snejder promtete. Pero a\u00fan es pronto&#8230;<\/p>\n<p>P.- \u00bfCrees que tiene solucion a corto plazo todo el &#8220;l\u00edo&#8221; del las televisiones y el f\u00fatbol?<\/p>\n<p>R.- Pues esperemos que s\u00ed por el bien del f\u00fatbol y de los aficionados. Ahora hay dos semanas por delante hasta que regrese la Liga, y veremos si las dos partes son capaces de alcanzar alg\u00fan acuerdo. En cualquier caso, cuando una de las dos partes no respeta lo firmado en un contrato, y como ayer, decide retransmitir un partido en abierto, sin el visto bueno de uno de los equipos, en este caso el Real Madrid, que reconoci\u00f3 en una nota p\u00fablica a los medios de comunicaci\u00f3n que los derechos de esta temporada pertenecen a Audiovisual Sport, creo que poco m\u00e1s se puede a\u00f1adir. Los tribunales, o el Gobierno, decidir\u00e1. Ya veremos qu\u00e9 pasa<\/p>\n<p>P.- \u00bfVa a ser el Valencia un aspirante a ganar la Liga? \u00bfO al menos a quedar entre los 4 primeros? A pesar de que gan\u00f3 ayer, no creo que este a la altura que se merece. \u00a1Gracias!<\/p>\n<p>R.- Hola gemma serr&#8230; Poner en duda que este Valencia, que tiene la misma plantilla que el a\u00f1o pasado, m\u00e1s tres o cuatro refuerzos de calidad, no tiene categor\u00eda para terminar entre los 4 primeros, es volverse locos ya desde el principio. Otra cosa es lo que luego ocurra, porque todos no pueden estar entre los cuatro primeros. Pero R.Madrid, F.C.Barcelona, Sevilla, Valencia y At.Madrid son los cinco mejores bloques con diferencia. Uno quedar\u00e1 fuera, si no hay m\u00e1s sorpresas&#8230;<\/p>\n<p>P.- \u00bfQu\u00e9 crees que le pasa al Real Zaragoza en la defensa, que parece una berbena?<\/p>\n<p>R.- hola ma\u00f1o&#8230; Hombre, perder a Gaby Milito y encontrarle un recambio de su nivel no es f\u00e1cil. Pero creo que la pareja Ayala-Sergio es una buena pareja de centrales. Lo que pasa es que arriba brillan tanto los jugadores de ataque, que de medio campo hacia atr\u00e1s parece que todo sabe a poco. F\u00edjate ayer: Zapater, Diego Milito, Aimar, DAlessandro, Oliveira&#8230; HAy que tener un par para tener a todos y alinearles juntos. Ol\u00e9 por V\u00edctor Fern\u00e1ndez. Y atr\u00e1s, los dos centrales mencionados m\u00e1s Diogo y Juanfran en los laterales forman una gran defensa. A lo mejor la culpa no es de ellos, si no del tipo de jugador de medio campo hacia arriba, que piensasn mucho m\u00e1s en atacar que en defender. Pero yo celebro la apuesta y conf\u00edo en este Zaragoza<\/p>\n<p>P.- \u00bfQu\u00e9 te pareci\u00f3 la actuaci\u00f3n de Drenthe?<\/p>\n<p>R.- Qu\u00e9 pasa, JuanaN. Me pareci\u00f3 bien, en la l\u00ednea de lo que se espera de un jugador de sus caracter\u00edsticas. Su punto fuerte no es defender, pero ya estaban acostumbrados con Roberto Carlos en esa zona del campo. Un portento f\u00edsico, incansable, que le gusta sumarse al ataque m\u00e1s que al brasile\u00f1o. Pero quiero verle m\u00e1s. A\u00fan es pronto para varorarle. Necesita tiempo para encontrar su sitio.<\/p>\n<p>P.- Hace unas semanas dijo en el programa que estaba de acuerdo con la decisi\u00f3n de Luis Aragon\u00e9s de no llevar a R\u00e1ul (Real Madrid) a la selecci\u00f3n, tras las dos primeras jornadas de la liga. \u00bfCree que Ra\u00fal deber\u00eda estar en la selecci\u00f3n? Mi opini\u00f3n es que s\u00ed, que nunca deber\u00eda haberla abandonado y el que no deber\u00eda estar es el propio Luis.<\/p>\n<p>R.- Hola Paquito(supongo que tampoco ers &#8220;el chocolatero&#8221;). Pues yo creo que si Ra\u00fal sigue como ha empezado estas dos jornadas de Liga, deber\u00e1 estar en la selecci\u00f3n y Luis se equivocar\u00e1 si no le lleva o le deja por pura cabezoner\u00eda. Yo ni soy anti Ra\u00fal, ni pro Ra\u00fal. Ni debe ir siempre porque s\u00ed, aunque est\u00e9 mal, ni debe quedarse fuera porque s\u00ed. Creo que la temporada pasada no estaba a buen nivel y lo dije. Y ahora digo que ha empezado muy bien el curso, tal vez tenga que ver que est\u00e1 jugando donde debe jugar, y por tanto, si sigue as\u00ed, Luis deber\u00eda llamarle.<\/p>\n<p>P.- Hola tocayo. \u00bfConsideras justa la actuaci\u00f3n de Teixeira en el partido de ayer? \u00bfNo se supone que los \u00e1rbitros son jueces y con lo cual, deben ser objetivos? Pareci\u00f3 un ajuste de cuentas con el Kun.<\/p>\n<p>R.- Qu\u00e9 pasa, Manu. No vi el partido entero as\u00ed que no te puede hacer un balance del arbitraje con pelos y se\u00f1ales. S\u00ed he visto en el resumen del partido que no se\u00f1al\u00f3 un claro penalty sobre Ag\u00fcero. Mi opini\u00f3n de los \u00e1rbitros ya la sab\u00e9is: son muy malos. Creo que este fin de semana ha sido una prueba m\u00e1s. Estropean m\u00e1s que ayudan, pero no nos queda otro remedio&#8230; Alguien tiene que pitar<\/p>\n<p>P.- Manu, \u00bfqu\u00e9 te parece nuestro Valladolid? Ayer jug\u00f3 genial pero tuvo mala suerte y no sentenci\u00f3. Pero parece que no pasar\u00e1 apuros para mantenerse. \u00bfLe ves ganando al Madrid aqu\u00ed en 20 d\u00edas?<\/p>\n<p>R.- Hola pucelano. Pues la verdad es que viendo los dos primeros partidos, no parece que el Valladolid sea un reci\u00e9n ascendido. Les veo bien. Ayer merecieron los tres puntos ante el Depor( y no es pasi\u00f3n de madre). Pero de verdad no les veo pasando apuros para mantenerse. En cambio, a los de Lotina les veo sufriendo este a\u00f1o&#8230; No me gusta este Depor<\/p>\n<p>P.- Despu\u00e9s de estas dos primeras jornadas de Liga, \u00bfqu\u00e9 equipos ves que han podido reforzar mejor sus plantillas con respecto a los resultados obtenidos?<\/p>\n<p>R.- Hola JoRge08. Creo que el Bar\u00e7a se ha reforzado muy bien, con Tour\u00e9, Abidal, Henry, y la llegada del filial del mexicano Giovani. Y el Atl\u00e9tico tres cuartas partes de lo mismo. Es un lujo tener a Forl\u00e1n, Simao, Reyes y Luis Garc\u00eda, m\u00e1s Ag\u00fcero, que ya estaba. En cuanto a la clasificaci\u00f3n, creo que a\u00fan es pronto para mirarla<\/p>\n<p>P.- \u00bfQu\u00e9 opinas del Mallorca este a\u00f1o? \u00bfQu\u00e9 aspiraciones puede tener?\u00bfChampions?<\/p>\n<p>R.- Hala!, diablorojo&#8230;te has pasado, no? Yo veo al Mallorca de media tabla para abajo, con opciones de pelear la UEFA. Lo de Champions ya me suena a palabras mayores, no? Tienen a Manzano que siempre consigue excelentes resultados de sus plantillas, y con Ibagaza recuperado, m\u00e1s Jon\u00e1s, Arango, y la llegada de G\u00fciza, pueden hacer un buen a\u00f1o. Pero como mucho, pelendo por la UEFA<\/p>\n<p>P.- \u00bfQui\u00e9n cree que tira mejor las faltas, Sneijder o Ronaldinho? <\/p>\n<p>R.- Hola Ribera. Me quedo con Ronaldinho&#8230; le hemos visto m\u00e1s que al holand\u00e9s. Y aunque por lo visto en el Ajax y lo poco que lleva en el Madrid, est\u00e1 demostrando que no se le da nada mal, me sigo quedando con el brasile\u00f1o, que por cierto parece m\u00e1s feliz en los \u00faltimos d\u00edas&#8230;. Bailando en los entrenamientos, dedicando los goles a su hijo en la grada&#8230; Tendr\u00e1 algo que ver la lesi\u00f3n de Etoo&#8230;? Es broma, eh? Ya sabemos que son grandes amigos, no?<\/p>\n<p>P.- \u00bfTe parece que la victoria del Bar\u00e7a ha sido injusta?<\/p>\n<p>R.- Hola Salvi. No ha sido injusta porque pudo marcar algunos goles m\u00e1s. Lo que me parece qes que dos de los tres goles que subieron al marcador no deber\u00edan haberlo hecho. Ni el penalty a Henry me parece penalty, ni el gol de Tour\u00e9 es gol. Pero el asistente de Meg\u00eda D\u00e1vila tiene tan buena vista, que vio lo que no vimos el resto, inclu\u00eddo el propio Meg\u00eda, y los 22 protagonistas restantes. Pero \u00e9l s\u00ed, dijo que hab\u00eda entrado. Y se equivoc\u00f3. Pero repito: la victoria del Bar\u00e7a me parece justa porque fue el mejor<\/p>\n<p>P.- \u00bfQui\u00e9n le pareci\u00f3 el mejor equipo de la jornada? \u00bfY el mejor jugador?<\/p>\n<p>R.- Hola V\u00edctor. No he visto todos los partidos completos, pero me parece que nadie ha jugado al nivel del Real Madrid, para mi el equipo de la jornada; y creo que nadie ha jugado al nivel de Snjeider. Clase, visi\u00f3n de juego, calidad t\u00e9cnica, trabajo y gol. Esas son sus virtudes. Ayer las reuni\u00f3 todas en el Madrigal<\/p>\n<p>P.- \u00bfTe ha sorprendido la goleada del madrid al villarreal? Un abrazo Manu, eres el mejor.<\/p>\n<p>R.- Si miramos lo hecho en la pretemporada, sin ninguna duda. Pero ya son dos jornadas, y la de ayer en el Madrigal ante un equipo que estaba en una buen\u00edsima racha. Creo que la pareja Guti-Snejder la pueden liar. Diarra currando atr\u00e1s, y el resto con movilidad absoluta son muy peligrosos. Ra\u00fal est\u00e1 donde debe jugar y V. Nistelrooy sigue marcando&#8230;en definitiva, son muy peligrosos. Pero ojo, hasta ahora se han medido a dos equipos que dejan jugar: Atl\u00e9tico y Villarreal. A ver qu\u00e9 pasa cuando el rival se cierre&#8230;y presione m\u00e1s. Habr\u00e1 que ver.<\/p>\n<p>P.- Hola, \u00bfqu\u00e9 quiere decir Aguirre al enfatizar tanto que el asunto Riquelme lo decid\u00edan entre cuatro personas? Porque parece que echase balones fuera al hacerlo&#8230;.<\/p>\n<p>R.- Lo que quiere decir es que alguna vez alguien se acuerda de Aguirre, que no le se\u00f1alen a \u00e9l como \u00fanico culpable de no haberlo tra\u00eddo. A mi me hubiera gustado ver a Riquelme en el Atl\u00e9tico. Creo que es un sitio perfecto para \u00e9l, por mucha estrella que hayan fichado este a\u00f1o. No se puede decir no a un jugador como Riquelme, sea s\u00f3lo Agurre, o haya sido entre cuatro(Cerezo, Gil Mar\u00edn, Garc\u00eda Pitarch, y el propio Aguirre). <\/p>\n<p>P.- \u00bfQu\u00e9 opinas sobre el Depor? \u00bfRealmente es un proyecto ilusionante?<\/p>\n<p>R.- Ya he dicho antes que Lotina va a tener que trabajar mucho con este equipo. Hemos pasado del SuperDepor a una plantilla muy justita. Pero hay que confiar en Lotina<\/p>\n<p>P.- \u00bfQu\u00e9 opina de Robben, fichaje estrella lesionado y que no ha debutado ?<\/p>\n<p>R.- Hola Calder\u00f3n&#8230; No ser\u00e1s Ram\u00f3n, no? Bien, pues mi opini\u00f3n es que Robben es un excelente jugador de banda, con el bal\u00f3n pegado al pie, que busca el uno para uno, que dribla, que encara, que es rapid\u00edsimo, que se pega a la l\u00ednea&#8230; pero que est\u00e1 fuera de forma. Tiene que hacer una mini pretemporada, y si las lesiones le respetan y se pone a punto f\u00edsicamente, va a entusiasmar al Bernab\u00e9u. Suerte, Ram\u00f3n&#8230;digo, Calder\u00f3n<\/p>\n","protected":false},"excerpt":{"rendered":"<p>Cada lunes, el presentador del informativo de deportes de Cuatro analiza con los lectores la jornada de Liga, respondiendo a las preguntas de los aficionados sobre los diferentes partidos. <\/p>\n","protected":false},"author":1,"featured_media":0,"comment_status":"open","ping_status":"open","sticky":false,"template":"","format":"standard","meta":{"footnotes":""},"categories":[],"tags":[],"class_list":["post-1332","post","type-post","status-publish","format-standard","hentry"],"_links":{"self":[{"href":"https:\/\/intervius.com\/index.html\/wp-json\/wp\/v2\/posts\/1332","targetHints":{"allow":["GET"]}}],"collection":[{"href":"https:\/\/intervius.com\/index.html\/wp-json\/wp\/v2\/posts"}],"about":[{"href":"https:\/\/intervius.com\/index.html\/wp-json\/wp\/v2\/types\/post"}],"author":[{"embeddable":true,"href":"https:\/\/intervius.com\/index.html\/wp-json\/wp\/v2\/users\/1"}],"replies":[{"embeddable":true,"href":"https:\/\/intervius.com\/index.html\/wp-json\/wp\/v2\/comments?post=1332"}],"version-history":[{"count":0,"href":"https:\/\/intervius.com\/index.html\/wp-json\/wp\/v2\/posts\/1332\/revisions"}],"wp:attachment":[{"href":"https:\/\/intervius.com\/index.html\/wp-json\/wp\/v2\/media?parent=1332"}],"wp:term":[{"taxonomy":"category","embeddable":true,"href":"https:\/\/intervius.com\/index.html\/wp-json\/wp\/v2\/categories?post=1332"},{"taxonomy":"post_tag","embeddable":true,"href":"https:\/\/intervius.com\/index.html\/wp-json\/wp\/v2\/tags?post=1332"}],"curies":[{"name":"wp","href":"https:\/\/api.w.org\/{rel}","templated":true}]}}