{"id":1328,"date":"2007-08-31T00:00:00","date_gmt":"2006-11-06T00:00:00","guid":{"rendered":"https:\/\/intervius.com\/index.html\/?p=1328"},"modified":"2006-11-06T00:00:00","modified_gmt":"2006-11-06T00:00:00","slug":"Paco_Antequera1328","status":"publish","type":"post","link":"https:\/\/intervius.com\/index.html\/Paco_Antequera1328\/","title":{"rendered":"Paco Antequera"},"content":{"rendered":"<p>Pregunta.- \u00bfQu\u00e9 te parece la expulsi\u00f3n de Valverde del Mundial?<\/p>\n<p>Respuesta.- Yo creo que expulsi\u00f3n no es. De momento hay una notificaci\u00f3n para que la Federaci\u00f3n tome medidas, aunque de momento sigo teniendo al corredor en la lista hasta que se demuestre algo.<\/p>\n<p>P.- Paco, como se puede vetar a un ciclista sin pruebas de que se dope?<\/p>\n<p>R.- Ahora mismo, casi todos los medios dan por hecho que no vaya a estar, y hasta que no haya pruebas no se puede hablar. Ahora la UCI lo ha sacado al aire, pero de momento no hay pruebas y hay que seguir pensando en que va a estar. <\/p>\n<p>P.- buenos dias paco!! Como asumis el mundial dado que la gran estrella valverde n estara en el?? Hay posibilidad de medalla??gracias y suerte<\/p>\n<p>R.- Valverde es una pieza fundamental y ya ha conseguido tres medallas, pero no hay que olvidar a Freire, tricampe\u00f3n del mundo, as\u00ed que seguimos siendo una selecci\u00f3n que somos la envidia del mundo.<\/p>\n<p>P.- Paco, \u00bfusted cree que Contador no esta capacitado para correr un mundial, por la forma que llega o x que no es un clasic\u00f3mano ?<\/p>\n<p>R.- No, no, el domingo pasado habl\u00e9 con \u00e9l y lo que pasa es que para ir a un Mundial hay que prepararlo. Y dado que no va a correr la Vuelta, considero que no va a estar preparado. Otra cosa ser\u00e1 el a\u00f1o que viene que las olimpiadas son despu\u00e9s del Tour y ah\u00ed si que estar\u00e1 bien y probablemente cuente con \u00e9l. Quiz\u00e1 ahora su mente est\u00e9 en el a\u00f1o que viene, no en el Mundial.<\/p>\n<p>P.- Hola Paco, adem\u00e1s de Alberto Contador, \u00bfqu\u00e9 ciclistas j\u00f3venes espa\u00f1oles crees que dar\u00e1n el salto de calidad para estar en la \u00e9lite en los pr\u00f3ximos a\u00f1os? \u00bfc\u00f3mo ves a mis paisanos Jose Luis Carrasco y Manuel Ortega en ese sentido? Gracias y suerte en el Mundial<\/p>\n<p>R.- Gracias a t\u00ed. Ahora mismo y gracias a Dios, el ciclismo espa\u00f1ol tiene futuro, saliendo generaciones nuevas constantemente. He estado hace poco con Carrasco y me parece un gran profesional. El problema es que cada vez hay menos equipos por la reducci\u00f3n, pero hay futuro, sin duda.<\/p>\n<p>P.- Considero que no debeis ceder al chantaje contra Valverde. No se puede vetar a un corredor sin pruebas, y debe caber la presuncion de inocencia. \u00bfPodr\u00eda decidir Espa\u00f1a no correr sino se le deja correr a Valverde? Animo<\/p>\n<p>R.- Desde tu punto de vista, si que me gustar\u00eda que la selecci\u00f3n espa\u00f1ola estemos unidos. Mientras no se demuestre que se haya dopado pienso que debemos plantarnos. No podemos dejar a Alejandro de lado despu\u00e9s de las alegr\u00edas que nos ha dado.<\/p>\n<p>P.- Aupa: \u00bfQu\u00e9 papel desempe\u00f1ara Samuel S\u00e1nchez en la selecci\u00f3n en caso de ir al Mundial? \u00bftendr\u00e1 libertad? Un saludo, y sigue asi que eres un crack como seleccionador!<\/p>\n<p>R.- Samuel si que va a tener cierta libertad, aunque cuando lleguemos a los \u00faltimos kil\u00f3metros, Freire ser\u00e1 el cabeza de filas. Pero si no est\u00e1 el c\u00e1ntabro contaremos con \u00e9l y el factor sorpresa que representa.<\/p>\n<p>P.- Piensas que Italia sigue siendo nuestro rival a batir? Viendo las caracterisitcas de la carrera, \u00bftienes un claro favorito? Suerte para la cita<\/p>\n<p>R.- Italia siempre es una selecci\u00f3n a batir, ya que para ellos el Mundial, junto a la Milan San Remo son las carreras m\u00e1s importantes del a\u00f1o (junto al Giro).<\/p>\n<p>P.- Hola seleccionador. Antes de nada felicitarle por el gran trabajo que lleva haciendo estos a\u00f1os en la selecci\u00f3n. Mi pregunta es si \u00bfno cree que los implicados en la Operacion Puerto deberian haber sido sancionados ya? Porque, seg\u00fan mi opini\u00f3n, se les esta tratando muy mal y el da\u00f1o psicologico que se les esta haciendo es muy grande porque, aunque sean culpables, se les esta persiguiendo y no les van a dejar practicar jamas su deporte, el ciclismo.<\/p>\n<p>R.- Por supuesto que deber\u00eda haberse terminado ya. Tienes raz\u00f3n que se ha hecho mucho da\u00f1o a ciclistas como Beloki, que tiene tres podios en el Tour de Francia, y que sin probarse su culpabilidad est\u00e1 en una situaci\u00f3n lamentable. En princio el proceso est\u00e1 archivado, pero parece lo contrario.<\/p>\n<p>P.- Buenas!! \u00bfQu\u00e9 hay que hacer para limpiar el ciclismo? porque d\u00eda tras d\u00eda hay noticias de dopaje: Rasmussen, Landis, Vinokourov&#8230;\u00bfpara cu\u00e1ndo un deporte limpio? un abrazo!<\/p>\n<p>R.- Eso es muy dif\u00edcil, porque cualquier deporte de \u00e9lite tiene una gran exigencia. Lo que pasa es que en ciclismo se pasan mil controles m\u00e1s que en los dem\u00e1s deportes. Y es normal que con tantos controles al final caiga alguno.<\/p>\n<p>P.- \u00bfNo cree que el ciclismo de alto rendimiento en perjudicial para la salud de los ciclistas por someter al organismo a esfuerzos l\u00edmite?<\/p>\n<p>R.- Por supuesto. El cuerpo de un deportista de alto rendimiento sufre algo que no es normal para cualquier otra persona.<\/p>\n<p>P.- \u00bf Por qu\u00e9 crees que el dopaje est\u00e1 tan perseguido en el ciclismo y no en otros deportes?<\/p>\n<p>R.- Si la UCI no se preocupa de sus corredores, \u00bfqui\u00e9n lo va a hacer? Cada vez nos pone m\u00e1s trabas y no tenemos a nadie que ampare a los ciclistas. Pero bueno, las pautas de control las marcan las federaciones.<\/p>\n<p>P.- Con todo lo que esta sucediendo ultimamente en el ciclismo,\u00bf te quedan ganas para seguir?<\/p>\n<p>R.- Sinceramente no, porque esto no tiene ni pies ni cabeza y al final la gente vinculada al ciclismo aparece como drogadictos, y el ciclismo es mucho m\u00e1s bonito que todo esto.<\/p>\n<p>P.- A usted no le parece todo este rollo del ciclismo actual un montaje de una serie de se\u00f1ores para vivir de ello y que los correderes son unos pringados que no tienen la suficiente personalidad y formacion para decir hasta aqui hemos llegado?<\/p>\n<p>R.- Tienes toda la raz\u00f3n. Nos hemos rodeado de un grupo de gente, en este caso la UCI, que solo piensan en ganar dinero y vivir bien a costa de los dem\u00e1s. Has dado en el clavo.<\/p>\n<p>P.- \u00bfQue piensa sobre la UCI, al dejarse llevar por lo que los medios alemanes dicen sobre Valverde?<\/p>\n<p>R.- Ahora mismo la UCI est\u00e1 jugando un pulso contra organizaciones y eventos deportivos, y los est\u00e1 perdiendo todos. Ahora mismo a la UCI la situaci\u00f3n se le escapa de las manos y accede a meterse en temas pol\u00e9micos para desviar la atenci\u00f3n.<\/p>\n<p>P.- \u00bfQu\u00e9 opini\u00f3n tienes de los cicloturistas? \u00bfQu\u00e9 te parecer\u00eda que existiera una selecci\u00f3n de cicloturistas representando a Espa\u00f1a en pruebas a nivel internacional?<\/p>\n<p>R.- Me parece que el cicliturismo tiene el mismo derecho que los dem\u00e1s deportes a competir internacionalmente. Pienso que ahora mismo deber\u00edamos tenerlos m\u00e1s en cuenta, ya que son los que m\u00e1s dinero se gastan en el ciclismo, y nos dan a muchos de comer (tiendas, federaciones,&#8230;)<\/p>\n<p>P.- Hola Paco,\u00bfTienes ya decididos a todos los preseleccionados o vas a esperar a que acabe la Vuelta?<\/p>\n<p>R.- Por supuesto voy a esperar que acabe la Vuelta. Las puertas siguen abiertas porque la Vuelta, igual que te puede dar todo, te lo puede quitar del mismo modo.<\/p>\n<p>P.- Como ves las posibilidades espa\u00f1olas en la prueba contrarreloj? Quien ves como favorito para el oro? Un saludo.<\/p>\n<p>R.- Esta claro que ahora Ivan Gutierrez es una baza, que ya ha logrado antes una medalla de plata. Antes es verdad que con nombres como Olano o Indur\u00e1in era m\u00e1s f\u00e1cil, pero bueno, en un d\u00eda bueno podemos subir al podio.<\/p>\n<p>P.- Ha preseleccionado a mucha gente, pero \u00bfno se ha olvidado de Barredo? <\/p>\n<p>R.- Siempre hay corredores que van mejor y al final solo pueden ir nueve al Mundial y es dif\u00edcil que esten todos. Me puedo equivocar, pero por circuntancias todos no pueden ir. Pero bueno, para eso est\u00e1 la Vuelta como \u00faltima oportunidad al alcance de todos.<\/p>\n<p>P.- Paco, es evidente el contratiempo que se crea al no poder contar con Valverde para el Mundial; pero de verdad no crees que si esto hubiera pasado con un ciclista alem\u00e1n, no hubi\u00e9ramos clamado para que no participara en el Mundial? Hasta qu\u00e9 punto tiene fe en Alejandro Valverde?<\/p>\n<p>R.- Tengo toda la fe del mundo en Alejandro y pienso que esto es una nube pasajera. Hasta que se confirme lo contrario, estamos con \u00e9l a muerte.<\/p>\n<p>P.- Aparte de Alejandro Valverde, hay otros como por ejemplo Ruben Plaza, pedazo de ciclista tambien y que para mi es inocente. \u00bfCuales son las cosas que se han hecho mal en la operaci\u00f3n puerto?<\/p>\n<p>R.- Se han marcado unas cosas y nos guste o no alg\u00fan d\u00eda se sabr\u00e1 la verdad. Por circunstancias, a algunos les han dejado correr y a otros no. Lamentablemente ha faltado la uni\u00f3n entre los ciclistas para hacer un plante ante esta injusticia, pero no se ha hecho y as\u00ed estamos<\/p>\n<p>P.- Sr. Antequera, Vd fue ciclista sabe de sobre lo que hay en ese mundo. Cada vez las exigencias son mayores. Los patrocinadores exigen, los directores exigen, las televisiones lo mismo. Hay que llegar a las 17:15, hay que hacer disputadas las etapas, la velocidad tiene que ser alta, hay que disputar 19 etapas, subir un mont\u00f3n de puertos, con calor, con agua, con frio, &#8230;\u00a1 y a pan y agua! Y todos los ciclistas presentes y pasados dicen que van as\u00ed. \u00bfNo ser\u00e1 ya el momento de hablar claro?<\/p>\n<p>R.- En todos los deportes de elite, por sus exigencias&#8230; esto es un v\u00ednculo cerrado. Aqu\u00ed, aunque lo pague el ciclista, la culpa es de todos, incluido los espectadores, que quieren ver un gran espect\u00e1culo. Pero bueno, esto es igual que en todos los deportes, no pasa solo en el ciclismo. Tienes toda la raz\u00f3n. <\/p>\n<p>P.- Fui compa\u00f1ero tuyo de la banda de cornetas de Paterna en la mili y quer\u00eda preguntarte si ves a Contador como un solido campeon. Un abrazo amigo ,he seguido toda tu trayectoria profesional <\/p>\n<p>R.- Gracias y un saludo, que si que me acuerdo de t\u00ed. Ahora es f\u00e1cil decir que Contador ha ganado, pero hace ya dos a\u00f1os coment\u00e9 que era el siguiente ganador espa\u00f1ol del Tour. Es decir, conf\u00edo plenamente en \u00e9l y sus posibilidades.<\/p>\n<p>P.- \u00bfEs l\u00f3gico, que Zabel admitiendo que se dop\u00f3 pueda correr el mundial, y Valverde que se cree que se pudo dopar no lo dejen correr? <\/p>\n<p>R.- No es l\u00f3gico desde luego. Lo que pasa es que Zabel es el \u00fanico alem\u00e1n con posibilidades en un mundial que se celebra en Alemania y as\u00ed demuestran su falta de \u00e9tica&#8230;<\/p>\n<p>P.- \u00bfSe puede ganar un Tour, Giro, o Vuelta sin doparse?<\/p>\n<p>R.- Por supuesto que s\u00ed. Ahora y hace a\u00f1os. Siempre hay gente que abusa, pero bueno tambien hay gente que va como debe ir. Y tambi\u00e9n hay que tener en cuenta que la medicina deportiva no hace de un burro un caballo de carreras<\/p>\n<p>P.- \u00bfSe equivocaron el a\u00f1o pasado en el mundial con Samuel Sanchez al no apostar por \u00e9l y hacer que lanzara a Alejandro Valverde?<\/p>\n<p>R.- Son circunstancias de carrera. Visto como se vio en televisi\u00f3n eso parec\u00eda. Pero bueno, fue una sorpresa. Yo pienso que las condiciones de Samuel son de probarlo desde antes, no justo en el esprint, para eso contamos con las bazas de Valverde y Freire.<\/p>\n<p>P.- \u00bfQue te parece la trama de dopaje en el equipo Astan\u00e1 con Vinokourov y Kascheskin?<\/p>\n<p>R.- No puedo comprender que corredores de su categor\u00eda se arriesgan de manera que saben que les van a coger. No tiene explicaci\u00f3n o yo, al menos, no lo comprendo.<\/p>\n<p>P.- \u00bfEs un contratiempo no poder contar con Valverde para el Mundial? <\/p>\n<p>R.- Ser\u00eda un contratiempo si se confirma, pero de momento voy a contar con \u00e9l y veremos que pasa en d\u00edas venideros. Se est\u00e1 dando en todos los medios que no va a correr, pero ahora msimo no es as\u00ed. Eso es lo que quisiera la UCI, pero aqu\u00ed hay que darle la presunci\u00f3n de inocencia. De momento, Valverde es apto para correr el mundial.<\/p>\n<p>P.- \u00bfLe sorprende que en Espa\u00f1a no se cuestione el hecho del dopaje como se lo cuestionan en otros pa\u00edses dejando atr\u00e1s visiones patri\u00f3ticas?<\/p>\n<p>R.- Para bien o para mal, en este mundo todo puede caber.<\/p>\n<p>P.- \u00bfNo cree que deber\u00edan tener una postura m\u00e1s fuerte con respecto a la UCI, o bien plantearse el retirar a la selecci\u00f3n de este campeonato? No se puede jugar con especulaciones, o hechos, o no se puede jugar con la vida de las psersonas.<\/p>\n<p>R.- \u00bfNo cree que deber\u00edan tener una postura m\u00e1s fuerte con respecto a la UCI, o bien plantearse el retirar a la selecci\u00f3n de este campeonato? No se puede jugar con especulaciones, o hechos, o no se puede jugar con la vida de las psersonas.<\/p>\n<p>P.- Hola Paco. Eufemiano Fuentes nos mostr\u00f3 su opini\u00f3n sobre el deporte de \u00e9lite y los riesgos que \u00e9ste comporta para la salud en los Cursos de Verano de la Universidad Rey Juan Carlos en Aranjuez, donde t\u00fa tambi\u00e9n estuviste. \u00bfD\u00f3nde crees que deber\u00eda estar el l\u00edmite para usar ciertas sustancias y\/o para limitar los trazados de las grandes vueltas?<\/p>\n<p>R.- Lo que est\u00e1 claro es que hay unos l\u00edmites y unos topes. el ciclismo est\u00e1 rodeado por m\u00e9dicos que deben vigilar por la salud. y el que se salte las normas y le pillen, que lo pague, sin duda.<\/p>\n","protected":false},"excerpt":{"rendered":"<p>El seleccionador nacional de ciclismo ha charlado con los lectores del soprendente veto de la UCI a Valverde de cara al Mundial de Ciclismo, de la Vuelta a Espa\u00f1a que comienza el s\u00e1bado en Vigo y de toda la actualidad del mundo de la bicicleta. <\/p>\n","protected":false},"author":1,"featured_media":0,"comment_status":"open","ping_status":"open","sticky":false,"template":"","format":"standard","meta":{"footnotes":""},"categories":[],"tags":[],"class_list":["post-1328","post","type-post","status-publish","format-standard","hentry"],"_links":{"self":[{"href":"https:\/\/intervius.com\/index.html\/wp-json\/wp\/v2\/posts\/1328","targetHints":{"allow":["GET"]}}],"collection":[{"href":"https:\/\/intervius.com\/index.html\/wp-json\/wp\/v2\/posts"}],"about":[{"href":"https:\/\/intervius.com\/index.html\/wp-json\/wp\/v2\/types\/post"}],"author":[{"embeddable":true,"href":"https:\/\/intervius.com\/index.html\/wp-json\/wp\/v2\/users\/1"}],"replies":[{"embeddable":true,"href":"https:\/\/intervius.com\/index.html\/wp-json\/wp\/v2\/comments?post=1328"}],"version-history":[{"count":0,"href":"https:\/\/intervius.com\/index.html\/wp-json\/wp\/v2\/posts\/1328\/revisions"}],"wp:attachment":[{"href":"https:\/\/intervius.com\/index.html\/wp-json\/wp\/v2\/media?parent=1328"}],"wp:term":[{"taxonomy":"category","embeddable":true,"href":"https:\/\/intervius.com\/index.html\/wp-json\/wp\/v2\/categories?post=1328"},{"taxonomy":"post_tag","embeddable":true,"href":"https:\/\/intervius.com\/index.html\/wp-json\/wp\/v2\/tags?post=1328"}],"curies":[{"name":"wp","href":"https:\/\/api.w.org\/{rel}","templated":true}]}}