{"id":1318,"date":"2007-08-24T00:00:00","date_gmt":"2006-11-06T00:00:00","guid":{"rendered":"https:\/\/intervius.com\/index.html\/?p=1318"},"modified":"2006-11-06T00:00:00","modified_gmt":"2006-11-06T00:00:00","slug":"Abel_Anton1318","status":"publish","type":"post","link":"https:\/\/intervius.com\/index.html\/Abel_Anton1318\/","title":{"rendered":"Abel Ant\u00f3n"},"content":{"rendered":"<p>Pregunta.- Hola Abel, me gustar\u00eda saber que es lo primero que se le viene a la cabeza a un maratoniano cuando entra en el estadio en la primera posicion y escucha rugir a todo el publico. \u00bfVes este a\u00f1o serias aspiraciones a medalla en el maraton? Muchas gracias<\/p>\n<p>Respuesta.- Hay esperanzas, en 42km puede ocurrir cualquier cosa, no hay favoritos claros, los espa\u00f1oles con la temperatura que va a hacer en Osaka pueden tener posibilidades.<\/p>\n<p>P.- \u00bfCree que habr\u00e1 sorpresas en este Mundial?<\/p>\n<p>R.- Siempre existe alguna sorpresa, aunque los favoritos suelen ser claros hay en pruebas como la Marat\u00f3n que no se sabe nunca lo que puede suceder.<\/p>\n<p>P.- \u00bfTiene alg\u00fan deportista favorito?<\/p>\n<p>R.- Para mi un rey ser\u00eda Kenenisa Bekele, que va a correr los 5000 metros porque hace mucho calor. Es una maravillla verle correr en la pista porque casi siempre anda sobrado.<\/p>\n<p>P.- \u00bfEn qu\u00e9 cree que ha cambiado el atletismo en los \u00faltimos a\u00f1os? <\/p>\n<p>R.- El atletismo se est\u00e1 impulsando m\u00e1s a nivel mundial, sobre el europeo. Est\u00e1 perdiendo nivel respecto a otros pa\u00edses, como el atletismo africano, que se est\u00e1 imponiendo en las distancias de medio fondo y fondo.<\/p>\n<p>P.- Buenas tardes Abel: \u00bfperjudicar\u00e1 especialmente a los espa\u00f1oles las condiciones de humedad y calor que se vivir\u00e1n durante la carrera? Gracias<\/p>\n<p>R.- La humedad que har\u00e1 en la carrera ser\u00e1 para todos. Hay que hacerse a la idea de que hay que correr en esas condiciones, como en Sevilla y Atenas, que hab\u00eda una humedad del 80% y una temperatura de 30\u00ba. Los atletas deben hacerse a la idea de ganar en esas condiciones.<\/p>\n<p>P.- \u00bfHubo algo personal m\u00e1s all\u00e1 de tus &#8220;piques&#8221; deportivos con Mart\u00edn Fiz?<\/p>\n<p>R.- Creo que si, todos cuando salimos a la pista vamos a ganar, y cuando en Atenas Martin era campeon del mundo y el favorito, a \u00e9l no le sent\u00f3 del todo bien perder, normal ya que a nadie le gusta perder.<\/p>\n<p>P.- Hola Abel en primer lugar felicitarle por su gran labor deportiva y en segundo lugar quer\u00eda preguntarle \u00bfa cu\u00e1ntas medallas cree usted que optamos en Osaka?, \u00bfQui\u00e9n crees que puede conseguir una medalla de oro?<\/p>\n<p>R.- Espa\u00f1a va a estar en torno a las 3 \/4 medallas, entre ellas las que cuento el oro que se llevar\u00e1 Paquillo Fern\u00e1ndez que creo q es el favorito, y confiando en el medio fondo y en el maraton que son distancias que nos han dado muchos \u00e9xitos al atletismo espa\u00f1ol.<\/p>\n<p>P.- Hola Abel. Me gustar\u00eda saber que futuro le ves al atletismo soriano, tan prol\u00edfico hace un tiempo, y un poco deca\u00eddo estas ultimas temporadas. Gracias. Un saludo<\/p>\n<p>R.- Para mi en el atletismos soriano tanto con Ferm\u00edn Cacho y yo mismo hemos llegado a lo m\u00e1s alto que puede alcanzarse en el atletismo. En una ciudad peque\u00f1a como Soria, es dif\u00edcil que salgan otros campeones como nosotros, tendr\u00e1n que transcurrir muchos a\u00f1os para que salgan, aunque en el atletismo soriano hay personas que est\u00e1n trabajando mucho en alcanzar estos objetivos.<\/p>\n<p>P.- Buenas tardes Abel, \u00bfpor qu\u00e9 en espa\u00f1a se invierte tan poco en atletismo y tanto en otros deportes? \u00bfpor qu\u00e9 los atletas profesionales espa\u00f1oles siempre est\u00e1n con la espada de Damocles del resultado encima y otros deportistas no? Gracias<\/p>\n<p>R.- El atletismo espa\u00f1ol ha tenido unos a\u00f1os 90 de grandes \u00e9xitos deportivos, y cuando ha bajado un poco el list\u00f3n, se puede decir que nos hemos desilusionado, ya que siempre queremos estar en lo m\u00e1s alto del podium. Y en un deporte tan competitivo como el atletismo es muy dif\u00edcil mantener ese nivel, por ejemplo pas\u00f3 lo mismo con el ciclismo y Miguel Indurain. <\/p>\n<p>P.- Hola Abel, recientemente dijiste que los maratonianos actuales son mejores que los de la generacion anterior a la tuya, pero que solo ve\u00edas con opciones de medalla a Jos\u00e9 R\u00edos. \u00bfNo consideras a Chema Martinez, aunque solo sea por curriculum, capacitado?. Muchas gracias<\/p>\n<p>R.- M\u00e1s que Rios pondr\u00eda de favorito a Julio Rey. Chema Mart\u00ednez es campe\u00f3n de 10. 000 metros, pero de momento la marat\u00f3n se le est\u00e1 atragantando, aunque creo que este a\u00f1o, en el que al fin se est\u00e1 dedicando solamente a ella, puede salirle bien.<\/p>\n<p>P.- Hola Abel, Llegue tarde al marat\u00f3n para coincidir contigo, cosa que he podido hacer con otro \u00eddolo Martintxo, \u00bfalg\u00fan d\u00eda volver\u00e1s a correr alguno? Gracias, Ra\u00fal.<\/p>\n<p>R.- Estoy entrenando a unos m\u00e9dicos de audifonos para la Maraton de Nueva York de 2008, y correr\u00e9 con ellos, asi que si andas por all\u00ed puede que coincidamos en la carrera.<\/p>\n<p>P.- Me gustar\u00eda saber \u00bfpor qu\u00e9 la Federaci\u00f3n de atletismo no cuenta con la opini\u00f3n y el trabajo de profesinales consagrados en este deporte?<\/p>\n<p>R.- Aqu\u00ed se podr\u00edan hacer muchas reflexiones, pero hoy por hoy Jose M\u00aaOdriozola es muy independiente a la hora de tomar decisiones y nunca cuenta con la ayuda de deportistas importantes a la hora de asesorarle en la federaci\u00f3n.<\/p>\n<p>P.- \u00bfRealmente merece la pena tanto sacrificio, tantas horas de entrenamiento, tantas renuncias, por ganar una carrera?<\/p>\n<p>R.- Creo que si, para mi el atletismo ha sido mi vida, y todo sacrificio ha merecido la pena, fundamentalmente porque he disfrutado entrenando y corriendo. Para mi no ha supuesto ning\u00fan sacrificio, y si adem\u00e1s se logran \u00e9xitos, si que merece la pena. Si volviera hacia atr\u00e1s en el tiempo har\u00eda lo mismo, porque corriendo soy feliz.<\/p>\n<p>P.- \u00bfQu\u00e9 opina de los recientes casos de doping en el deporte espa\u00f1ol? \u00bfEst\u00e1 el atletismo al margen del problema?<\/p>\n<p>R.- Ning\u00fan deporte se salva, aunque el ciclismo es el deporte que m\u00e1s est\u00e1n machacando, el atletismo es uno de los deportes m\u00e1s controlados, y muchas veces es m\u00e1s la propaganda mediatica que los casos reales de dopping.<\/p>\n<p>P.- Para un corredor como Vd. \u00bfqu\u00e9 parte de la preparaci\u00f3n de la marathon le resultaba menos agradable?<\/p>\n<p>R.- El entrenamiento, es lo m\u00e1s duro, para poder correr y aspirar a ganar. Ya que cuando compito es cuando realmente estoy disfrutando y me lo paso de maravilla.<\/p>\n<p>P.- \u00bfCrees que el 1500 est\u00e1 destinada a ser la prueba estrella del atletismo espa\u00f1ol por mucho tiempo?<\/p>\n<p>R.- Creo que si, es la que m\u00e1s tradici\u00f3n tiene, la que m\u00e1s a\u00f1os lleva consiguiendo \u00e9xitos en el atletismo espa\u00f1ol, y la que m\u00e1s jovenes promesas tiene consiguiendo \u00e9xitos a nivel internacional.<\/p>\n<p>P.- \u00bfHas quedado satisfecho con tu fugaz paso, una legislatura, como concejal responsable de la comisi\u00f3n de deportes en el Ayuntamiento de Soria? <\/p>\n<p>R.- Yo creo que si, en cuatro a\u00f1os se aprende mucho de pol\u00edtica y de pol\u00edtica deportiva. Estoy satisfecho con lo que he hecho en este tiempo, y seguir\u00e9 colaborando con el deporte soriano al margen de la pol\u00edtica.<\/p>\n<p>P.- Hola Abel, eres una m\u00e1quina. \u00bfCu\u00e1l es la prueba atl\u00e9tica que m\u00e1s te emociona ver, aparte del marat\u00f3n? \u00bfy qu\u00e9 otros deportes te gusta ver por la tele?<\/p>\n<p>R.- Dentro del atletismo me gustan los 800 metros, esencialmente las eliminatorias y seminifinales, que son pruebas de una gran belleza por alcanzar el pase a la siguiente eliminatoria. Adem\u00e1s del marat\u00f3n, me gustan todos los deportes, especialmente el ciclismo, f\u00fatbol, automovilismo, motociclismo, etc.<\/p>\n<p>P.- \u00bfQu\u00e9 opini\u00f3n le merece que en nuestro pa\u00eds se prioricen deportes que nos dan \u00e9xitos internacionales, y sin embargo otros, como el atletismo, no reciban pr\u00e1cticamente ning\u00fan apoyo medi\u00e1tico?. Muchas Gracias.<\/p>\n<p>R.- Creo que en los deportes el apoyo medi\u00e1tico lo dan las estrellas. El automovilismo hasta que lleg\u00f3 Alonso estaba a punto de desaparecer a nivel espa\u00f1ol de la F1, el atletismo no tiene \u00e9xito quiz\u00e1s por que no tiene estrellas propiamente dichas; sin embargo el f\u00fatbol atrae una gran atenci\u00f3n y no da muchos \u00e9xitos deportivos.<\/p>\n","protected":false},"excerpt":{"rendered":"<p>El fondista soriano, doble campe\u00f3n del mundo de marat\u00f3n, ha hablado con los lectores a unas horas del arranque del Mundial de Atletismo de Osaka.<\/p>\n","protected":false},"author":1,"featured_media":0,"comment_status":"open","ping_status":"open","sticky":false,"template":"","format":"standard","meta":{"footnotes":""},"categories":[],"tags":[],"class_list":["post-1318","post","type-post","status-publish","format-standard","hentry"],"_links":{"self":[{"href":"https:\/\/intervius.com\/index.html\/wp-json\/wp\/v2\/posts\/1318","targetHints":{"allow":["GET"]}}],"collection":[{"href":"https:\/\/intervius.com\/index.html\/wp-json\/wp\/v2\/posts"}],"about":[{"href":"https:\/\/intervius.com\/index.html\/wp-json\/wp\/v2\/types\/post"}],"author":[{"embeddable":true,"href":"https:\/\/intervius.com\/index.html\/wp-json\/wp\/v2\/users\/1"}],"replies":[{"embeddable":true,"href":"https:\/\/intervius.com\/index.html\/wp-json\/wp\/v2\/comments?post=1318"}],"version-history":[{"count":0,"href":"https:\/\/intervius.com\/index.html\/wp-json\/wp\/v2\/posts\/1318\/revisions"}],"wp:attachment":[{"href":"https:\/\/intervius.com\/index.html\/wp-json\/wp\/v2\/media?parent=1318"}],"wp:term":[{"taxonomy":"category","embeddable":true,"href":"https:\/\/intervius.com\/index.html\/wp-json\/wp\/v2\/categories?post=1318"},{"taxonomy":"post_tag","embeddable":true,"href":"https:\/\/intervius.com\/index.html\/wp-json\/wp\/v2\/tags?post=1318"}],"curies":[{"name":"wp","href":"https:\/\/api.w.org\/{rel}","templated":true}]}}