{"id":1316,"date":"2007-08-22T00:00:00","date_gmt":"2006-11-06T00:00:00","guid":{"rendered":"https:\/\/intervius.com\/index.html\/?p=1316"},"modified":"2006-11-06T00:00:00","modified_gmt":"2006-11-06T00:00:00","slug":"Florenci_Rey1316","status":"publish","type":"post","link":"https:\/\/intervius.com\/index.html\/Florenci_Rey1316\/","title":{"rendered":"Florenci Rey"},"content":{"rendered":"<p>Pregunta.- \u00bfQu\u00e9 tiempo tendremos en el mes de septiembre en general?<\/p>\n<p>Respuesta.- Lo cierto es que todav\u00eda no lo sabemos. De hecho no trabajamos con pron\u00f3sticos a tan largo plazo. Como mucho a 10 d\u00edas vista. <\/p>\n<p>P.- Hola Florenci, en primer lugar enhorabuena. Me gustar\u00eda saber cu\u00e1l ha sido la mayor metedura de pata que has tenido en una predicci\u00f3n. Gracias, un saludo Carlos<\/p>\n<p>R.- Hola, Carlos. Gracias por tu amable comentario. En cuanto a las meteduras de pata&#8230; uff, tantas&#8230; Los pron\u00f3sticos que generamos llevan asociado una incertidumbre e incluso disponemos de una expresi\u00f3n en tanto por ciento para cada variable con la que tratamos (tormenta, nieve, lluvia&#8230;) Por no aburrir al personal traducimos ese margen de error en expresiones como probabilidad de posibilidad de, etc. Y en algunas ocasiones el fen\u00f3meno no se presenta o se presenta cuando su probabilidad era baja: es en esas ocasiones cuando llega el error o la metedura de pata. <\/p>\n<p>P.- Hola Florenci, dos preguntas. Una \u00bfdejar\u00e9is de hablar de &#8220;mal tiempo&#8221; cuando llueve? Teniendo en cuenta el problema de sequ\u00eda que arrastra este pais, es un sarcasmo y, a mi criterio, un contrasentido y dos, \u00bfser\u00e1 posible detectar los terremotos con el tiempo suficiente para reducir al m\u00ednimo el costo en vidas?<\/p>\n<p>R.- Hola Mar\u00eda Luisa. Los t\u00e9rminos mal\/buen tiempo deber\u00edan dejar de utilizarse en medios de comunicaci\u00f3n para referirse a una situaci\u00f3n atmosf\u00e9rica. Yo prefiero describir el tiempo que esperamos y dejar que quien consulta nuestras previsiones juzgue si es mal o buen tiempo para \u00e9l. A\u00fan as\u00ed hay situaciones meteorol\u00f3gicas que son perjudiciales o beneficiosas para buena parte de la poblaci\u00f3n. Un verano fresco y h\u00famedo en el norte es beneficioso para los recursos h\u00eddricos, pero muy negativo para el sector tur\u00edstico y quienes han decidido disfrutar sus vacaciones en esa zona. Una gota fr\u00eda puede ayudar a recuperar un nivel de reservas satisfactorio en la cabecera del Tajo en oto\u00f1o, pero sin embargo es un episodio muy negativo para el Mediterr\u00e1neo. \u00bfPodemos hablar en esas ocasiones de mal tiempo o de tiempo adverso? Personalmente, considero que s\u00ed. Y en cuanto a su segunda cuesti\u00f3n, no puedo darle una respuesta pues carezco de conocimentos s\u00f3lidos en sismolog\u00eda. <\/p>\n<p>P.- Hola, solo saber si hay alguna probabilidad de que el hurac\u00e1n pase por Oaxaca o m\u00e1s al sur, mi novia esta all\u00ed de cooperante y tenemos preocupaci\u00f3n, gracias.<\/p>\n<p>R.- Hola, Cierzo. Creo que no. Los \u00faltimos pron\u00f3sticos indican que se adentrar\u00e1 de nuevo en el continente, pero no parece que vaya a afectar a Oaxaca. De todas formas, puedes consultar los pron\u00f3sticos del Centro Nacional de Huracanes de EEUU (actualizados cada 6 horas) en www.nhc.noaa.gov<\/p>\n<p>P.- Buenos d\u00edas y gracias por contribiur a que cada vez seamos m\u00e1s los aficionados a la meteorolog\u00eda. Como sabes la cuenca mediterr\u00e1nea andaluza cuenta con un importante d\u00e9ficit pluviom\u00e9trico en los \u00faltimos a\u00f1os. He le\u00eddo que ese ciclo est\u00e1 tocando a su fin. \u00bfCrees que es eso cierto? \u00bfC\u00f3mo ves el pr\u00f3ximo oto\u00f1o en la zona?. Gracias<\/p>\n<p>R.- Hola, Alberto. Desgraciadamente eso s\u00f3lo puede saberse utilizando pron\u00f3sticos estacionales. Existen diversos centros de predicci\u00f3n en el mundo, y en especial en Europa, que emiten esos pron\u00f3sticos, aunque de momento no son operativos. La fiabilidad que ofrecen se sit\u00faa por debajo del 20% <\/p>\n<p>P.- Soy aficionado a la meteorolog\u00eda. \u00bfPor qu\u00e9 no poneis el mapa del sat\u00e9lite actualizado en los telediarios? y \u00bfpor qu\u00e9 os dan tan poco tiempo para decir el tiempo? Cuando hay sol, muchas veces oigo decir que hay anticicl\u00f3n y mi bar\u00f3metro electr\u00f3nico Casio no lo indica. Vigilar eso, sol no es indicio de anticicl\u00f3n. Saludos cordiales.<\/p>\n<p>R.- Hola, Liqui. En el caso de Cuatro, la informaci\u00f3n meteorol\u00f3gica est\u00e1 grabada una media hora antes del inicio del informativo por cuestiones t\u00e9cnicas de realizaci\u00f3n. Eso, sumado al desfase de aproximadamente media hora con el que recibimos la imagen del sat\u00e9lite y su proceso gr\u00e1fico nos ofrecen un desfase total de unas dos horas con respecto a la hora de emisi\u00f3n. En la mayor\u00eda de ocasiones no es significativo, pero en situaciones excepcionales como las inundaciones de mayo en La Mancha o las tormentas de los \u00faltimos d\u00edas nos gustar\u00eda poder ofrecer informaci\u00f3n un poco m\u00e1s actualizada. En televisi\u00f3n, y a\u00fan m\u00e1s en la televisi\u00f3n privada, el tiempo es un recurso limitad\u00edsimo. \u00bfPodr\u00edas trasladar tu sugerencia a la direcci\u00f3n de nuestra cadena? Te lo agradecer\u00e9 y tomo nota de tu \u00faltimo comentario.<\/p>\n<p>P.- Estimado Florenci: Debido a que un factor muy importante en los huracanes es la temperatura del agua de mar, ser\u00eda posible que estos fen\u00f3menos se llegaran a producir en el \u00e1rea del mar Mediterr\u00e1neo debido a su elevada temperatura? (me refiero a zonas c\u00e1lidas de mar Mediterr\u00e1neo como Murcia, Valencia o Illes Balears)<\/p>\n<p>R.- Pues ver\u00e1s, Carlos: el Mediterr\u00e1neo es un mar c\u00e1lido, pero no con tanta energ\u00eda potencial como, por ejemplo, el Caribe. De todas formas, las depresiones que se forman en especial en oto\u00f1o en el Mediterr\u00e1neo occidental tienen grandes similitudes con las depresiones tropicales y sus efectos (bien lo sabemos) pueden ser comparables. Algunos grupos de trabajo de universidades espa\u00f1olas tienen una estrecha colaboraci\u00f3n con otros extranjeros en este campo.<\/p>\n<p>P.- Qu\u00e9 tal Florenci; mi pregunta es la siguiente. \u00bfEs posible que un fen\u00e1meno como &#8220;Dean&#8221; u otros parecidos puedan cruzar el atl\u00e1ntico y llegar a Espa\u00f1a con fuerza de hurac\u00e1n? Gracias.<\/p>\n<p>R.- Con la fuerza de una depresi\u00f3n tropical es altamente improbable, pues una de las condiciones para la g\u00e9nesis de estos fen\u00f3menos es una superficie marina muy caldeada, como el Caribe y el Golfo de M\u00e9xico en esta \u00e9poca del a\u00f1o: no es el caso del Atl\u00e1ntico norte. Pero llegan convertidos en forma de borrascas extratropicales severas. Hemos tenido varios ejemplos en Europa en los \u00faltimos oto\u00f1os. <\/p>\n<p>P.- \u00bfCree que el hurac\u00e1n se extender\u00e1 por el norte de mesoam\u00e9rica y terminar\u00e1 llegando al sur de EEUU-Tejas? Gracias<\/p>\n<p>R.- El \u00faltimo informe del Centro Nacional de Huracanes indica que se internar\u00e1 en M\u00e9xico (direcci\u00f3n Oeste) y se convertir\u00e1 en depresi\u00f3n en menos de 48 horas. Por tanto, perder\u00e1 fuerza y no se dirigir\u00e1 al norte. <\/p>\n<p>P.- Hola Florenci, que tal las vacaciones?. Bueno, tengo que viajar de luna de miel a la Riviera Maya el d\u00eda 3 de Septiembre y quisiera saber si crees que la zona estar\u00e1 recuperada para entonces y que posibilidades hay de que otro huracan golpee en la misma zona con tan poca diferencia de tiempo con el anterior? Muchas Gracias.<\/p>\n<p>R.- Hola, Javier: El Dean se aleja de la zona. Lo har\u00e1 en menos de 48 horas y a\u00fan es prematuro para saber si otra depresi\u00f3n tropical visitar\u00e1 la zona en esas fechas (faltan diez d\u00edas) Puedes consultarlo unas 48 horas antes en la direcci\u00f3n www.nhc.noaa.gov<\/p>\n<p>P.- \u00bfEs cierto como dicen en las pel\u00edculas que dentro del ojo del hurac\u00e1n hay calma y no existen los fen\u00f3menos t\u00edpicos del hurac\u00e1n?<\/p>\n<p>R.- No existe una calma absoluta, pero s\u00ed es cierto que se trata de una zona relativamente libre de nubosidad y en la que la intensidad del viento es bastante menor que la de los alrededores.<\/p>\n<p>P.- Buenos d\u00edas Florenci. En un futuro (m\u00e1s o menos lejano), con el cambio clim\u00e1tico que va evolucionando, \u00bfser\u00eda posible que un Hurac\u00e1n de similares caracter\u00edsticas a este, se diese en la Pen\u00ednsula Ib\u00e9rica?\u00bfQu\u00e9 condicionantes propician estos fen\u00f3menos? Saludos.<\/p>\n<p>R.- Parece poco probable que fen\u00f3menos de esa naturaleza puedan llegar, tal y como los conocemos a trav\u00e9s de los medios de comunicaci\u00f3n, puedan llegar a nuestras latitudes. Pero en nuestra colecci\u00f3n de fen\u00f3menos meteorol\u00f3gicos adversos figuran situaciones como las gotas fr\u00edas, las olas de calor o de fr\u00edo, las sequ\u00edas que pueden verse agravados como consecuencia del cambio clim\u00e1tico en marcha, seg\u00fan los estudios que los cient\u00edficos han hecho p\u00fablicos \u00faltimamente. <\/p>\n<p>P.- Hola Florenci, \u00bfla ola de huracanes que asolan todos los a\u00f1os el Caribe es algo habitual a lo largo de los \u00faltimos tiempos o puede que sea algo m\u00e1s producto del cambio clim\u00e1tico? Gracias.<\/p>\n<p>R.- Las depresiones tropicales severas, los huracanes, fueron ya descritos por los espa\u00f1oles del siglo XVI que viajaban a Am\u00e9rica. No es un fen\u00f3meno nuevo. Al igual que los tifones, los bagu\u00edos aparecen en una \u00e9poca muy determinada del a\u00f1o. Eso s\u00ed, estad\u00edsticamente la \u00faltima d\u00e9cada concentra el mayor n\u00famero de grandes depresiones por temporada del \u00faltimo siglo. Los cient\u00edficos sugieren que esa certeza puede estar relacionada con el fen\u00f3meno de cambio clim\u00e1tico en el que nos encontramos inmersos.<\/p>\n<p>P.- Hola Florenci, \u00bfa qu\u00e9 se debe este verano tan inestable que tenemos? \u00bfno dec\u00edais que cada verano iba a ser m\u00e1s caluroso que el anterior? Gracias<\/p>\n<p>R.- Hola, petr\u00f3leo. En los medios de comunicaci\u00f3n para los que trabajo creo que en ning\u00fan momento he dicho que el verano iba a ser c\u00e1lido. Es algo que no podemos saber con las herramientas de pron\u00f3stico actuales. Dentro de una d\u00e9cada puede que sea posible. Lo que s\u00ed hemos afirmado, bas\u00e1ndonos en los estudios cient\u00edficos disponibles, es que se acent\u00faa la variabilidad clim\u00e1tica: asistiremos a veranos muy calurosos mezclados con otros muy frescos que a su vez precederan a otros m\u00e1s ajustados a los par\u00e1metros normales. De hecho en los \u00faltimos diez a\u00f1os hemos asistido a tres veranos frescos como el presente y a la ola de calor m\u00e1s mort\u00edfera (verano de 2003) en Europa occidental en el \u00faltimo siglo. <\/p>\n<p>P.- \u00bfDe qu\u00e9 manera ha perdido fuerza el hurac\u00e1n Dean al entrar en tierras mexicanas? Muchas gracias y un saludo.<\/p>\n<p>R.- Dos de las condiciones fundamentales para el desarrollo de una estructura como una depresi\u00f3n tropical son la presencia de una masa de aire muy fr\u00edo en las capas altas de la troposfera y aire h\u00famedo y muy c\u00e1lido en la superficie. Mientras la depresi\u00f3n recorre una zona mar\u00edtima o un archipi\u00e9lago conserva en superficie una regi\u00f3n manantial de aire c\u00e1lido y h\u00famedo. Pero ese alimento se ve interrumpido cuando penetra en una zona continental, como es el caso del Dean. En ese momento, la perturbaci\u00f3n se debilita hasta rellenarse y casi desaparecer.<\/p>\n<p>P.- Buenas Florenci&#8230; Escalante (Cantabria)&#8230; Dicen que a partir del viernes 24 de Agosto mejora&#8230;\u00bfQu\u00e9 pasar\u00e1 del 28 al 31 de agosto? Gracias de antemano.<\/p>\n<p>R.- Los modelos de previsi\u00f3n indican que la probabilidad de precipitaci\u00f3n a partir del fin de semana y hasta el d\u00eda 29 se sit\u00faa por debajo del 40%. A\u00fan as\u00ed la nubosidad ser\u00e1 variable y las temperaturas subir\u00e1n, pero poco. A partir de ese d\u00eda ya no disponemos de informaci\u00f3n consistente. <\/p>\n<p>P.- \u00bfTiempo previsto en New York del 24 al 31 de Agosto 2007? Muchas gracias.<\/p>\n<p>R.- Nubosidad abundante, pero escasas probabilidades de precipitaci\u00f3n, entre el 24 y el 29. Entre ese d\u00eda y el 31, m\u00e1s claros que nubes. M\u00ednimas en torno a los 20\u00baC. M\u00e1ximas alrededor de los 30\u00baC<\/p>\n<p>P.- \u00bfA partir de que concentraci\u00f3n de CO2 en la atm\u00f3sfera el cambio clim\u00e1tico ser\u00e1 un hecho incontestable y grave para el planeta?<\/p>\n<p>R.- A partir de la actual: 360 ppm (partes por mill\u00f3n)<\/p>\n<p>P.- \u00bfTiene algo que ver el efecto del Ni\u00f1o o de la Ni\u00f1a para la formaci\u00f3n de huracanes mas &#8220;potentes&#8221;?. \u00bfEsto puede predecir un oto\u00f1o m\u00e1s o menos lluvioso?<\/p>\n<p>R.- Desde luego, todos los fen\u00f3menos atmosf\u00e9ricos est\u00e1n vinculados entre s\u00ed y tienen una gran dependencia de la circulaci\u00f3n oce\u00e1nica. Existen numerosos estudios que describen esas teleconexiones clim\u00e1ticas no s\u00f3lo entre el Ni\u00f1o y la actividad atmosf\u00e9rica tropical, sino entre ambos fen\u00f3menos y las condiciones meteorol\u00f3gicas en Europa occidental. <\/p>\n","protected":false},"excerpt":{"rendered":"<p>El hurac\u00e1n Dean ya est\u00e1 en M\u00e9xico, y a pesar de que no pasar\u00e1 por Canc\u00fan, donde se encuentran muchos turistas espa\u00f1oles, el ministerio de Exteriores espa\u00f1ol les ha instado a permanecer en los hoteles para evitar riesgos. Florenci Rey, meteor\u00f3logo de la Cadena SER y de Cuatro, ha charlado con los lectores sobre toda la actualidad meteorol\u00f3gica.<\/p>\n","protected":false},"author":1,"featured_media":0,"comment_status":"open","ping_status":"open","sticky":false,"template":"","format":"standard","meta":{"footnotes":""},"categories":[],"tags":[],"class_list":["post-1316","post","type-post","status-publish","format-standard","hentry"],"_links":{"self":[{"href":"https:\/\/intervius.com\/index.html\/wp-json\/wp\/v2\/posts\/1316","targetHints":{"allow":["GET"]}}],"collection":[{"href":"https:\/\/intervius.com\/index.html\/wp-json\/wp\/v2\/posts"}],"about":[{"href":"https:\/\/intervius.com\/index.html\/wp-json\/wp\/v2\/types\/post"}],"author":[{"embeddable":true,"href":"https:\/\/intervius.com\/index.html\/wp-json\/wp\/v2\/users\/1"}],"replies":[{"embeddable":true,"href":"https:\/\/intervius.com\/index.html\/wp-json\/wp\/v2\/comments?post=1316"}],"version-history":[{"count":0,"href":"https:\/\/intervius.com\/index.html\/wp-json\/wp\/v2\/posts\/1316\/revisions"}],"wp:attachment":[{"href":"https:\/\/intervius.com\/index.html\/wp-json\/wp\/v2\/media?parent=1316"}],"wp:term":[{"taxonomy":"category","embeddable":true,"href":"https:\/\/intervius.com\/index.html\/wp-json\/wp\/v2\/categories?post=1316"},{"taxonomy":"post_tag","embeddable":true,"href":"https:\/\/intervius.com\/index.html\/wp-json\/wp\/v2\/tags?post=1316"}],"curies":[{"name":"wp","href":"https:\/\/api.w.org\/{rel}","templated":true}]}}