{"id":1298,"date":"2007-07-25T00:00:00","date_gmt":"2006-11-06T00:00:00","guid":{"rendered":"https:\/\/intervius.com\/index.html\/?p=1298"},"modified":"2006-11-06T00:00:00","modified_gmt":"2006-11-06T00:00:00","slug":"Fernando_Garcia_Macua1298","status":"publish","type":"post","link":"https:\/\/intervius.com\/index.html\/Fernando_Garcia_Macua1298\/","title":{"rendered":"Fernando Garc\u00eda Macua"},"content":{"rendered":"<p>Pregunta.- Hola Fernando, me gustar\u00eda saber que pasar\u00e1 finalmente con San Mam\u00e9s Muchas gracias.<\/p>\n<p>Respuesta.- El tema est\u00e1 absolutamente decidido se va a construir el San mames Barria (Nuevo San Mames en euskera) con 55.000 plazas, clasificaci\u00f3n 5 estrellas Uefa y que se ubicar\u00e1 en la misma zona que el actual, por lo que \u00e9ste deber\u00e1 ser derruido una vez construido el nuevo estadio.<\/p>\n<p>P.- \u00bfQu\u00e9 medidas ejercer\u00e1 esta junta directiva para paliar la crisis econ\u00f3mica?<\/p>\n<p>R.- Vamos a racionalizar la estructura del Club y vamos a acometer un ambicioso programa de generaci\u00f3n de recursos at\u00edpicos, tanto desde la fundaci\u00f3n del Athletic tanto como desde otras \u00e1reas del club.<\/p>\n<p>P.- \u00bfCree que el Athletic necesitaba una evoluci\u00f3n tanto en jugadores como en aspectos internos del club?<\/p>\n<p>R.- Necesitamos ser muy eficientes en la gesti\u00f3n de nuestro modelo para conseguir \u00e9xitos en todos los \u00e1mbitos.<\/p>\n<p>P.- Alav\u00e9s y Real Sociedad en Segunda y el Athletic a punto de descender en la \u00faltima jornada. \u00bfQu\u00e9 cree usted que le est\u00e1 pasando al f\u00fatbol vasco \u00faltimamente?<\/p>\n<p>R.- No creo que sean casos comparables los de los 3 club que se\u00f1ala, ya que los modelos de los dos primeros son totalmente distintos del modelo nuestro, el problema del Athletic ha sido un problema de gesti\u00f3n en cualquier caso, no de filosof\u00eda.<\/p>\n<p>P.- \u00bfPor qu\u00e9 no ha contado con Man\u00e9? <\/p>\n<p>R.- Creo que su ciclo, que ha sido muy dif\u00edcil ha terminado, nos merece el m\u00e1ximo respeto la labor que ha desarrollado, en ocasiones sin mucho amparo desde la instituci\u00f3n, pero hemos cre\u00eddo que el Athletic necesitaba un revulsivo importante, que Man\u00e9 por las circunstancias d la temporada pasada no pod\u00eda ofrecer, aunque sea un t\u00e9cnico muy competente.<\/p>\n<p>P.- \u00bfQu\u00e9 mediadas piensa adoptar para reflotar el Athletic Club de Bilbao?<\/p>\n<p>R.- En primer lugar, en lo deportivo estamos acometiendo un importante refuerzo del primer equipo. En cuanto a la cantera y el f\u00fatbol base, vamos a un proceso de reorganizaci\u00f3n siguiendo las pautas de otros grandes club europeos. En el \u00e1rea institucional queremos recuperar las se\u00f1as de identidad tradicionales del Athletic.<\/p>\n<p>P.- \u00bfCu\u00e1ndo piensa incorporar al director deportivo que prometi\u00f3 en campa\u00f1a?<\/p>\n<p>R.- No prometimos un director deportivo durante la campa\u00f1a. Hemos dicho que vamos a un organigrama lo m\u00e1s sencillo posible y que la figura del director deportivo no es ni mucho menos imprescindible en un club como el nuestro. Las funciones que en otros clubs realiza esa figura, en el nuestro las realizan colegiadamente los responsables t\u00e9cnicos de los distintos equipos, en coordinaci\u00f3n con el staff del Lezama.<\/p>\n<p>P.- \u00bfEstar\u00eda dispuesto a contratar alg\u00fan jugador extranjero ante la evidente falta de calidad de la cantera bilbaina? <\/p>\n<p>R.- No. Niego la mayor: ni vamos a contratar extranjeros, ni nuestra cantera tiene falta de calidad. Admito que se puede gestionar de una manera m\u00e1s eficiente, pero no que falte materia prima.<\/p>\n<p>P.- \u00bfQu\u00e9 va a pasar con Julen Guerrero? \u00bfRescindir\u00e1 su contrato como entrenador de equipos inferiores? \u00bfEzquerro vendr\u00e1? \u00bfDel Horno?<\/p>\n<p>R.- En cuanto a Julen tenemos pendiente una conversaci\u00f3n con el. Respecto a posibles incorporaciones, seguimos trabajando en distintas operaciones y en los pr\u00f3ximos d\u00edas se ver\u00e1n los resultados.<\/p>\n<p>P.- Buenas tardes, \u00bfvan a seguir con su pol\u00edtica de seguir entrando a saco en la cantera de Osasuna? <\/p>\n<p>R.- El Athletic no es un club que tenga pretensi\u00f3n de entrar a saco en casa de nadie. Por otro lado, creo que normalmente el Osasuna ha hecho buenos negocios con nosotros.<\/p>\n<p>P.- \u00bfQu\u00e9 considera como objetivo prioritario para el Athletic, UEFA o salvarse? Un saludo.<\/p>\n<p>R.- En primer lugar, creo que tenemos que recuperar el nivel de competitividad que perdimos hace dos o tres temporadas, y olvidar definitivamente la lucha desesperada por eludir el descenso. Una vez conseguido eso, con trabajo y esfuerzo se puede volver a mirar hacia arriba en la clasificaci\u00f3n.<\/p>\n<p>P.- \u00bfDespu\u00e9s de la marcha de Urzaiz no le parece necesaria la llegada de Joseba Llorente?<\/p>\n<p>R.- Es un gran jugador que podr\u00eda aportar mucho al proyecto del Athletic, pero es una opci\u00f3n m\u00e1s de las que pueden existir.<\/p>\n<p>P.- Usted dijo que renunci\u00f3 al fichaje de Kepa porque &#8220;no hab\u00eda consenso&#8221; sobre que cumpliera la filosof\u00eda. \u00bfC\u00f3mo se mide eso? \u00bfSimplemente con los comentarios que le hacen en la calle? \u00bfNo es partidario de librarnos ya del lastre de la &#8220;filosof\u00eda&#8221;, y fichar gente de fuera, aunque sigamos potenciando al m\u00e1ximo la cantera? El Athletic es grande por sus t\u00edtulos, y no por su &#8220;filosof\u00eda&#8221;. <\/p>\n<p>R.- Los t\u00edtulos del Athletic son consecuencia directa de la filosof\u00eda, por lo que el club debe buena parte de su grandeza a esta. No entiendo la filosof\u00eda como un lastre , sino como una autentica ventaja competitiva, por lo que soy partidario de mantenerla y promocionarla, ya que gestion\u00e1ndola bien nos va a proporcionar, estoy seguro, muchas alegr\u00edas. <\/p>\n<p>P.- Defina su Athletic Club. <\/p>\n<p>R.- Mi Athletic club tiene dos bases para m\u00ed inamovibles que son su filosof\u00eda y su organizaci\u00f3n como club deportivo propiedad de todos sus socios por igual. Adem\u00e1s tengo con el Athletic un v\u00ednculo sentimental fort\u00edsimo compartido con much\u00edsimas personas, lo que da al club una fortaleza y cohesi\u00f3n muy importante.<\/p>\n<p>P.- \u00bfPor qu\u00e9 no contempla la opci\u00f3n de la cesi\u00f3n de Del Horno? Hace falta un lateral izquierdo de garant\u00edas. <\/p>\n<p>R.- En cuanto a los refuerzos seguimos las indicaciones del t\u00e9cnico del primer equipo y procuramos acomodar nuestras actuaciones a sus criterios.<\/p>\n<p>P.- Como m\u00e1ximo representante del club, \u00bfva a intentar mejorar su relaci\u00f3n con Osasuna? Ahora que la Real no est\u00e1 en primera, no vendr\u00eda mal tener alg\u00fan aliado, \u00bfno?<\/p>\n<p>R.- No, el Athletic aspira a tener las mejores relaciones con todos los clubs de la Liga, aunque no oculto que con algunos por razones de proximidad o por la existencia de otros v\u00ednculos aspiremos a tenerlas a\u00fan mejores<\/p>\n<p>P.- Soy socio de Athletic y preocupa el presupuesto del club. \u00bfQu\u00e9 pasar\u00e1 si el juez nos hace pagar los 33 millones de euros por el caso Zubiaurre? \u00bfHipotecaremos un campo inexistente o venderemos el existente? <\/p>\n<p>R.- No le oculto que ese tema nos preocupa y que vamos a tratar de darle una soluci\u00f3n satisfactoria. <\/p>\n<p>P.- Fernando, \u00bfse va a realizar o al menos se est\u00e1 intentando alg\u00fan fichaje m\u00e1s para esta temporada? Saludos y Aupa Athletic!!!<\/p>\n<p>R.- Si, efectivamente nuestra intenci\u00f3n es hacer alg\u00fan fichaje m\u00e1s como he se\u00f1alado en respuesta a otra pregunta. Creo que en los pr\u00f3ximos d\u00edas habr\u00e1 noticias en ese sentido.<\/p>\n<p>P.- Estimado presidente. En los \u00faltimos a\u00f1os el Athletic ha evidenciado un preocupante retroceso en lo deportivo. \u00bfNo teme que la pol\u00edtica de no fichar judares extranjeros termine por traicionar al Athletic? Llegado el caso, \u00bfestar\u00eda dispuesto a cambiarla?<\/p>\n<p>R.- La pol\u00edtica del Athletic en esa materia no la marca ni un presidente ni una junta directiva sino la opini\u00f3n de los socios y aficionados, por lo que la pregunta deber\u00eda ir dirigida a ellos.<\/p>\n<p>P.- \u00bfA qu\u00e9 se debe la marcha de canteranos como Mikel San Jos\u00e9 y Mikel Sola que han demostrado ser jugadores aptos para el primer equipo o el Bilbao Athletic?<\/p>\n<p>R.- Hay un c\u00famulo de circunstancias que han concurrido en esos casos y que vamos a tratar de atajar para el futuro.<\/p>\n","protected":false},"excerpt":{"rendered":"<p>Las recientes elecciones celebradas en uno de los hist\u00f3ricos del f\u00fatbol espa\u00f1ol han deparado la victoria de Fernando Garc\u00eda Macua. Su pelea pasa ahora por intentar alejar al club de las comprometidas situaciones en las que se ha movido las \u00faltimas temporadas. El presidente del Athletic ha charlado con los lectores sobre su proyecto.<\/p>\n","protected":false},"author":1,"featured_media":0,"comment_status":"open","ping_status":"open","sticky":false,"template":"","format":"standard","meta":{"footnotes":""},"categories":[],"tags":[],"class_list":["post-1298","post","type-post","status-publish","format-standard","hentry"],"_links":{"self":[{"href":"https:\/\/intervius.com\/index.html\/wp-json\/wp\/v2\/posts\/1298","targetHints":{"allow":["GET"]}}],"collection":[{"href":"https:\/\/intervius.com\/index.html\/wp-json\/wp\/v2\/posts"}],"about":[{"href":"https:\/\/intervius.com\/index.html\/wp-json\/wp\/v2\/types\/post"}],"author":[{"embeddable":true,"href":"https:\/\/intervius.com\/index.html\/wp-json\/wp\/v2\/users\/1"}],"replies":[{"embeddable":true,"href":"https:\/\/intervius.com\/index.html\/wp-json\/wp\/v2\/comments?post=1298"}],"version-history":[{"count":0,"href":"https:\/\/intervius.com\/index.html\/wp-json\/wp\/v2\/posts\/1298\/revisions"}],"wp:attachment":[{"href":"https:\/\/intervius.com\/index.html\/wp-json\/wp\/v2\/media?parent=1298"}],"wp:term":[{"taxonomy":"category","embeddable":true,"href":"https:\/\/intervius.com\/index.html\/wp-json\/wp\/v2\/categories?post=1298"},{"taxonomy":"post_tag","embeddable":true,"href":"https:\/\/intervius.com\/index.html\/wp-json\/wp\/v2\/tags?post=1298"}],"curies":[{"name":"wp","href":"https:\/\/api.w.org\/{rel}","templated":true}]}}