{"id":1284,"date":"2007-07-17T00:00:00","date_gmt":"2006-11-06T00:00:00","guid":{"rendered":"https:\/\/intervius.com\/index.html\/?p=1284"},"modified":"2006-11-06T00:00:00","modified_gmt":"2006-11-06T00:00:00","slug":"Nathalie_Sesena1284","status":"publish","type":"post","link":"https:\/\/intervius.com\/index.html\/Nathalie_Sesena1284\/","title":{"rendered":"Nathalie Sese\u00f1a"},"content":{"rendered":"<p>Pregunta.- \u00bfQu\u00e9 proyectos tienes para el futuro, adem\u00e1s de seguir en la serie?<\/p>\n<p>Respuesta.- Voy a empezar la gira de Las visitas deber\u00edan estar prohibidas por el C\u00f3digo Penal de Miguel Mihura dirigida por Ernesto Caballero y que se estren\u00f3 el a\u00f1o pasado en Madrid y haremos gira en Octubre-Noviembre y a partir del 15 de Noviembre estaremos en el Maria Guerrero en Madrid.<\/p>\n<p>P.- \u00bfCon qu\u00e9 director te gustar\u00eda trabajar? \u00bfy actor?<\/p>\n<p>R.- Un director con el que me gustar\u00eda mucho trabajar es con Emir Kusturika. M\u00e1s que actor, me gustar\u00eda trbajar con la actriz francesa Isabelle Huppert, sino con el actor Gerard Depardiu.<\/p>\n<p>P.- M\u00e1s que una pregunta yo quisiera hacerle un reconocimiento, debido a la magnifica interpretaci\u00f3n que hace usted y su &#8220;pareja&#8221; en La Que Se Avecina, de verdad que hacia tiempo que no re\u00eda tanto viendo a unos fanaticos tan locos como ustedes que viven sin vivir y sin dejar vivir, aunque lamentablemente casos como los que ustedes ironizan existen realmente. Siga as\u00ed, yo le seguir\u00e9 viendo. Un saludo<\/p>\n<p>R.- Muchas gracias por tu mensaje y esto me anima a seguir trabajando mucho.<\/p>\n<p>P.- \u00bfTe sientes c\u00f3moda si tienes que hacer un desnudo o una escena de sexo?<\/p>\n<p>R.- S\u00ed, me siento c\u00f3moda si considero que es fundamental para el desarrollo de la historia hacer un desnudo. <\/p>\n<p>P.- \u00bfQu\u00e9 diferencias hay entre Aqu\u00ed no hay quien viva y La que se avecina ? <\/p>\n<p>R.- Sobre todo que el tipo de edifico es m\u00e1s uno del extra radio, con gente con aparentemente m\u00e1s recursos y aunque los actores en su mayor\u00eda sean los mismos, los personajes son diferentes, incluidos los que hemos entrado nuevos.<\/p>\n<p>P.- Hola Nathalie. \u00bfC\u00f3mo supiste que quer\u00edas ser actriz? \u00bfCu\u00e1 fue tu primer trabajo?<\/p>\n<p>R.- Tuve la suerte de tener unos padres amantes del teatro, de la danza, de la m\u00fasica y del arte en general, as\u00ed que desde peque\u00f1a fui mucho al teatro y a todo tipo de manifestaciones art\u00edsticas, pero, sobre todo, lo que m\u00e1s me atrajo fue el escenario. Especialmente cuando v\u00ed por primera vez al grupo Dagoll Dagom. Empec\u00e9 a estudiar danza pero finalmente me decant\u00e9 por el teatro y mi primer trabajo profesional fue una obra de Calder\u00f3n de la Barca dirigida por Miguel Narros que se llamaba La Mojiganga de las visiones de la muerte.<\/p>\n<p>P.- \u00bfQu\u00e9 es lo que m\u00e1s aprecias de tu profesi\u00f3n?<\/p>\n<p>R.- La posibilidad de ejercer un trabajo que gira en torno al juego, al descubrimiento de la naturaleza humana y a poder experimentar personajes y situaciones que de otra manera no ser\u00eda posible. Luego tambi\u00e9n la posibilidad, por todos los equipos con los que se trabaja, de entrar en contacto con mucha gente interesante y muy creativa.<\/p>\n<p>P.- \u00bfComo se le puede dar bien tener un personaje tan raro y extra\u00f1o?<\/p>\n<p>R.- Me imagino que te refieres a Berta, el personaje de la serie. Considero, para nuestra desgracia, que es un personaje bastante habitual en muchas comunidades de vecinos. Es una mujer que vive desde el miedo y que siempre piensa que todo el resto del mundo est\u00e1 en contra de ella y de su marido. Por lo tanto, lo \u00fanico que hacen es defenderse y creo que esta manera de vivir es muy habitual en muchas personas.<\/p>\n<p>P.- Hace ya muchos a\u00f1os te vi a las puertas del caf\u00e9 Gij\u00f3n y me enamor\u00e9 locamente. L\u00e1stima que la fama nos separe : ) No vivo en Espa\u00f1a y no podr\u00e9 seguir la serie, \u00bfpero piensas volver a hacer cine pronto? Besos y gracias.<\/p>\n<p>R.- \u00d3jala que pronto haga una buena pel\u00edcula y puedas verla donde est\u00e9s. Un abrazo<\/p>\n<p>P.- Hola Nathalie, El programa del pr\u00f3ximo Festival de Oto\u00f1o en Madrid inclu\u00eda la obra Eclipse \u00a1Me tienes negra!, sin embargo el espect\u00e1culo ha sido cancelado. Lo cierto es que, m\u00e1s all\u00e1 de los motivos, la sinopsis es suficientemente atractiva para preguntar si ser\u00e1 representada al cabo de esta temporada que viene. Gracias. Salud y vino&#8230; \u00a1Tremenda sonrisa, por cierto! \ud83d\ude09 <\/p>\n<p>R.- Desgraciadamente y muy a pesar nuestro, hemos tenido que retrasar este proyecto. Todav\u00eda no tenemos fechas exactas de cuando lo retomaremos pero espero que sea muy pronto y puedas verlo.<\/p>\n<p>P.- \u00a1Hola Nathalie! Me encanta tu papel en &#8220;La que se avecina, \u00a1est\u00e1s genial! Dime la verdad, \u00bfte hubiera gustado ser buena (en la serie, me refiero) y disfrutas haciendo de mala? \u00a1Un besazo y muchas felicidades por el \u00e9xito de la serie! <\/p>\n<p>R.- Creo que los personajes malos o que sacan lo peor de nosotros son mucho m\u00e1s interesantes. Siempre me ha fascinado el lado oscuro de las personas que todos tenemos. Creo, sin embargo, que Berta no es mala o no se lo siente, simplemente act\u00faa desde el miedo y sin darse cuenta, hace mucho da\u00f1o alrededor.<\/p>\n<p>P.- \u00bfCrees que por tu f\u00edsico te dan cierto tipo de papeles?<\/p>\n<p>R.- S\u00ed, todos los actores trabajamos en funci\u00f3n de nuestro f\u00edsico. Nuestro cuerpo y nuestra expresividad es lo que nos lleva muchas veces a poder interpretar unos u otros personajes. <\/p>\n<p>P.- \u00bfPrefiere ser guapa o simp\u00e1tica? <\/p>\n<p>R.- Prefiero ser guapa a veces, simp\u00e1tica otras, horrible otras, desagradable otras, es decir, que me gustar\u00eda tener un poco de todo y mostrarlo como cualquier ser humano.<\/p>\n<p>P.- Hola Nathalie. T\u00fa conoces bien c\u00f3mo se desarrolla el trabajo en series de televisi\u00f3n, \u00bfse adquieren demasiados recursos f\u00e1ciles de defensa, tics, que luego hay que desaprender? Gracias.<\/p>\n<p>R.- La TV es un medio en el que se trabaja muy r\u00e1pido y por eso, a veces, los actores echamos mano de recursos que sabemos pueden funcionar, pero creo que la mayoria, a pesar de la inmediatez con la que se trabaja, intentamos hacer nuestro trabajo lo m\u00e1s honestamente posible.<\/p>\n<p>P.- Hola. &#8220;El d\u00eda de la bestia&#8221; fue un revulsivo para el cine espa\u00f1ol, con ella cambiaron algunos conceptos sobre c\u00f3mo hacer humor y suspense en nuestro cine. \u00bfTe gustar\u00eda volver a trabajar con \u00c1lex de la Iglesia?, \u00bfno es un genio? Gracias.<\/p>\n<p>R.- S\u00ed, Alex de la Iglesia es un genio y un director encantador a la hora de trabajar con los actores. Por supuesto que me gustar\u00eda volver a trabajar con \u00e9l.<\/p>\n<p>P.- Me pareces una gran actriz. Dudo entre dos cosas que puedan ser las causantes de la poca afluencia de espectadores al cine espa\u00f1ol. \u00bfCrees que es por sus pobres guiones o por su presupuesto, bajo en efectos especiales? Yo soy un gran visionario del cine espa\u00f1ol, pero este a\u00f1o ha sido flojisimo. Un saludo <\/p>\n<p>R.- Creo que hay muchos factores que hacen que el cine espa\u00f1ol no tenga todav\u00eda los espectadores que nos gustar\u00eda a todos. Por supuesto los guiones son muy importantes, pero hay buenos guiones y buenas pel\u00edculas que est\u00e1n tan poco en cartel que no da tiempo a ver. As\u00ed que creo que tendr\u00eda que haber una pol\u00edtica que apoyara m\u00e1s al cine espa\u00f1ol, de manera que m\u00e1s proyectos pudieran salir adelante con un apoyo y promoci\u00f3n suficientes.<\/p>\n<p>P.- Hola Nathalie. Creo que no eres actriz de muchos premios, \u00bfalguna raz\u00f3n por la que te nominen poco? Gracias.<\/p>\n<p>R.- He recibido algunos premios en mi carrera pero pienso que el mayor premio, estoy segura que mis compa\u00f1eros opinan lo mismo, es seguir trabajando.<\/p>\n<p>P.- Hola Nathalie. Qu\u00e9 buenos momentos los de &#8220;El d\u00eda de la bestia&#8221;. Ten\u00edas un papel muy agradecido, y estabas muy bien acompa\u00f1ada. \u00bfRecuerdas aquel conejo que Terele P\u00e1vez troceaba en tu presencia? <\/p>\n<p>R.- Por supuesto. Era muy desagradable verlo pero estaba feliz por poder estar al lado de una gran actriz como Terele P\u00e1vez, a pesar de las v\u00edsceras y de la sangre.<\/p>\n<p>P.- Hola. La serie de Tele5 me parece algo inferior en calidad a la de Antena3, aunque el reparto sigue siendo inmejorable. \u00bfPueden haber afectado las circunstancias externas, al nivel de los guiones y al \u00e1nimo del equipo? Gracias.<\/p>\n<p>R.- Creo que no. Los guionistas y la directora son los mismos y me consta, porque lo veo todos los d\u00edas, que tratan de hacer su trabajo lo mejor posible y con la misma ilusi\u00f3n. Lo dem\u00e1s, es cuesti\u00f3n de gustos.<\/p>\n<p>P.- \u00bfQu\u00e9 es mas f\u00e1cil:cine,teatro o TV?<\/p>\n<p>R.- F\u00e1cil lo que se dice f\u00e1cil, no es nada. Pero en la medida en que te enamora un proyecto, da igual el formato en el que sea, la dificultad del trabajo se ve aligerada por la alegr\u00eda y el reto de poder hacerlo.<\/p>\n","protected":false},"excerpt":{"rendered":"<p>A pesar de las pol\u00e9micas discusiones sobre plagio entre Antena 3 y Telecinco, La que se avecina ha aguantado bien en su estreno. La popular actriz Nathalie Sese\u00f1a, a qui\u00e9n se ha podido ver en pel\u00edculas como La Celestina o El D\u00eda de la Bestia, ha hablado con los lectores de esta primera temporada en antena de la serie y sus proyectos.<br \/>\nFOTO: P. BARGUE\u00d1O<\/p>\n","protected":false},"author":1,"featured_media":0,"comment_status":"open","ping_status":"open","sticky":false,"template":"","format":"standard","meta":{"footnotes":""},"categories":[],"tags":[],"class_list":["post-1284","post","type-post","status-publish","format-standard","hentry"],"_links":{"self":[{"href":"https:\/\/intervius.com\/index.html\/wp-json\/wp\/v2\/posts\/1284","targetHints":{"allow":["GET"]}}],"collection":[{"href":"https:\/\/intervius.com\/index.html\/wp-json\/wp\/v2\/posts"}],"about":[{"href":"https:\/\/intervius.com\/index.html\/wp-json\/wp\/v2\/types\/post"}],"author":[{"embeddable":true,"href":"https:\/\/intervius.com\/index.html\/wp-json\/wp\/v2\/users\/1"}],"replies":[{"embeddable":true,"href":"https:\/\/intervius.com\/index.html\/wp-json\/wp\/v2\/comments?post=1284"}],"version-history":[{"count":0,"href":"https:\/\/intervius.com\/index.html\/wp-json\/wp\/v2\/posts\/1284\/revisions"}],"wp:attachment":[{"href":"https:\/\/intervius.com\/index.html\/wp-json\/wp\/v2\/media?parent=1284"}],"wp:term":[{"taxonomy":"category","embeddable":true,"href":"https:\/\/intervius.com\/index.html\/wp-json\/wp\/v2\/categories?post=1284"},{"taxonomy":"post_tag","embeddable":true,"href":"https:\/\/intervius.com\/index.html\/wp-json\/wp\/v2\/tags?post=1284"}],"curies":[{"name":"wp","href":"https:\/\/api.w.org\/{rel}","templated":true}]}}