{"id":1275,"date":"2007-07-19T00:00:00","date_gmt":"2006-11-06T00:00:00","guid":{"rendered":"https:\/\/intervius.com\/index.html\/?p=1275"},"modified":"2006-11-06T00:00:00","modified_gmt":"2006-11-06T00:00:00","slug":"Carmen_Flores1275","status":"publish","type":"post","link":"https:\/\/intervius.com\/index.html\/Carmen_Flores1275\/","title":{"rendered":"Carmen Flores"},"content":{"rendered":"<p>Pregunta.- \u00bfQu\u00e9 porcentaje de juicios han logrado ganar?<\/p>\n<p>Respuesta.- Es muy complicado hacer una valoraci\u00f3n ya que las sentencias salen en un periodo m\u00ednimo de 5 a\u00f1os, a\u00fan estamos recibiendo sentencias de 1999. Pero si valoramos en general desde 1997 hasta la actualidad podr\u00edamos decir que se han incrementado en m\u00e1s de un 50% las sentencias favorables al paciente.<\/p>\n<p>P.- \u00bfHay realmente tantos casos en los que los m\u00e9dicos no act\u00faan correctamente? <\/p>\n<p>R.- Desafortunadamente s\u00ed, quiz\u00e1s por el colapso y la presi\u00f3n asistencial que sufren y tambi\u00e9n un poco por la falta de profesionales que hace que se incrementen los errores.<\/p>\n<p>P.- \u00bfDesde qu\u00e9 a\u00f1o funciona su asociaci\u00f3n?<\/p>\n<p>R.- La asociaci\u00f3n funciona desde 1997.<\/p>\n<p>P.- \u00bfPor qu\u00e9 no presentan a los medios las estad\u00edsticas de los pleitos que han ganado en relaci\u00f3n a los que se han enfrentado?<\/p>\n<p>R.- Lo podemos hacer en cualquier momento, y desafortunadamente para nosotros saldr\u00edamos perdiendo porque el corporativismo m\u00e9dico que existe es atroz y la condescendencia de los jueces con ellos hace que en muchos casos queden sin resolver a favor del paciente.<\/p>\n<p>P.- \u00bfTienen los m\u00e9dicos alguna responsabilidad en las listas de espera? \u00bfLos productos farmac\u00e9uticos que nos llegan del exterior pasan los controles sanitarios exigidos?<\/p>\n<p>R.- Los m\u00e9dicos tienen una importante responsabilidad en las listas de espera de tal modo y manera que deber\u00edan tener una exclusividad con la sanidad p\u00fablica y denunciar con m\u00e1s asiduidad todos los problemas burocr\u00e1ticos que conocen y se callan. El gobierno y las administraciones de las comunidades que son responsables, deber\u00edan tomar unas medidas mucho m\u00e1s duras que las actuales y fijarse por ejemplo en Inglaterra que es el primer pa\u00eds que ha acometido la normativa que la UE ha establecido respecto al control y la vigilancia, no solamente de f\u00e1rmacos, sino tambi\u00e9n de productos de la alimentaci\u00f3n.<\/p>\n<p>P.- \u00bfQui\u00e9n puede solicitar vuestra ayuda?<\/p>\n<p>R.- Todo el mundo que crea que se ha visto afectado por un error m\u00e9dico sanitario, por un maltrato, por una mala asistencia, o cualquier tema que crea relacionado con la sanidad tanto p\u00fablica como privada.<\/p>\n<p>P.- \u00bfSon una asociaci\u00f3n sin \u00e1nimo de lucro ?<\/p>\n<p>R.- Somos una asociaci\u00f3n sin \u00e1nimo de lucro y para ello s\u00f3lo basta poner de ejemplo que tenemos como requisito una cuota \u00fanica de inscripci\u00f3n que nunca hay que renovar, y esto lo hacemos porque no recibimos subvenciones de ning\u00fan estamento p\u00fablico ni privado.<\/p>\n<p>P.- \u00bfQu\u00e9 tipo de casos de negligencias m\u00e9dicas suelen traeros?<\/p>\n<p>R.- Nos denuncian todo tipo de negligencias m\u00e9dico-sanitarias, errores de diagn\u00f3stico, de ginecolog\u00eda y obstreticia, de traumatolog\u00eda, que son las m\u00e1s denunciadas.<\/p>\n<p>P.- \u00bfPor qu\u00e9 se ha producido el problema de la falsificaci\u00f3n de la pasta de dientes?\u00bfNo ser\u00eda mejor vender la pasta dentr\u00edfica en las farmacias que no en las grandes superficies o supermercados?<\/p>\n<p>R.- Estoy totalmente de acuerdo, entiendo que un producto como la pasta de dientes deber\u00eda venderse en exclusividad en las farmacias, pero es mi punto de vista personal que no tiene porqu\u00e9 ser el m\u00e1s acertado, aunque quiz\u00e1s se hubiera evitado que llegara pasta de dientes incluso a las maternidades.<\/p>\n<p>P.- \u00bfQu\u00e9 es la asociaci\u00f3n Defensor del Paciente? <\/p>\n<p>R.- Lo que su propio nombre indica. El Defensor del Paciente est\u00e1 dedicado en exclusividad a defender los derechos de los enfermos (pacientes) y todo lo que esto significa, desde una mala comida en un hospital, un maltrato, una larga espera en urgencias, etc, algo que hacemos con total libertad e independencia.<\/p>\n<p>P.- \u00bfEstar hartos de la pasividad administrativa fue la motivacion fundamental para hacer vuestra asociacion?<\/p>\n<p>R.- No, la motivaci\u00f3n fue un problema personal, en concreto un hijo tetrapl\u00e9gico por mala praxis y la reuni\u00f3n con otras muchas personas que hab\u00edan sufrido negligencias iguales o parecidas a \u00e9sta. Aunque bien es verdad que con el paso del tiempo nos hemos dado cuenta que no s\u00f3lo hay m\u00e9dicos negligentes sino que tambi\u00e9n es responsable la administraci\u00f3n con su pasividad y pasotismo para que estas no ocurran.<\/p>\n<p>P.- \u00bfTienen relaci\u00f3n con otras organizaciones europeas que persiguen los mismos fines que ustedes (por ejemplo la asociaci\u00f3n belga &#8220;Erreurs Medicales&#8221;)?<\/p>\n<p>R.- No, nosotros al menos por el momento no tenemos niinguna relaci\u00f3n con ninguna otra organizaci\u00f3n, si bien hay pacientes de muchos pa\u00edses que se ponen en contacto con nosotros v\u00eda email para pedirnos consejo acerca de c\u00f3mo poner en marcha el defensor del paciente en su pa\u00eds (por ejemplo, Chile , M\u00e9xico, Argentina , Per\u00fa,etc)<\/p>\n<p>P.- El art\u00edculo 15 de la Ley de Autonom\u00eda del Paciente recoge que el paciente tiene derecho a que le entreguen su historia cl\u00ednica, sin embargo muchos hospitales vulneran la Ley no la entregan. \u00bfQu\u00e9 ha de hacer el paciente para que le entreguen su historia cl\u00ednica?<\/p>\n<p>R.- Es verdad que sistematicamente ocurre esto, ya que aunque el paciente tiene ese derecho si no se la entregan no existe sanci\u00f3n para el hospital, por lo tanto les da igual infringir la ley, nuestro consejo habitual es que se pida por burofax o telegrama dirigido al gerente del hospital y, si no se entrega, denunciar ante la agencia espa\u00f1ola de protecci\u00f3n de datos. Es un derecho del paciente y una obligaci\u00f3n del hospital entregarla, de otra forma nos estar\u00e1n dejando indefensos a la hora de una presunta negligencia m\u00e9dica. Entendemos que la administrai\u00f3n y en este caso el Ministerio de Sanidad deber\u00eda endurecer la legislaci\u00f3n para que se cumpla la ley.<\/p>\n<p>P.- La Comunidad de Madrid cre\u00f3 un organismo oficial con el mismo nombre que su Asociaci\u00f3n, originando confusi\u00f3n en la ciudadan\u00eda. \u00bfEs l\u00edcito? \u00bfQu\u00e9 diferencias existen entre la Asociaci\u00f3n El Defensor del Paciente y El Defensor del Paciente de la Comunidad de Madrid?<\/p>\n<p>R.- Es verdad que la Comunidad de Madrid se aprovech\u00f3 de nuestra imaginaci\u00f3n para crear un estamento oficial con id\u00e9ntico nombre y con una labor diametralmente diferente, ni apoyan al paciente, ni denuncian publicamente las deficiencias sanitarias que existen, y s\u00f3lo sirven como &#8220;tapadera&#8221; de las deficiencias de nuestra sanidad p\u00fablica, adem\u00e1s de no entrar a defender a los pacientes que acuden de la sanidad privada , \u00bfEs que estos no tiene derechos a ser defendidos o no pagan impuestos como los dem\u00e1s? S\u00ed, pero evidentemente esta instituci\u00f3n se creo para enga\u00f1ar y confundir a los ciudadanos madrile\u00f1os. Nosotros creamos el Defensor del Paciente en 1997, en \u00e1mbito nacional; y en 1998 se cre\u00f3 el Defensor del Paciente de la Comunidad de Madrd, y con abuso de poder el gobierno de la Comunidad de Madrid lo registr\u00f3 en el 2000.<\/p>\n","protected":false},"excerpt":{"rendered":"<p>A la espera de la resoluci\u00f3n que ha llevado al ministerio de Sanidad ante la Audiencia Nacional por el problema de las listas de espera, y despu\u00e9s del problema de la falsificaci\u00f3n de pasta de dientes, la directora del Defensor del Paciente ha charlado con lectores.<br \/>\nFOTO: N. Llaca<\/p>\n","protected":false},"author":1,"featured_media":0,"comment_status":"open","ping_status":"open","sticky":false,"template":"","format":"standard","meta":{"footnotes":""},"categories":[],"tags":[],"class_list":["post-1275","post","type-post","status-publish","format-standard","hentry"],"_links":{"self":[{"href":"https:\/\/intervius.com\/index.html\/wp-json\/wp\/v2\/posts\/1275","targetHints":{"allow":["GET"]}}],"collection":[{"href":"https:\/\/intervius.com\/index.html\/wp-json\/wp\/v2\/posts"}],"about":[{"href":"https:\/\/intervius.com\/index.html\/wp-json\/wp\/v2\/types\/post"}],"author":[{"embeddable":true,"href":"https:\/\/intervius.com\/index.html\/wp-json\/wp\/v2\/users\/1"}],"replies":[{"embeddable":true,"href":"https:\/\/intervius.com\/index.html\/wp-json\/wp\/v2\/comments?post=1275"}],"version-history":[{"count":0,"href":"https:\/\/intervius.com\/index.html\/wp-json\/wp\/v2\/posts\/1275\/revisions"}],"wp:attachment":[{"href":"https:\/\/intervius.com\/index.html\/wp-json\/wp\/v2\/media?parent=1275"}],"wp:term":[{"taxonomy":"category","embeddable":true,"href":"https:\/\/intervius.com\/index.html\/wp-json\/wp\/v2\/categories?post=1275"},{"taxonomy":"post_tag","embeddable":true,"href":"https:\/\/intervius.com\/index.html\/wp-json\/wp\/v2\/tags?post=1275"}],"curies":[{"name":"wp","href":"https:\/\/api.w.org\/{rel}","templated":true}]}}