{"id":1263,"date":"2007-07-06T00:00:00","date_gmt":"2006-11-06T00:00:00","guid":{"rendered":"https:\/\/intervius.com\/index.html\/?p=1263"},"modified":"2006-11-06T00:00:00","modified_gmt":"2006-11-06T00:00:00","slug":"Pedro_Delgado1263","status":"publish","type":"post","link":"https:\/\/intervius.com\/index.html\/Pedro_Delgado1263\/","title":{"rendered":"Pedro Delgado"},"content":{"rendered":"<p>Pregunta.- \u00bfTe recuerda el tanden Perico- Indur\u00e1in al de ahora Pereiro- Valverde? \u00bfQui\u00e9n es realmente el l\u00edder en esta sociedad?<\/p>\n<p>Respuesta.- Yo creo que es diferente, los estilos de corredor y la \u00e9poca. Yo destacaba en monta\u00f1a, Miguel detacaba en la contrarreloj, mientras que Valverde es un poco todo terreno pero sin sobredsalir en ninguno de esos dos terrenos. Pereiro lo bueno que tiene es su nivel de combatitividad, de inconformismo. El \u00fanico paralelismo que encuentro es que est\u00e1n en el mismo equipo.<\/p>\n<p>P.- Hola Pedro, gracias por seguir en La 2 con el Tour. \u00bfcrees que se puede competir a alto nivel en el Tour de Francia sin tomar sustancias dopante? Gracias.<\/p>\n<p>R.- S\u00ed, estoy convencido. Lo \u00fanico que para m\u00ed, desgraciadamente, se habla mucho de dopaje pero no se preocupan de la salud del ciclista. Entonces, todo eso va, muchas veces, va en el mismo saco confundiendo el mal uso de la medicina con el dopaje.<\/p>\n<p>P.- \u00bfPor qu\u00e9 la UCI no crea y promulga una normativa por la cual al t\u00e9rmino de cada etapa de las carreras, sean peque\u00f1as o grandes, se haga control antidoping a todos los participantes ?. Si, ya se que ser\u00eda m\u00e1s costoso porque har\u00eda falta m\u00e1s personal para hacer esa labor, pero hay que reconocer que todo el mundo pasar\u00eda por el mismo aro y habr\u00eda igualdad para todos. As\u00ed se evitar\u00edan suspicacias y malos entendidos. No es descabellada la idea, creo yo<\/p>\n<p>R.- Muchas veces la sensaci\u00f3n que hay para la gente del ciclismo es que se hacen muchos controles dentro del equipo: controles del equipo, controles de los consejos de deportes, controles de los organismos ol\u00edmpicos, etc&#8230; y generalmente, esta idea esta bien, pero un mismo corredor no puede estar pasando tres veces o m\u00e1s por el mismo control. Tendr\u00edan que hacer menos controles, pero m\u00e1s efectivos. Todos los ciclistas pasan controles, los internos todos.<\/p>\n<p>P.- Hola, desde tu puesto de comentarista has contribuido al lenguaje con neologismos como acalambrao o nuevas acepciones como grupeto. \u00bferes consciente o te han sensibilizado hac\u00eda ello? Un saludo y esperamos nuevas aportaciones<\/p>\n<p>R.- Normalmente son t\u00e9rminos del mundo de la bicicvleta en plan: &#8220;voy acalambrao&#8221;, &#8220;el tio del mazo&#8221;, son muy comunes dentro del pelot\u00f3n ciclista. &#8220;Gamba di legno&#8221; que es tener las piernas de madera. Son t\u00e9rminos que yo no me he inventado, sino del pelot\u00f3n.<\/p>\n<p>P.- Dada tu experiencia en la materia y falta de un dominador absoluto como en ediciones anteriores y teniendo solo posibles favoritos como Kl\u00f6den, Vinokourov, Sastre o Valverde, \u00bfqu\u00e9 valor crees que tendr\u00e1n los equipos (peones) y el resto de hombres que puedan permanecer pegados a la rueda de su jefe en momentos decisivos? \u00bfC\u00f3mo ves los coequiperos de cada favorito? Muchas gracias desde Chile Pepe Moreno <\/p>\n<p>R.- Todsas las grandes carreras que no tienen un gran patr\u00f3n, resultan carreras m\u00e1s abiertas, combativas y entretenidas. Porque el patr\u00f3n tiene un gran equipo, como se vio con Amstrong, son capaces de controlar la carrera en los momentos cumbre. por lo tanto, una carrera sin claro favorito es m\u00e1s entretenida porque hay m\u00e1s aspirtantes convencidos de ganar los titulos.<\/p>\n<p>P.- Hola Perico! Muchas veces tu amagabas con descolgarte o hac\u00edas que te quedabas previo ataque, que ibas mal vamos, pero no. Como Armstrong aquel a\u00f1o con Ullrich, que se la comi\u00f3 con patatas. \u00bfPor qu\u00e9 no son los ciclistas ahora m\u00e1s imprevisibles, m\u00e1s actores y juegan &#8220;un poco al p\u00f3ker&#8221;? Pr\u00e1cticamente sabes cuando uno va bien y otro mal. Un saludo<\/p>\n<p>R.- Normalmente esose debe a la comunicaci\u00f3n del director con los pinganillos y ahora el director manda m\u00e1s que antes y eso rompe un poco con la actitud de los corredores porque les dicen cuando atacar.<\/p>\n<p>P.- De peque\u00f1o me cri\u00e9 viendo el Tour y la vuelta con Perico siendo el \u00eddolo de media Espa\u00f1a \u00bfPor qu\u00e9 tenemos tanto aprecio por Delgado? <\/p>\n<p>R.- Bueno, yo creo que porque Pedro Delgado ha dado grandes alegr\u00edas y tristezas, como en la vida, momentos buenos y malos y eso ha hecho a la gente identificarse mejor.<\/p>\n<p>P.- Ante todo darte las gracias porque gracias a ti me aficione al ciclismo. \u00bfCrees que una gran competicion, con lucha,alternativas y emocion har\u00e1 que el aficionado ocasional se reencuentre con el ciclismo, o esto tiene dificil arreglo?<\/p>\n<p>R.- Eso ya lo vivimos el a\u00f1os pasado, que una carrera con altibajos tiene mayor espect\u00e1culo. Aunque con lo acontecido con pereiro y el resto, pero la mala noticia del dopaje del americano, nos dio bajon a todos. La gente ser\u00e1 muy cauta de estar convencidos de quien ha ganado por si lo ha hecho legalmente o no.<\/p>\n<p>P.- S\u00e9 que est\u00e1 pregunta pertenece a un tema recurrente, im\u00e1ginte el qu\u00e9, pero es inevitable. La cuesti\u00f3n es qu\u00e9 te parece que el tema del doping se centre en los corredores, haci\u00e9ndoles firmar un documento por el que en el caso de que existiera un control positivo tendr\u00edan que pagar no se cuanto, frente al mantenimiento de una estructura: UCI, equipos, directores, m\u00e9dicos, que se mantiene impoluta, cuando seg\u00fan parece son conocedores de todo lo que ocurre. <\/p>\n<p>R.- Han obligado al Tour a que los corredores firmen un documento por el cual si dan positivo, tiene que pagar un a\u00f1o de su sueldo por estar involucrado. La Asociaci\u00f3n de Ciclistas Profesionales est\u00e1 pidiendo que si el resto de m\u00e9dicos, directores, entorno del equipo en general y personal del equipo est\u00e1 involucrado, tambi\u00e9n pague con su sueldo. El problema es que se acusa \u00faltimamente sin pruebas y es dif\u00edcil salir de eso.<\/p>\n<p>P.- Perico, \u00bfqu\u00e9 te parece Benjamin Noval? Gracias Crack!<\/p>\n<p>R.- Es un chico asturiano que ha encajado perfectamente en su equipo y es un buen ayudante para gente como Alberto Contador y Levi Leiphemer. Puede ser de gran utilidad en la primera semana de terreno m\u00e1s llano en el Tour ya que su corpulencia puede ayudar a sus compa\u00f1eros.<\/p>\n<p>P.- \u00bfQu\u00e9 diferencia observa cuando era profesional al actual Tour?\u00bf Ha cambiado la din\u00e1mica de los ciclistas o de los organizadores?<\/p>\n<p>R.- S\u00ed, much\u00edsimo. En mis tours no hab\u00eda tanta infraestructura. Todos los equipos tiene autobuses, hay un gran control de firmas. Est\u00e1 mucho m\u00e1s vallado y es dif\u00edcil acceder a los ciclistas, pero cuando estaba yo, los aficionados andaban como Pedro por su casa. Ahora tocar a los ciclistas, para el aficionado, es un sue\u00f1o irrealizable.<\/p>\n<p>P.- Si usted fuera un aficionado que dispone de tres d\u00edas para ir a ver el Tour, \u00bfqu\u00e9 etapas eligir\u00eda y ya puestos en qu\u00e9 puertos o lugares aparcar\u00eda la caravana? Un saludo.<\/p>\n<p>R.- Ya me dices algo importante, que vas a usar la caravana. Yo coger\u00eda las tres etapas de los Pirineos y una de ellas, la que acaba en Aubisquet y me colocar\u00eda en este \u00faltimo puerto o en el anterior, Mariblanchet. <\/p>\n<p>P.- \u00bfC\u00f3mo te parece el no reconocimiento del Tour a \u00d3scar y que este a\u00f1o nadie lleve el n\u00famero 1? \u00bfQui\u00e9n crees que ganar\u00e1 este a\u00f1o el tour, crees que \u00d3scar tiene posibilidades? Un saludo<\/p>\n<p>R.- Me parece l\u00f3gico que el Tour no reconozca a Pereiro como ganador porque el caso Landis est\u00e1 pediente de su resoluci\u00f3n. Lo que si esperamos todos es que si es descalificado, haya un reconocimiento del Tour como ganador porque parece que no quieren un primer puesto, un segundo s\u00ed, pero el primero no y eso s\u00ed ser\u00eda lamentable. Hay un gran favorito, Vinokourov, pero sin despreciar por eso a ning\u00fan corredor y recordar al aficionado espa\u00f1ol que hay cuatro: Sastre, Pereiro, Valverde y Contador. Cualquiera nos puede dar esa alegr\u00eda que el aficionado espa\u00f1ol quiere y no destaco a ninguno porque cada uno tiene sus caracter\u00edsticas deportivas.<\/p>\n<p>P.- Estimad\u00edsimo Perico \u00bfCrees, como yo, qu\u00e9 si la mala suerte no se hubiese cebado contigo hubieses podido ganar 4 \u00f3 5 tours? Eres el \u00fanico ciclista a la altura de Coppi.<\/p>\n<p>R.- Muchas gracias! Cuando te vea te invitar\u00e9 a tomar caf\u00e9. M\u00e1s de uno habr\u00eda ganado, pero tanto como 4 o 5, creo que no.<\/p>\n<p>P.- \u00bfA qu\u00e9 caballo apuestas para ganar este Tour?<\/p>\n<p>R.- Mi caballo, en este caso, no puedo barrer para casa. Apuesto por Vinokourov.<\/p>\n<p>P.- Buenas tardes Pedro. Tu d\u00eda mas &#8220;molongo&#8221; para mi, entre otros muchos de victorias claro est\u00e1, fue en tu crep\u00fasculo, Los Lagos 93. Le echastes muchos &#8220;pericos&#8221;. Veo a Pereiro como a Chiapucci despues del TOUR 90. \u00bfNo crees que vale mas una etapa a lo CHiappa en Sestrieres 92 que un tercero, cuarto&#8230;etc?Apenas se recuerdan los p\u00f3diums, mientras que esa victoria o la de Otxoa en Hautacam queda grabada. Buen Tour y saludos a De Andr\u00e9s.<\/p>\n<p>R.- Bueno, a lo mejor un podium es algo especial, muiestra la calidad del corredor. A veces sabes que vas a hacer el sexto y eso se olvida, pero conseguir un triunfo en una etapa de monta\u00f1a es algo que el aficionado va a tener m\u00e1s presente.<\/p>\n<p>P.- Perico, si a ti te hubieran hecho lo que a Pereiro, \u00bfno renunciarias a correr el Tour? Si los ciclistas solo se quejan pero luego acceden a firmar para correr y a que no le den en este caso el dorsal n\u00ba1, os van a seguir tratando como ganado de abasto. Deber\u00e1n tomar nota de lo que hizo Jalabert en su d\u00eda y no seguir enganchados a esa &#8220;cuerda flotante&#8221; en la que les tienen. Saludos<\/p>\n<p>R.- Pereiro, su participaci\u00f3n porque no le ven como vencedor, no tiene porque no ir. Como he dicho antes, Landis tampoco es ganador y la vuelta de Pereiro no es agachar la cabeza. pero es verdad que hay una falta de uni\u00f3n entre los ciclistas que no est\u00e1n sabiendo defender su profesi\u00f3n en condiciones.<\/p>\n<p>P.- Despu\u00e9s de lo que ha pasado los \u00faltimos a\u00f1os en el ciclismo, la sensaci\u00f3n de la mayor\u00eda de la gente es que esto del ciclismo es un gran enga\u00f1o. \u00bfC\u00f3mo ex-ciclista profesional, no sientes verg\u00fcenza de todo lo que est\u00e1 pasando?<\/p>\n<p>R.- Verg\u00fcenza no pero s\u00ed una gran tristeza y estoy seguro que no es tanto como se est\u00e1 diciendo porque se da gran credibilidad a todo lo que sale y el ciclismo est\u00e1 pagando unos excesos de otras \u00e9pocas. Los organismos no han sido capaces de atajarlo de forma debida y las acusaciones han llegado a un pueto en el que se han descontrolado. Pero sigo creyendo en el ciclismo porque sin un duro trabajo diario y de muchos a\u00f1os, un ciclista no podr\u00eda hacerl os esfuerzos que se hace y ahora no se reconoce ese esfuerzo y la gente ahora siempre piensa que se han tomado cosas prohibidas.<\/p>\n<p>P.- Hola Pedro&#8230; \u00bfCrees que alg\u00fan d\u00eda de estos se volver\u00e1 atr\u00e1s en el tema del pinganillo y se quitaran? Porque yo pienso que son una verdadera lacra para las &#8220;meteduras de pata&#8221; que hacen emocionantes las etapas<\/p>\n<p>R.- S\u00ed, yo estoy totalemnte de acuerdo. de hecho ya se ha planteado varias veces, pero los Directores est\u00e1n en contra por el poder que les da pero los corredores si que se oponen. El que se prohibiera esta tecnolog\u00eda har\u00eda de este deporte algo m\u00e1s interesante e imprevisible.<\/p>\n<p>P.- Perico, que opinas de la no selecci\u00f3n de Quim Rodriguez en Caisse dEpargne ? \u00bfCrees que David Arroyo puede aportar m\u00e1s al equipo o hay sitio para los dos en detrimento de otro corredor ?<\/p>\n<p>R.- Eso muchas veces es una de las injusticias que se viven en un equipo. Tienes muchos corredores buenos y siempre tienes que dejar uno fuera y, en este caso le ha tocado a Quim Rodr\u00edguez. Lo cual es una l\u00e1stima vista la condici\u00f3n f\u00edsica con la que gan\u00f3 el Campeonato de Espa\u00f1a.<\/p>\n","protected":false},"excerpt":{"rendered":"<p>Comienza una nueva edici\u00f3n del Tour de Francia marcada por el esc\u00e1ndalo que la ronda francesa sufri\u00f3 el pasado a\u00f1o. El positivo de Floyd Landis y el no reconocimiento de \u00d3scar Pereiro como ganador han hecho que este a\u00f1o nadie luzca el n\u00famero 1 en la carrera. En esta edici\u00f3n al Tour le toca recuperar el prestigio perdido sobre qu\u00e9 es lo que nos espera Perico Delgado ha charlado con los lectores.<\/p>\n","protected":false},"author":1,"featured_media":0,"comment_status":"open","ping_status":"open","sticky":false,"template":"","format":"standard","meta":{"footnotes":""},"categories":[],"tags":[],"class_list":["post-1263","post","type-post","status-publish","format-standard","hentry"],"_links":{"self":[{"href":"https:\/\/intervius.com\/index.html\/wp-json\/wp\/v2\/posts\/1263","targetHints":{"allow":["GET"]}}],"collection":[{"href":"https:\/\/intervius.com\/index.html\/wp-json\/wp\/v2\/posts"}],"about":[{"href":"https:\/\/intervius.com\/index.html\/wp-json\/wp\/v2\/types\/post"}],"author":[{"embeddable":true,"href":"https:\/\/intervius.com\/index.html\/wp-json\/wp\/v2\/users\/1"}],"replies":[{"embeddable":true,"href":"https:\/\/intervius.com\/index.html\/wp-json\/wp\/v2\/comments?post=1263"}],"version-history":[{"count":0,"href":"https:\/\/intervius.com\/index.html\/wp-json\/wp\/v2\/posts\/1263\/revisions"}],"wp:attachment":[{"href":"https:\/\/intervius.com\/index.html\/wp-json\/wp\/v2\/media?parent=1263"}],"wp:term":[{"taxonomy":"category","embeddable":true,"href":"https:\/\/intervius.com\/index.html\/wp-json\/wp\/v2\/categories?post=1263"},{"taxonomy":"post_tag","embeddable":true,"href":"https:\/\/intervius.com\/index.html\/wp-json\/wp\/v2\/tags?post=1263"}],"curies":[{"name":"wp","href":"https:\/\/api.w.org\/{rel}","templated":true}]}}