{"id":1248,"date":"2007-06-28T00:00:00","date_gmt":"2006-11-06T00:00:00","guid":{"rendered":"https:\/\/intervius.com\/index.html\/?p=1248"},"modified":"2006-11-06T00:00:00","modified_gmt":"2006-11-06T00:00:00","slug":"Juan_Miguel_Munoz1248","status":"publish","type":"post","link":"https:\/\/intervius.com\/index.html\/Juan_Miguel_Munoz1248\/","title":{"rendered":"Juan Miguel Mu\u00f1oz"},"content":{"rendered":"<p>Pregunta.- Hola Juan Miguel, mi pregunta es la siguiente. Creo que estamos bien informados sobre las penalidades de los palestinos, \u00bfpero cu\u00e1les son las condiciones de vida para los israel\u00edes? \u00bfSienten la presi\u00f3n del terrorismo y de lo que ocurre al otro lado de la valla o viven como si nada? \u00a1Un saludo y gracias!<\/p>\n<p>Respuesta.- Las condiciones de vida de los israel\u00edes son infinitamente mejor. Muy similares a las de Espa\u00f1a. Las de los palestinos, para gran parte de la poblaci\u00f3n, son espantosas. Se siente la presi\u00f3n del terrorismo, aunque los atentados han disminuido much\u00edsimo en los \u00faltimos tres a\u00f1os. Pero, en general, la gente hace vida normal y da mucho la espalda a lo que sucede en los territorios ocupados. <\/p>\n<p>P.- Los \u00faltimos acontecimientos sufridos en los TTOO han cubierto gran parte de las portadas de los peri\u00f3dicos, sin embargo \u00e9stas no han sido todo lo objetivas que se podr\u00eda esperar. \u00a1Cu\u00e1l es el efecto, en su opini\u00f3n, de la demonizaci\u00f3n de Hamas a trav\u00e9s de los medios para poder aportar a la soluci\u00f3n del conflicto! Muchas gracias.<\/p>\n<p>R.- \u00c9l de la demonizaci\u00f3n es un problema grave. Porque en el fondo, a largo plazo, no es muy relevante c\u00f3mo les califiquemos. La tendencia desde hace 20 a\u00f1os es que su apoyo popular crece sin parar. Sin Ham\u00e1s ser\u00e1 casi imposible cualquier soluci\u00f3n, aunque sea temporal, al conflicto.<\/p>\n<p>P.- Se\u00f1or Mu\u00f1oz, sinceramente, estoy perdida con lo que est\u00e1 pasando en L\u00edbano. \u00bfPodr\u00eda resumirme a qu\u00e9 se debe el conflicto? Mil gracias.<\/p>\n<p>R.- B\u00e1sicamente a que hasta hace tres a\u00f1os se permiti\u00f3 a Siria dominar el pa\u00eds. Pero desde 2004 Estados Unidos y Francia decidieron que esa tutela deb\u00eda acabar. En pocos pa\u00edses se siente con tanta nitidez la influcencia de alg\u00fan pa\u00edses extranjero. Por supuesto, en el L\u00f1ibano de hoy Siria e Ir\u00e1n tienen tambi\u00e9n una influencia decisiva. La guerra del verano pasado es una prueba de ello.<\/p>\n<p>P.- Visto el tr\u00e1gico atentado en L\u00edbano contra el ej\u00e9rcito, en su opini\u00f3n, \u00bfestaban preparados esos chavales de veinti poco a\u00f1os para asumir tal responsabilidad?<\/p>\n<p>R.- No es cuesti\u00f3n de edad. Habr\u00eda sido decisivo que tuvieran inhibidores para evitar un atentado de este tipo. Aunque, cuando se sepa que todos los tienen, se las ingeniaran para atacar de otro modo si es lo que pretende. <\/p>\n<p>P.- \u00bfCree usted realmente que en un feudo de la banda criminal Hezbol\u00e1, pueda actuar otra organizaci\u00f3n terrorista -Al Fat\u00e1 al Islam- sin que Hezbol\u00e1 lo sepa, permita y apoye? \u00bfSe trata de marcas blancas del mismo terrorismo islamista?<\/p>\n<p>R.- Desde luego, no es sencillo que se pueda cometer un atentado en el sur de L\u00edbano (y Jiam, donde murieron los soldados espa\u00f1oles, es un feudo chi\u00ed) sin que al menor Hezbol\u00e1 mire para otro lado. Su presencia es apabullante. Ahora bien, lo que ha hecho Hezbol\u00e1 a lo largo de su historia es muy diferente a los atentados de otras organizaciones islamistas sun\u00edes. <\/p>\n<p>P.- \u00bfHabla mucho el pueblo de L\u00edbano sobre el atentado a los soldados del ej\u00e9rcito espa\u00f1ol?<\/p>\n<p>R.- Cuando se enteran de que eres espa\u00f1ol es casi lo primero que te comentan. Pero olvidar\u00e1n muy pronto. Est\u00e1n demasiado acostumbrados a este tipo de atentados. Adem\u00e1s, gran parte de la poblaci\u00f3n chi\u00ed del sur no soportar\u00e1 esa presencia militar extranjera durante demasiado tiempo.<\/p>\n<p>P.- Estimado Sr. Mu\u00f1oz, \u00bfcu\u00e1l es su opini\u00f3n sobre la generalizada consideraci\u00f3n de golpe de estado por parte de Hamas de lo ocurrido en Gaza, entre los medios de comunicaci\u00f3n internacionales? Tomando en cuenta que este partido gan\u00f3 las elecciones legislativas hace a\u00f1o y medio.<\/p>\n<p>R.- Pues la misma opini\u00f3n de otros muchos medios y agencias internacionales que estiman que quien se ha saltado la legalidad ha sido el presidente Abbas. Ha canbiado la Ley B\u00e1sica (Constituci\u00f3n) ignorando al Parlamento para que el Gobierno de Ramala pueda permanecer el tiempo que desee. Es cierto que Ham\u00e1s dio un golpe violento definitivo hace unos d\u00edas. Pero el socavamiento de la legalidad ha sido constante por parte de ciertos grupos de Fatah y del propio presidente desde que Ham\u00e1s venci\u00f3 en las elecciones. <\/p>\n<p>P.- \u00bfUsted cree que el aislamiento internacional del gobierno electo de Hamas, con el consiguiente deterioro de las condiciones de vida de la poblaci\u00f3n civil, ha podido influir en la radicalizaci\u00f3n de este grupo y en el enfrentamiento civil que actualmente se vive en Palestina? Gracias por su opini\u00f3n y su tiempo. <\/p>\n<p>R.- El otro d\u00eda un psic\u00f3logo me dec\u00eda en Gaza que es la pobreza lo que conduce a la gente a las mezquitas mucho m\u00e1s que otras cuestiones pol\u00edticas muy importantes (como la ocupaci\u00f3n). Es evidente: cuanto peor viven m\u00e1s radicales.<\/p>\n<p>P.- \u00bfQu\u00e9 dificultades te encuentras habitualmente en Jerusal\u00e9n en tu papel como corresponsal? <\/p>\n<p>R.- En Jerusal\u00e9n, apenas ninguno. Para trabajar es un lugar excelente. Lo peor son las horas en los check-points al sol. Y eso que a los extranjeros nos pasa una vez al mes. Tiene que ser insoportable estar sometido a ese r\u00e9gimen (de aprtheid, seg\u00fan lo define el ex presidente Jimmy Carter) todos los d\u00edas durante a\u00f1os.<\/p>\n<p>P.- \u00bfSe puede viajar este verano por Israel (Haifa, Galilea, Tiberiades), Cisjordania (Jeric\u00f3) y Jerusalem? \u00bfQu\u00e9 puede aconsejarme sobre el terreno?<\/p>\n<p>R.- Por estos lugares que cita, s\u00ed. Hay pocos turistas, casi todos peregrinos. Pero aqu\u00ed, ya se sabe, en cinco minutos se organiza un l\u00edo de cuidado. <\/p>\n<p>P.- Cu\u00e9ntanos alguno de los peores momentos vividos o que creas que sea importante.<\/p>\n<p>R.- Vivir aqu\u00ed no es tan peligroso como la gente cree. En absoluto, Puede haber un poco m\u00e1s de riesgo de los normal, pero, insisto no es lo que parece. Porque, adem\u00e1s,, el turista no se acerca a los lugares donde hay ataques o actividad militar. <\/p>\n<p>P.- \u00bfDecidir\u00e1 el peso demogr\u00e1fico \u00e1rabe el futuro de Israel?<\/p>\n<p>R.- Es uno de los factores fundamentales. Su tasa de natalidad es muy elevada. Tambi\u00e9n la de los ultraortodoxos jud\u00edos. Pero en general, en esa batalla Israel lleva las de perder. Adem\u00e1s, apenas quedan jud\u00edos en el mundo para emigrar a Israel. La inmensa mayor\u00eda vive en estados Unidos y Francia, y de esos pa\u00edses vienen a vivir muy pcoos. El a\u00f1o 2006 fue el priemro en la jistoria de Israel en que se march\u00f3 m\u00e1s gente de la inmigr\u00f3.<\/p>\n<p>P.- \u00bfSiente miedo en estos momentos de tanta tensi\u00f3n?<\/p>\n<p>R.- No. Y, francamente, s\u00f3lo he pasado miedo tres veces en tres a\u00f1os durante un rato. Creo que es un sentimiento generalizado de los periodistas que trabajamos por aqu\u00ed. Nunca piensas en ello.<\/p>\n<p>P.- \u00bfQu\u00e9 tipo de intereses tienen China y Rusia en Oriente Pr\u00f3ximo y qu\u00e9 implicaciones tiene en la zona? Gracias.<\/p>\n<p>R.- China todav\u00eda pocos. Es m\u00e1s bien Israel quien trata de fortalecer v\u00ednculos con China porque saben que va a ser una potencia mucho m\u00e1s poderosa de lo que ya es. Rusia siempre ha tenido intereses. Durante la Guerra Fr\u00eda, enormes. Sus relaciones pol\u00edticas, econ\u00f3micas y militares con Siria e Irak fueron muy importantes. Tras la ca\u00edda de la Uni\u00f3n Sovi\u00e9tica su influencia decay\u00f3 bastante. Ahora trata de recuperar t erreno y su diplomacia vuelve a ser m\u00e1s activa. Rusia es uno de los miembros del Cuarteto, junto a Estados Unidos, la UE y la ONU.<\/p>\n<p>P.- \u00bfComo definir\u00eda al pueblo de Israel? Yo les admiro con asombro por haber creado una democracia y una econom\u00eda s\u00f3lida en Oriente Medio, algo incre\u00edble, pero los considero unos genocidas y son ellos los que entorpecen el proceso de paz, \u00bfqu\u00e9 opina?<\/p>\n<p>R.- En cuanto a su milagro econ\u00f3mico, no habr\u00eda sido posible sin la enorme ayuda de Estados Unidos. Ahora bien, su clase media no es tan pudiente como las de Europa. hay unas diferencias sociales muy grandes. Creo que si es una democracia, aunque no es un Estado de derecho porque los ciudadnos de Israel no son tratados de igual manera. Con dar un paseo de 10 minutos por Jerusal\u00e9n Este se comprueba la discriminaci\u00f3n. En cuanto al entorpecimiento del proceso de paz, estoy de acuerdo. Muchos diplom\u00e1ticos comentan en privado que Israel no quiere negociar la paz. As\u00ed de simple. Y en cuanto a lo degenocidas, no estoy en ansulto de acuerdo. La represi\u00f3n sobre la poblaci\u00f3n palestina es brutal, sin duda. Pero de ah\u00ed al genocidio queda un largu\u00edsimo trecho. No estoy de acuerdo en el empleo a la ligera del t\u00e9rmino genocido. <\/p>\n<p>P.- \u00bfCon qui\u00e9n es m\u00e1s dif\u00edcil tratar? \u00bfCon los nacionalistas religiosos jud\u00edos o con los integristas musulmanes?<\/p>\n<p>R.- Es lo mismo. Pero es cierto que del fundamentalismo musulm\u00e1n se habla mucho y del fundamentalismo jud\u00edo (que lo hay y mucho en la sociedad israel\u00ed) apen\u00e1s se dice nada.<\/p>\n<p>P.- \u00bfQu\u00e9 soluci\u00f3n ve al conflicto del L\u00edbano?<\/p>\n<p>R.- De momento, no la veo. Y casi nadie la ve en L\u00edbano. Paso a paso, la situaci\u00f3n pol\u00edtica interna se deteriora, y son demasiados los pa\u00edses extranjeros con sus zarpas en el pa\u00eds. <\/p>\n<p>P.- Estimado Juanmi, estamos acostumbrados a escuchar que todos los males que suceden en L\u00edbano, tengan el origen pol\u00edtico, \u00e9tnico o sectario que sea, siempre que aparenten ser ataques a su precario estado, son responsabilidad de Siria. \u00bfHasta que punto es cierto o probable, y si no lo fuera, que sectores de L\u00edbano y su entorno est\u00e1r\u00edan interesados en se\u00f1alar a Siria como el enemigo a combatir? Un abrazo. <\/p>\n<p>R.- Desde luego que el Gobierno liban\u00e9s responsabiliza a Siria de todos los males que aquejan al pa\u00eds. Lo hacen cada d\u00eda. Yo creo que el r\u00e9gimen sirio est\u00e1 detr\u00e1s de varios de los atentados, pero ese pa\u00eds es diab\u00f3lico, y con tantos intereses de tantos pa\u00edses en juego, que es veros\u00edmil cuanlquier hip\u00f3tesis. Acercarse a comprende el conflicto israelo-palestino es much\u00edsimo m\u00e1s sencillo que entender el liban\u00e9s. <\/p>\n<p>P.- \u00bf A qu\u00e9 se debe que el nivel de atentados en Israel disminuyese en los \u00faltimos 3 a\u00f1os? \u00bfLos hechos actuales dan la raz\u00f3n a esa parte de la derecha israel\u00ed que se opuso a la retirada de Gaza?<\/p>\n<p>R.- Se debe a que Ham\u00e1s, aunque a veces lanza proclamas incendiarias para mantener prietas las filas, lleva esos tres a\u00f1os sin perpetrar ataques suicidas. Saben que adentrarse en el camino de la pol\u00edtica, como hicieron, y sembrar de terroristas Israel es imposible. Es que los israel\u00edes utilizan un argumento que no puede ser aceptable para ning\u00fan palestino, no ya s\u00f3lo los seguidores y miebros de Ham\u00e1s. Dicen los israel\u00edes: &#8220;Nos fuimos de Gaza y siguen disparando cohetes&#8221;. Como si lo que sucediera en Cisjordania fuera algo ajeno a Gaza. En Cisjordania la ocupaci\u00f3n es ahora m\u00e1s dura que nunca. Y adem\u00e1s, Gaza, seg\u00fan la legislaci\u00f3n internacional, sigue siendo un territorio ocupado porque Israel domina a su antojo espacio a\u00e9reo, mar\u00edtimo y las froonteras terrestres.<\/p>\n<p>P.- \u00bfMenos mal que la comunidad internacional parece que se lo toma en serio y nombran a Blair para el cuarteto, no? \u00bfCree que tendr\u00e1 la capacidad para presionar a Ham\u00e1s para que vuelva a la senda de la cordura y empiece a negociar con Israel? \u00bfQu\u00e9 hay que hacer para conseguir que los palestinos vuelvan a la cordura negociadora? Parece que desaprovechan cada ocasi\u00f3n.<\/p>\n<p>R.- Francamente, no creo que el nombramiento de Blair sea una muestra de que la comunidad internacional se lo toma en serio. Incluso directores de peri\u00f3dicos \u00e1rabes de lo m\u00e1s prooccidental se preguntaban hoy si esto es un isnulto o un chiste. Insisto, los m\u00e1s favorables a la negociaci\u00f3n y al compromiso. Yo no veo que en los \u00faltimos seis a\u00f1os haya habido disposici\u00f3n negociadora por parte de Israel. Y esto me lo dicen pol\u00edticos y profesores que formaron parte de los quipos negociadores israel\u00edes. Y no creo que se trate de cordura. Arafat se humill\u00f3 en los acuerdos de Oslo y no sirvi\u00f3 para nada (hay que recordar c\u00f3mo acab\u00f3). Abbas sigue haci\u00e9ndole y le han insultado durante a\u00f1os. Hasta que Ham\u00e1s ha llegado al poder. Ahora dicen que le apoyar\u00e1n. Pero ni siquiera buena parte de los analistas pol\u00edticos israel\u00edes se lo creen. Creo sin que la presi\u00f3n internacional cambie de campo no habr\u00e1 soluci\u00f3n duradera. No se hallar\u00e1 la manera de que los palestinos acepten que las resoluciones de la ONU valgan para unos y no para ellos.<\/p>\n<p>P.- Estimado Juan Miguel: quiz\u00e1 mi pregunta sea un tanto inocente pero, \u00bfconsidera que es posible una &#8220;alianza&#8221; o &#8220;pacto&#8221; entre el Gobierno palestino e Israel para hacer frente a Ham\u00e1s en Gaza? Gracias.<\/p>\n<p>R.- S\u00ed es para hacer frente a Ham\u00e1s, s\u00ed puede ser. Pero las condiciones las pondr\u00e1 Israel. Aun as\u00ed, ser\u00e1 muy dif\u00edcil que el presidente Abbas o Fatah vuelvan a controlar Gaza. Al menos a medio plazo. <\/p>\n<p>P.- Aunque Espa\u00f1a se encuentra en el L\u00edbano bajo el paraguas de la ONU, \u00bfqu\u00e9 va a pasar si hay un segundo, tercer, en\u00e9simo atentado contra el ej\u00e9rcito espa\u00f1ol \/ o de la ONU, en una guerra que no es la nuestra, y que en parte la ONU defiende (lo entiendo yo as\u00ed) intereses entre otros de Israel, que se est\u00e1 aprovechando de Palestina hasta lo impensable (lo enti\u00e9ndo yo as\u00ed)?<\/p>\n<p>R.- Hacer predicciones en L\u00edbano es una temeridad. Pero las tropas de Naciones Unidas ya tuvieron que marcharse en los a\u00f1os 80 tras sufrir los primeros atentados suicidas de la historia. Y en este pa\u00eds, el modelo parece condenado a repetirse. <\/p>\n","protected":false},"excerpt":{"rendered":"<p>El corresponsal en Jerusal\u00e9n (Oriente Pr\u00f3ximo), experto en el conflicto de Palestina e Israel, se ha trasladado al sur de L\u00edbano, donde de primera mano da su visi\u00f3n de todo lo que acontece en la zona tras el atentado que provoc\u00f3 la muerte de seis soldados espa\u00f1oles. Seg\u00fan Mu\u00f1oz, los propios libaneses creen que Fatah al Islam es el causante de dicho atentado. El corresponsal ha charlado sobre este tema y tambi\u00e9n sobre la tensa situaci\u00f3n que se sigue viviendo en la zona de Cisjordania.<\/p>\n","protected":false},"author":1,"featured_media":0,"comment_status":"open","ping_status":"open","sticky":false,"template":"","format":"standard","meta":{"footnotes":""},"categories":[],"tags":[],"class_list":["post-1248","post","type-post","status-publish","format-standard","hentry"],"_links":{"self":[{"href":"https:\/\/intervius.com\/index.html\/wp-json\/wp\/v2\/posts\/1248","targetHints":{"allow":["GET"]}}],"collection":[{"href":"https:\/\/intervius.com\/index.html\/wp-json\/wp\/v2\/posts"}],"about":[{"href":"https:\/\/intervius.com\/index.html\/wp-json\/wp\/v2\/types\/post"}],"author":[{"embeddable":true,"href":"https:\/\/intervius.com\/index.html\/wp-json\/wp\/v2\/users\/1"}],"replies":[{"embeddable":true,"href":"https:\/\/intervius.com\/index.html\/wp-json\/wp\/v2\/comments?post=1248"}],"version-history":[{"count":0,"href":"https:\/\/intervius.com\/index.html\/wp-json\/wp\/v2\/posts\/1248\/revisions"}],"wp:attachment":[{"href":"https:\/\/intervius.com\/index.html\/wp-json\/wp\/v2\/media?parent=1248"}],"wp:term":[{"taxonomy":"category","embeddable":true,"href":"https:\/\/intervius.com\/index.html\/wp-json\/wp\/v2\/categories?post=1248"},{"taxonomy":"post_tag","embeddable":true,"href":"https:\/\/intervius.com\/index.html\/wp-json\/wp\/v2\/tags?post=1248"}],"curies":[{"name":"wp","href":"https:\/\/api.w.org\/{rel}","templated":true}]}}