{"id":1240,"date":"2007-06-20T00:00:00","date_gmt":"2006-11-06T00:00:00","guid":{"rendered":"https:\/\/intervius.com\/index.html\/?p=1240"},"modified":"2006-11-06T00:00:00","modified_gmt":"2006-11-06T00:00:00","slug":"Enrique_Gonzalez_Macho1240","status":"publish","type":"post","link":"https:\/\/intervius.com\/index.html\/Enrique_Gonzalez_Macho1240\/","title":{"rendered":"Enrique Gonz\u00e1lez Macho"},"content":{"rendered":"<p>Pregunta.- Buenos d\u00edas. Para mi, el problema de la mayor\u00eda de las pel\u00edculas nacionales, es que en cuanto ves un minuto de cualquier escena, ya sabes que es espa\u00f1ola. No s\u00e9 si por la falta de medios, el bajo nivel de muchos actores&#8230; En fin, creo que las salas de cine, como empresas privadas que son, tienen derecho a proyectar las pel\u00edculas que estimen convenientes a sus intereses. Otra cosa ser\u00eda que hubiera salas subvencionadas por el Estado. Un saludo.<\/p>\n<p>Respuesta.- Si viendo algunas imagenes reconoces que es espa\u00f1ola no es un defecto sino una virtud, porque tiene una imagen de marca. Lo malo ser\u00eda que se vieran las im\u00e1genes y pareciera china. Por supuesto que cada uno puede proyectar lo que quiera, la libertad de mercado es total. <\/p>\n<p>P.- \u00bfPor qu\u00e9 el p\u00fablico tiene en tan baja consideraci\u00f3n al cine espa\u00f1ol?<\/p>\n<p>R.- Posiblemente porque no lo ve. Adem\u00e1s, no todo, sino una parte del p\u00fablico, que tiene su pleno derecho a opinar eso, claro. <\/p>\n<p>P.- \u00bfNo cree que el obligar a salas de proyecci\u00f3n a exhibir pel\u00edculas de baja afluencia, repercutir\u00e1 negativamente en el sector?<\/p>\n<p>R.- Por supuesto pero nadie obliga a nadie a poner pel\u00edculas de baja calidad. Otra cosa es que si el exhibidor no sabe distinguir entre una interesante y otra que no lo es, es su problema y su profesi\u00f3n. <\/p>\n<p>P.- Hace poco una encuesta mostraba que la mayoria de los espa\u00f1oles consideraban aburrido el cine espa\u00f1ol, \u00bfno cree que el problema del cine espa\u00f1ol es una falta de ideas mas que una falta de dinero?. Saludos<\/p>\n<p>R.- Puede haber una combinaci\u00f3n de ambas cosas. Lo que pasa es que generalizar me parece que no es lo correcto. Yo le invitar\u00eda a ud. a ver las 850 pel\u00edculas americanas que no se estrenan en Espa\u00f1a, que s\u00ed que son aburridas.<\/p>\n<p>P.- \u00bfPor qu\u00e9 esta man\u00eda de imponer las cosas? Si el producto es bueno, y tiene una buena promoci\u00f3n se vende s\u00f3lo. Un saludo.<\/p>\n<p>R.- No se impone nada. Hay una cuota de pantalla que es para diversificar la oferta cinematogr\u00e1fica, que no sea solamente cine americano. Y la gente elige lo que quiere. Es muy beneficioso para el p\u00fablico. A partir de ah\u00ed, se puede cubrir la cuota de pantalla con 900 y pico pel\u00edculas europeas (donde se incluyen las espa\u00f1olas) y es una oferta enorme. <\/p>\n<p>P.- En su caso concreto como productor, distribuidor y exhibidor la nueva ley de cine le beneficia m\u00e1s que a nadie. Estar\u00e1 usted muy contento, \u00bfverdad?<\/p>\n<p>R.- No s\u00e9 por qu\u00e9 me va a beneficiar m\u00e1s que a nadie. A los dem\u00e1s tambi\u00e9n. No entiendo por qu\u00e9. <\/p>\n<p>P.- \u00bfPuede usted describir alg\u00fan tipo de abuso de las grandes distribuidoras a los exhibidores?<\/p>\n<p>R.- Por ejemplo, yo creo que los exhibidores se quejan de que abusen de ellos pero se dejan abusar. Cuando en un complejo se estrena Piratas del Caribe y diez salas de las quince tiene esa pel\u00edcula, nadie les ha obligado a ello, luego se quejan de vicio. <\/p>\n<p>P.- En su opini\u00f3n, por qu\u00e9 en Espa\u00f1a no se aplica el sistema franc\u00e9s, que destina el 11% de los ingresos de taquilla a financiar el CNC ? Al producir m\u00e1s entradas las pel\u00edculas americanas &#8220;de consumo&#8221;, m\u00e1s dinero se ingresa para financiar exclusivamente cine nacional &#8230;y no olvidemos que parte de ese dinero va en ayuda a la distribuci\u00f3n. Gracias.<\/p>\n<p>R.- Es una vieja reivindicaci\u00f3n de adoptar el sistema franc\u00e9s y as\u00ed desaparecer\u00edan las subvenciones, lo que pasa es que en Espa\u00f1a no se puede porque el r\u00e9gimen fiscal espa\u00f1ol no lo permite. Es de caja \u00fanica, no se puede sectorizar. Ojal\u00e1 se pudiera. <\/p>\n<p>P.- \u00bfSe lleva bien con la FECE? \u00bfHa mantenido reuniones con ellos? \u00bfNo est\u00e1n abusando un poco de su posici\u00f3n?<\/p>\n<p>R.- Con la FECE para m\u00ed no existe, para m\u00ed existen sus asociados y s\u00ed me llevo bien porque son compa\u00f1eros de batallas. No he tenido reuniones con la FECE nunca. Pues eso habr\u00eda que pregunt\u00e1rselo a ellos pero s\u00ed creo que est\u00e1n en una posici\u00f3n equivocada. <\/p>\n<p>P.- Los exhibidores hacen huelga un lunes de junio. Un d\u00eda que casi nadie va al cine. \u00bfNo crees que si realmente quieren hacer &#8220;ruido&#8221; tendr\u00edan que hacer huelga un fin de semana entero? <\/p>\n<p>R.- Pues s\u00ed, depende del nivel de ruido que quieras hacer. El lunes no es mal d\u00eda porque es d\u00eda del espectador en muchas comunidades, eso s\u00ed hay que reconocerlo. <\/p>\n<p>P.- Hola Enrique, una pregunta relacionada con el poder en aumento de las 7 grandes productoras americanas: \u00bfcrees que el cambio que va a suponer el cine digital (que se avecina) va a aumentar o disminuir ese poder? \u00bfDeber\u00eda Europa buscar un modelo europeo especifico, alternativo al propuesto por esos estudios (el llamado modelo DCI)? Muchas gracias.<\/p>\n<p>R.- A la primera, desgraciadamente s\u00ed. La globalizaci\u00f3n les va a dar todav\u00eda m\u00e1s poder. La segunda: creo que va a pasar igual que con el sonido Dolby. Se impondr\u00e1 el modelo americano. <\/p>\n<p>P.- \u00bfQu\u00e9 es lo que los exhibidores piden a las distribuidoras independientes? \u00bfPel\u00edculas &#8220;m\u00e1s grandes&#8221;, m\u00e1s inversi\u00f3n en publicidad, menor o mayor n\u00famero de t\u00edtulos?<\/p>\n<p>R.- Ellos no piden nada en especial. Se atienen a la oferta que se les da. <\/p>\n<p>P.- \u00bfEs cierto que Pudor fue un fracaso en taquilla? \u00bfY Atlas de Geograf\u00eda Humana? \u00bfPara cu\u00e1ndo apostar\u00e1n por otros directores? <\/p>\n<p>R.- Pudor no fue un fracaso en taquilla, est\u00e1 en funci\u00f3n de las expectativas. Es una pel\u00edcula peque\u00f1a y no se esperaba tanto. De Atlas, ha ido correctamente bien. Yo trabajo con todos los directores que puedo&#8230;<\/p>\n<p>P.- Me gustar\u00eda saber que opinas de que los cortometrajes se sigan sin programas en las salas de cine como algo habitual. Creo que la creatividad y calidad de los cortos de hoy es mucho mayor que hace unos a\u00f1os, y sin embargo siguen sin tener la adecuada protecci\u00f3n y proyecci\u00f3n. Los que hacemos cortos, \u00bfqu\u00e9 podemos hacer para que esto cambie? Muchas gracias<\/p>\n<p>R.- Ese es un problema que tambi\u00e9n es hist\u00f3rico. La realidad, mientras los cortometrajes no sean generadores de econom\u00eda, no se van a poner en las salas, excepto por lados voluntaristas. Que haya un corto de forma habitual en las salas, como no genera econom\u00eda, no creo que se vaya a exhibir. <\/p>\n<p>P.- Todas las industrias tienen sus peculiaridades que van m\u00e1s all\u00e1 de lo estrictamente financiero. La industria de la cultura tambi\u00e9n, y esto incluye el apoyo a la creaci\u00f3n nacional. No puedo evitar ver una falta de compromiso con la cultura espa\u00f1ola por quienes ahora protestan, actitud adem\u00e1s corta de miras pues entiendo que el futuro de quienes protestan est\u00e1 ligado al futuro del cine espa\u00f1ol. \u00bfEs una muestra de debilidad y\/o cobard\u00eda de la industria cinematogr\u00e1fica espa\u00f1ola?<\/p>\n<p>R.- No, yo creo que la huelga no responde a nada tan profundo, sino a un acto de pataleta tard\u00eda y a destiempo de la FECE.<\/p>\n<p>P.- \u00bfNo cree usted que la nueva ley del cine aborda temas que no aportan una soluci\u00f3n a la problem\u00e1tica principal del cine espa\u00f1ol?, e.d.: \u00bfPor qu\u00e9 el ciudadano espa\u00f1ol no va a ver cine espa\u00f1ol? \u00bfPor qu\u00e9 no le atrae ni le interesa el cine realizado en nuestro pa\u00eds?<\/p>\n<p>R.- Hay unos que van y otros que no van. Los que no van, ser\u00e1 porque no les interesar\u00e1 o no les gustar\u00e1. <\/p>\n<p>P.- Si fuera por los exhibidores en sus salas solo pondr\u00edan Spiderman 3, Shrek 3 y Piratas del Caribe 3. Al fin y al cabo est\u00e1s son las pel\u00edculas que &#8220;interesan&#8221; al publico. \u00bfComo crees que se cambian &#8220;los intereses&#8221; del publico a otro tipo de cine?<\/p>\n<p>R.- Eso va ligado a la cultura. Es decir, que es un problema educacional. El inter\u00e9s por lo diferente procede siempre de una educaci\u00f3n determinada. Si no la tienes, dif\u00edcilmente te puedes interesar por otras cosas. <\/p>\n<p>P.- Despues de ver varios a\u00f1os los premios Goya, observar la calidad de nuestro cine, \u00bfcree que merece la pena esta huelga? \u00bfqu\u00e9 intereses est\u00e1n detr\u00e1s de ella?, por una vez, pido que alguien rompa una lanza en favor del cine espa\u00f1ol <\/p>\n<p>R.- Detr\u00e1s est\u00e1 la FECE. No hay nadie m\u00e1s que est\u00e9 detr\u00e1s. Lo que es cierto es que se est\u00e1 atacando demasiado fuerte al cine espa\u00f1ol como si fuese el culpable de todos los males que hay en el mundo. No se ha digerido todav\u00eda lo de la postura de cine en la guerra de Irak. Habr\u00e1 que dejar pasar un cierto tiempo y a ver si quienes lo odian por una cuesti\u00f3n visceral, rectifican. <\/p>\n<p>P.- \u00bfQu\u00e9 tal les funcion\u00f3 Cabeza de perro en los videoclubs? Lo digo porque en plena promoci\u00f3n ese actor considerado el futuro (glups) del cine espa\u00f1ol se dedic\u00f3 a alabar las virtudes de las descargas ilegales de internet con lo que fuimos muchos los que decidimos no cogerla para nuestros establecimientos. <\/p>\n<p>R.- Esa pel\u00edcula no es m\u00eda. Los derechos son de la productora (TESELA). Ignoro si han vendido una copia o 10.000. En cuanto a las declaraciones de Ballesta, son propias de un chaval de 18 a\u00f1os en un momento determinado. Tampoco hay que matarle por eso. <\/p>\n<p>P.- El cine&#8230; \u00bfcultura protegida o industria feroz? Los espectadores&#8230; \u00bfsimples monos que acuden en masa &#8220;pongan lo que pongan&#8221; (cuota de pantalla) gracias a la inversi\u00f3n en publicidad (pr\u00e1cticamente inexistente en Espa\u00f1a) o resulta que NO les gusta el cine espa\u00f1ol?? <\/p>\n<p>R.- El cine es cultura, eso est\u00e1 claro. Como es muy cara, necesita ayudas y eso es mundial, no espa\u00f1ol. Los espectadores es como la Humanidad, hay m\u00e1s inteligentes, tontos y muy tontos. Igual que los que estamos en el cine: unos son inteligentes, otros tontos y otros muy tontos. <\/p>\n<p>P.- \u00bfCrees que ser\u00eda una buena medida para una futura ley de cine la prohibici\u00f3n del doblaje de las pel\u00edcula extranjeras para su distribuici\u00f3n en cines? \u00bfAyudar\u00eda esto m\u00e1s al cine hispanohablante y a nuestra cultura en general?<\/p>\n<p>R.- Por supuesto que el gran enemigo del cine espa\u00f1ol es el doblaje. Lo que pasa es que desgraciadamente, llevamos 70 a\u00f1os con el doblaje. Suprimirlo actuamente ser\u00eda matar el cine en general porque hay una cultura creada. Ojal\u00e1 se pudiera suprimir. <\/p>\n<p>P.- Desde el papel del productor: \u00bfEs posible producir pel\u00edculas con calidad art\u00edstica y buen gui\u00f3n y al mismo tiempo inter\u00e9s comercial? Parece que siempre son o una cosa o la otra&#8230;<\/p>\n<p>R.- Yo creo que un productor, cuando hace una pel\u00edcula siempre est\u00e1 convencido que lo que va a hacer est\u00e1 bien. Lo que pasa es que, en Espa\u00f1a, como en todos los pa\u00edses del mundo, aquello que t\u00fa consideras que est\u00e1 bien, no conecta con el p\u00fablico. Y tambi\u00e9n ocurre al rev\u00e9s. Esa es la magia del cine y eso es por lo que el cine no lo producen los bancos. No hay ninguna regla que garantice nada. <\/p>\n","protected":false},"excerpt":{"rendered":"<p>El pasado lunes la Federaci\u00f3n de Cines de Espa\u00f1a (FECE), la patronal de las salas de exhibici\u00f3n cinematogr\u00e1fica, convoc\u00f3 un cierre para protestar contra el proyecto de Ley del Cine que prepara el Gobierno. Protestaban contra la cuota de pantalla que les obligar\u00e1 a programar pel\u00edculas espa\u00f1olas o europeas junto a las estadounidenses. En el lado opuesto, hay otro grupo, en el que se encuentra el presidente de la productora y distribuidora Alta Films, a favor de la nueva normativa como m\u00e9todo para la diversificaci\u00f3n. \u00c9ste ha charlado con los lectores.<\/p>\n","protected":false},"author":1,"featured_media":0,"comment_status":"open","ping_status":"open","sticky":false,"template":"","format":"standard","meta":{"footnotes":""},"categories":[],"tags":[],"class_list":["post-1240","post","type-post","status-publish","format-standard","hentry"],"_links":{"self":[{"href":"https:\/\/intervius.com\/index.html\/wp-json\/wp\/v2\/posts\/1240","targetHints":{"allow":["GET"]}}],"collection":[{"href":"https:\/\/intervius.com\/index.html\/wp-json\/wp\/v2\/posts"}],"about":[{"href":"https:\/\/intervius.com\/index.html\/wp-json\/wp\/v2\/types\/post"}],"author":[{"embeddable":true,"href":"https:\/\/intervius.com\/index.html\/wp-json\/wp\/v2\/users\/1"}],"replies":[{"embeddable":true,"href":"https:\/\/intervius.com\/index.html\/wp-json\/wp\/v2\/comments?post=1240"}],"version-history":[{"count":0,"href":"https:\/\/intervius.com\/index.html\/wp-json\/wp\/v2\/posts\/1240\/revisions"}],"wp:attachment":[{"href":"https:\/\/intervius.com\/index.html\/wp-json\/wp\/v2\/media?parent=1240"}],"wp:term":[{"taxonomy":"category","embeddable":true,"href":"https:\/\/intervius.com\/index.html\/wp-json\/wp\/v2\/categories?post=1240"},{"taxonomy":"post_tag","embeddable":true,"href":"https:\/\/intervius.com\/index.html\/wp-json\/wp\/v2\/tags?post=1240"}],"curies":[{"name":"wp","href":"https:\/\/api.w.org\/{rel}","templated":true}]}}