{"id":1234,"date":"2007-06-19T00:00:00","date_gmt":"2006-11-06T00:00:00","guid":{"rendered":"https:\/\/intervius.com\/index.html\/?p=1234"},"modified":"2006-11-06T00:00:00","modified_gmt":"2006-11-06T00:00:00","slug":"Pastora1234","status":"publish","type":"post","link":"https:\/\/intervius.com\/index.html\/Pastora1234\/","title":{"rendered":"Pastora"},"content":{"rendered":"<p>Pregunta.- \u00bfDe donde viene el nombre Pastora?<\/p>\n<p>Respuesta.- El nombre es un homenaje a la madre de Ca\u00efm y Pauet, que se llamaba Merc\u00e8 Pastor y que, cari\u00f1osamente la llamaban Pastora. <\/p>\n<p>P.- &#8220;Contra los que piensan que en la m\u00fasica ya est\u00e1 todo hecho, dicho o cantado, Pastora aparece para romper t\u00f3picos&#8221;. Eso dice la primera frase de vuestra biograf\u00eda en vuestra nueva p\u00e1gina web, pero \u00bfqu\u00e9 t\u00f3picos pens\u00e1is que hab\u00e9is roto y cu\u00e1l es el que m\u00e1s os ha gustado romper?<\/p>\n<p>R.- Esto que has le\u00eddo es la hoja de prensa que redacta alguien de la compa\u00f1\u00eda de discos, lo hacen con mucho cari\u00f1o y con intenci\u00f3n promocional. Si hemos roto algun t\u00f3pico no sabemos cu\u00e1l es&#8230;<\/p>\n<p>P.- \u00bfQu\u00e9 papel desempe\u00f1a Pauet en lo visual de Cu\u00e1nta vida?<\/p>\n<p>R.- Por lo pronto la imagen del single, el video casero de cuanta vida que se puede ver en youtube, y en los directos ya lo ver\u00e1s&#8230;<\/p>\n<p>P.- Buenos d\u00edas chicos \u00a1Qu\u00e9 madrugadores! \u00bfC\u00f3mo se lleva la promoci\u00f3n a estas horas de la ma\u00f1ana?<\/p>\n<p>R.- zzzzzzzzzzzzzzz<\/p>\n<p>P.- Buenos d\u00edas Dolo, Ca\u00efm y Pauet. Gracias por estar con nosotros. Creo que hay mucha gente que est\u00e1 comentando que es una idea revolucionaria sacar un single y no un \u00e1lbum completo pero para m\u00ed es algo que se hac\u00eda hace 50 a\u00f1os antes de que llegaran los Beatles y lanzaran un elep\u00e9, solo que antes en vinilo y ahora en formato digital. \u00bfCreeis que es un paso adelante o dos atr\u00e1s?<\/p>\n<p>R.- Creo que es el sistema de promoci\u00f3n de toda la vida, pero utilizando las nuevas tecnolog\u00edas.<\/p>\n<p>P.- Hola a los 3, os vi en una actuacion en directo y pienso que soys muy buenos.\u00bfPer\u00f3 porque creeis que la gente les questa entender vuestra muscia? porque se sale un poco de lo tradicional?,(per\u00f3 es muy buena eh?) y tu Dolo eres muy buena,quiero decir que me haces reir en tus conciertos.Besos de Vic(bcn)<\/p>\n<p>R.- Gracias por los piropos. Seguramente estamos a caballo entre lo independente y lo comercial, y nos cuesta m\u00e1s introducir nuestra m\u00fasica.<\/p>\n<p>P.- \u00bfC\u00f3mo surgi\u00f3 la idea de rodar una pel\u00edcula-concierto? \u00bfEn qu\u00e9 consistir\u00e1? Agradezo que exist\u00e1is en el panorama musical espa\u00f1ol. Sois \u00fanicos e irrepetibles! Un abrazo desde Barcelona!<\/p>\n<p>R.- Graaciass. Surgi\u00f3 hace bastante tiempo, volviendo a los sistemas de promoci\u00f3n antiguos, como hicieron pink floid y hombres G je je&#8230; Pero no te imagines una peli convencional con historia, ser\u00e1 m\u00e1s un viaje visual musicado por nosotros y culminando en un concierto en medio de la nada en las Minas de R\u00edo tinto, sin p\u00fablico, solos en medio de un paraje casi lunar. <\/p>\n<p>P.- \u00bfQu\u00e9 es lo que os a motivado que ya no pongais vuestras canciones en formato f\u00edsico? Muchos besos y vuestro single es genial.<\/p>\n<p>R.- Por fechas nos tocaba sacar disco este a\u00f1o, pero nosotros quer\u00edamos hacer un album sin prisas. Como ya tenemos un mont\u00f3n de temas nos apetec\u00eda ense\u00f1aros almenos uno, hasta que el disco salga&#8230;<\/p>\n<p>P.- HOLA SOY DE MEXICO, CUANDO VENDRA PASTORA A MEXICO A PRESENTAR SUS MATERIALES? GER_190479@HOTMAIL.COM SOY UN FAN DE MEXICO ME ENCANTARIA CONOCERLOS Y ESCUCHAR SU MUSICA EN VIVO SERIA LO MAS GENIAL YO COMPRE LOS 2 CDS PASTORA, LA VIDA MODERNA LOS MANDE PEDIR A MEXICO SON GENIALES UNOS VERDADEROS MUSICOS HUAA SALUDOS DESDE MEXICO MI CIUDAD ES QUERETARO. <\/p>\n<p>R.- saludos a Queretaro!!!! Nos encantar\u00eda ir, pero mucho, mucho, mucho&#8230; A ver si lo conseguimos con nuestro nuevo trabajo.. Abrazos<\/p>\n<p>P.- Hola, \u00bfqu\u00e9 tal? Mi pregunta es: \u00bfpor qu\u00e9 creeis que vuestra m\u00fasica impacta tanto en el p\u00fablico? \u00bfqu\u00e9 pensais que llama m\u00e1s la atenci\u00f3n de vosotros como artistas?<\/p>\n<p>R.- Hola. Suponemos que nuestra manera de componer es diferente a la que normalmente se promociona.<\/p>\n<p>P.- \u00bfEs cierto que vas a actuar durante los dias de la celebracion del orgullo gay en madrid? Podeis confirmarlo y decir d\u00eda y hora. Despues del concierto conjunto con los Pet shop Boys estoy enamorado de vosotros.<\/p>\n<p>R.- Haremos un mini concierto de 4 temas, en la plaza de chueca el d\u00eda 27 de junio, te esperamos.<\/p>\n<p>P.- hola! He escuchado &#8220;cu\u00e1nta vida&#8221; y me parece el mejor tema de vuestra carrera. Visto que a veces os vais hacia la electronica, \u00bfQue grupos de m\u00fasica electr\u00f3nica os gustan m\u00e1s del panorama actual en Espa\u00f1a? Muchas gracias y a continuar haciendo temazos!<\/p>\n<p>R.- BALAGO. Pero en espa\u00f1a no conocemos demasiados. <\/p>\n<p>P.- hola!despues de cantar junto a Pereza &#8220;musica ligera&#8221; teneis previsto grabar algun tema colaborando con algun artista reconocido en un futuro cercano? mucha suerte para el grupo<\/p>\n<p>R.- Gracias, de momento no hay nada pensado.<\/p>\n<p>P.- hola a los 3! he ido a tantos conciertos vuestros que hasta caim recordaba mi cara y me saludaba xD. El single cuanta vida es un aviso de que pastora va a ser un grupo mucho mas electronico?<\/p>\n<p>R.- Y m\u00e1s ca\u00f1ero!!!!!!!!!!!!! Esa es la intenci\u00f3n<\/p>\n<p>P.- Hola, primero deciros que me teneis enganchado, me pareceis uno de los mejores y mas originales grupos que hay ahora mismo en el panorama de la m\u00fasica Espa\u00f1ola. Con &#8220;Cuanta Vida&#8221; os habeis superado. Un abrazo. <\/p>\n<p>R.- Gracias, cachalote<\/p>\n<p>P.- Hace poco actuasteis en Barcelona con M\u00fcrfila y tanto vosotros como ella sois de all\u00ed. \u00bfQu\u00e9 tal fue la experiencia? \u00bfNo os parece que los artistas catalanes teneis una forma muy especial de percibir la m\u00fasica y la est\u00e9tica? Yo creo que sois muy creativos. Un abrazo de un madrile\u00f1o!<\/p>\n<p>R.- La experiencia fue singular, hicimos un concierto solo guitarra y voz&#8230;<\/p>\n<p>P.- Enhorabuena por vuestro nuevo single y por vuestro videoclip. Es genial que grupos como vosotros se muestren tan abiertos, tolerantes y plurales en los videos. \u00bfNo creeis que en Espa\u00f1a casi todo (canciones, videoclips, est\u00e9tica&#8230;) es muy igual y muy poca gente arriesga? Un abrazo! Seguid as\u00ed&#8230;<\/p>\n<p>R.- S\u00ed que lo creemos&#8230; que est\u00e1 todo muy dormido. <\/p>\n<p>P.- El primer disco me encant\u00f3 pero con el segundo disco os perd\u00ed la pista. El neuvo single me parece bestial \u00bfcre\u00e9is que ser\u00e1 un nuevo boom?<\/p>\n<p>R.- Ojal\u00e1<\/p>\n<p>P.- hola!!! os escribo desde almeria y soy vuestro mayor fan!!! mi pregunta es: \u00bfos molesta que os encasillen como el grupo de la cancion de &#8220;lola&#8221; o &#8220;cu\u00e1nta vida&#8221; porque son las mas bailables y no os reconozquen por otras canciones mucho mas &#8220;increibles&#8221; como &#8220;dia tonto&#8221; o &#8220;lunes&#8221;?besos dolo eres increible en los conciertos!!<\/p>\n<p>R.- No nos molesta, porque tambien hay gente como t\u00fa. Besazos<\/p>\n<p>P.- Me gustaria saber donde vais a grabar la pelicula esa que teneis en mente. Y tambien saber si vuestro nuevo disco sera del mismo estilo que la nueva canci\u00f3n o sera un disco repleto de baladas y cosas lentas (espero que sea como el single, muy movido y fresco!me encantais) Espero volver a veros en Bilbao! un saludo<\/p>\n<p>R.- La pel\u00edcula se grabar\u00e1 en las Minas de R\u00edo tinto -huelva-, y s\u00ed el nuevo \u00e1lbum va por ah\u00ed, a lo movidito.<\/p>\n","protected":false},"excerpt":{"rendered":"<p>El tr\u00edo formado por Dolo beltr\u00e1n y los hermanos Ca\u00efm y Pauet Riba acaba de lanzar el tema Cu\u00e1nta vida. Es el inicio de una serie de singles que se publicar\u00e1n exclusivamente en formato digital. Sobre este y otros proyectos ha charlado Pastora con los internautas. Consulta el encuentro.<\/p>\n","protected":false},"author":1,"featured_media":0,"comment_status":"open","ping_status":"open","sticky":false,"template":"","format":"standard","meta":{"footnotes":""},"categories":[],"tags":[],"class_list":["post-1234","post","type-post","status-publish","format-standard","hentry"],"_links":{"self":[{"href":"https:\/\/intervius.com\/index.html\/wp-json\/wp\/v2\/posts\/1234","targetHints":{"allow":["GET"]}}],"collection":[{"href":"https:\/\/intervius.com\/index.html\/wp-json\/wp\/v2\/posts"}],"about":[{"href":"https:\/\/intervius.com\/index.html\/wp-json\/wp\/v2\/types\/post"}],"author":[{"embeddable":true,"href":"https:\/\/intervius.com\/index.html\/wp-json\/wp\/v2\/users\/1"}],"replies":[{"embeddable":true,"href":"https:\/\/intervius.com\/index.html\/wp-json\/wp\/v2\/comments?post=1234"}],"version-history":[{"count":0,"href":"https:\/\/intervius.com\/index.html\/wp-json\/wp\/v2\/posts\/1234\/revisions"}],"wp:attachment":[{"href":"https:\/\/intervius.com\/index.html\/wp-json\/wp\/v2\/media?parent=1234"}],"wp:term":[{"taxonomy":"category","embeddable":true,"href":"https:\/\/intervius.com\/index.html\/wp-json\/wp\/v2\/categories?post=1234"},{"taxonomy":"post_tag","embeddable":true,"href":"https:\/\/intervius.com\/index.html\/wp-json\/wp\/v2\/tags?post=1234"}],"curies":[{"name":"wp","href":"https:\/\/api.w.org\/{rel}","templated":true}]}}