{"id":1230,"date":"2007-06-20T00:00:00","date_gmt":"2006-11-06T00:00:00","guid":{"rendered":"https:\/\/intervius.com\/index.html\/?p=1230"},"modified":"2006-11-06T00:00:00","modified_gmt":"2006-11-06T00:00:00","slug":"Erreway1230","status":"publish","type":"post","link":"https:\/\/intervius.com\/index.html\/Erreway1230\/","title":{"rendered":"Erreway"},"content":{"rendered":"<p>Pregunta.- Como defin\u00eds vuestra musica??<\/p>\n<p>Respuesta.- Es m\u00fasica pop, m\u00e1s allegado al rock \u00faltimamente.<\/p>\n<p>P.- Considerais vuestra musica comercial??<\/p>\n<p>R.- Si, creo que el principio fue m\u00e1s bien comercial y las canciones sal\u00edan como hits, como cortes comerciales. Pero el disco entero, Memoria, es el menos comercial y el que m\u00e1s se acerca a nuestros gustos. Por lo menos intentamos acercarnos a nuestros gustos.<\/p>\n<p>P.- Cami, Feli; ya va hacer un a\u00f1o de la primera visita que hicisteis a Espa\u00f1a. \u00bfOs segu\u00eds sorprendiendo por los fans espa\u00f1oles? <\/p>\n<p>R.- Si, nos sorprendimos mucho en la primera visita del respeto que ten\u00edan para con nosotros, no solo en el trabajo, sino tambi\u00e9n como personas. Sal\u00edamos del hotel para conocer Madrid y los fans que estaban en la puerta, nos ped\u00edan las fotos pero luego nos dejaban libres. Eso nos sorprendi\u00f3 mucho y la respuesta fue brillante.<\/p>\n<p>P.- \u00a1Hola! Me gustar\u00eda preguntaros \u00bfCu\u00e1l ha sido vuestra mejor experencia como grupo? Y por supuesto que os quiero much\u00edsimo y que os seguir\u00e9 donde vallais&#8230; \u00a1Un beso!<\/p>\n<p>R.- Antes que nada gracias por el elogio. Creo que los viajes y las giras y los shows, que en cada lugar eran distintos fue lo mejor. Tener la oportunidad de conocer al p\u00fablico de cada pa\u00eds.<\/p>\n<p>P.- de todos los conciertos que ya habeis hecho en espa\u00f1a cual ha sido el que m\u00e1s os ha gustado? donde repetirias?<\/p>\n<p>R.- Creo que el \u00faltimo en MAdrid fue tremendo. El primero fue en Barcelona y el \u00faltimo en Madrid. No tanto por la ciudad sino porque fueron el primero y el \u00faltimo. Y por nosotros repetir\u00edamos en todos y en muchos que se quedaron fuera de gente que nos ped\u00eda que fueramos a ciudades donde no hemos ido. Tendremos que venir de nuevo para ir a todas las ciudades.<\/p>\n<p>P.- Hola xicos!!Me encantan vuestras canciones&#8230;sobretodo &#8220;Ser\u00e1 de Dios&#8221;es preciosa!!.He visto todos los capitulos d rebelde way!!..Estuvo genial el concierto que dist\u00e9is en la cubierta de Legan\u00e9s&#8230;\u00bfVais a sacar DVD de la gira por Espa\u00f1a?&#8230;Benjaa te sigo en Alma Pirata!!Sos divinoo!!mi novio es argentino&#8230;y os deseamos lo mejor.Muxos besos<\/p>\n<p>R.- El de la Cubierta en Legan\u00e9s es al que antes nos refer\u00edamos. Un saludo por el seguimiento de Alma Pirata. Est\u00e1mos hablando justamente con la gente que nos podr\u00eda editar el DVD, a ver si nos lo pueden sacar. Ahora editamos el pack con Warner con nuestra carrera que trae un CD en directo en Israel y un DVD. Adem\u00e1s hay otros dos discos. Estamos trabajando para ver si podemos sacar un nuevo disco, adem\u00e1s del \u00faltimo que sali\u00f3 ac\u00e1 que fue tiempo.<\/p>\n<p>P.- hola, soy cristina de alicante, bueno una vez mas muchisimas gracias por estar aqui de nuevo \u00bf como se encuentran ahora personal y profesionalmente? un beso muy grande!!<\/p>\n<p>R.- Muy bien, de verdad, descansando, poni\u00e9ndole todas las energ\u00edas a la gira de septiembre y al nuevo disco. Estamos muy felices de estar aqu\u00ed. Sobre todo contentos por estar en Espa\u00f1a.<\/p>\n<p>P.- \u00bfTen\u00e9is alg\u00fan ritual o man\u00eda antes de subir a un escenario? <\/p>\n<p>R.- Si, es muy nuestro. Nos solemos quedar cinco o diez minutos previos solos absolutamente y charlamos de nada. Bueno, ajustamos cuentas, Benja me paga lo que me debe y yo le pago lo que le debo a Cami, jajajaja.<\/p>\n<p>P.- \u00bfSent\u00eds que hab\u00e9is renacido musicalmente? <\/p>\n<p>R.- Si, claro. El proyecto termin\u00f3 pero a ra\u00edz de que sal\u00edo la novela ac\u00e1, surgi\u00f3 el proyecto de venir a hacer una gira ac\u00e1 y como sali\u00f3 tan bien, fue la segunda vez que vinimos.<\/p>\n<p>P.- \u00bfcreis k vuestro paso x la serie os ayudado a dar un empujon musicalmente?\u00bfque preferies ser actores o cantantes,con que profesion os gustaria jubilaros?o ambas son compatibles,un saludo<\/p>\n<p>R.- No nos gustar\u00eda jubilarnos, de ninguna de las dos maneras. Nos gustar\u00eda mantener las dos y seguir aprendiendo de las dos. En realidad, la serie nos abri\u00f3 la puerta a la m\u00fasica. Nosotros ven\u00edamos de actuar y la c\u00e1mara te ayuda a conseguir un p\u00fablico muy fiel. Entonces surgi\u00f3 la posibilidad de sacar uan disco para esa serie, pero para sacarlo fue como partir de cero: recibir clases de canto, ir a un estudio de grabaci\u00f3n por primera vez&#8230;<\/p>\n<p>P.- Holaaa chicos! \u00bfQu\u00e9 esper\u00e1is de la nueva gira? Yo fui al concierto de Madrid en diciembre, y fue genial!! \u00bfQu\u00e9 sentisteis cuando la gente cantaba vuestras canciones?, esos momentos &#8220;ser\u00e1 de dios&#8221;, y &#8220;te so\u00f1\u00e9&#8221;, fueron inolvidables. \u00a1Qu\u00e9 no falten en la nueva gira! jeje Gracias por volver, Feli soy tu fan n\u00famero 1!!Un besazo!!<\/p>\n<p>R.- Un beso, gracias. Esperamos no s\u00e9 si repetirlos sino crear momentos nuevos con las ideas que tenemos para el show. Cuando la gente canta y baila, cumplimos nuestro concepto de hacer que la gente se lo pase bien ese d\u00eda y en ese momento. Queremos que la gente disfrute con nuestro espect\u00e1culo<\/p>\n<p>P.- \u00bfteneis alg\u00fan proyecto en marcha?<\/p>\n<p>R.- Por ahora el disco nuevo cuando volvamos a la Argentina que lo tenemos que grabar que es un lanzamiento pura y exclusivamente para Espa\u00f1a. Empezaremos los ensayos para la gira. Feli: Yo estoy trabajando ahora en la tele. Benja: Yo quiz\u00e1 algo de cine, pero de momento nada concreto.<\/p>\n<p>P.- muxas felicitaciones por vuestro existo pero \u00bfesto puede q sea una puerta a un nuevo camino para erreway? \u00bfpuede volver a formarse o tdo terminara con estos conciertos tan proximos en Espa\u00f1a? gracias y de nuevo enhorabnuena por vuestro exito m encanta vuestro grupo y m gusrtaria veros de nuevo juntos ya q el concierto en vigo el pasado 5 de diciembre del a\u00f1o pssado estuvo romperdor!! habia mxa fuerza y unidad gracias por tdo de nuevo! <\/p>\n<p>R.- Que bueno. La verdad es que no lo tomamos como nada. Cuando vinimos a Espa\u00f1a en diciembre no esperabamos que hubiera una segunda vuelta y ni siquiera un nuevo disco. As\u00ed que imag\u00ednate. Estamos sujetos a lo que pase, pero bueno ya estamos preparados para hacer temas nuevos. Siempre hemos tenido metas a corto plazo: hacer la gira y luego a ver que pasa.<\/p>\n<p>P.- En la nueva gira, \u00bfcantareis del disco Memoria?, para m\u00ed es el que mejores canciones tiene, &#8220;que se siente&#8221;, &#8220;bandera blanca&#8221;, y &#8220;vivo como vivo&#8221;, gracias por cantar \u00e9sta en el concierto de Madrid!! Pero bueno que tampoco falten: &#8220;te so\u00f1\u00e9&#8221; y &#8220;dije adi\u00f3s&#8221;. Feli y Benja, ah\u00ed os sal\u00eds!! Un abrazo, os espero en septiembre \ud83d\ude09 <\/p>\n<p>R.- El disco nuevo va a tener temas nuevos de Memoria, y por ende, va a haber en el show temas del disco de Memoria. Claroq ue los hits de siempre no van a faltar.<\/p>\n<p>P.- \u00bfhabeis notado muchos cambios entre vosotros al reuniros tanto tiempo despues? \u00bfNo os gustar\u00eda trabajar en Espa\u00f1a?<\/p>\n<p>R.- No s\u00e9 si definitivamente, pero quiz\u00e1 una temporada, creo que s\u00ed. Si estuvieramos aqu\u00ed un a\u00f1ito ser\u00eda relindo. Es un pa\u00eds relindo. No hemos visto muchos cambios porque nos seguimos viendonos despu\u00e9s de grabar la serie.<\/p>\n<p>P.- Que opinan de RBD?<\/p>\n<p>R.- No los pudimos ver porque a la Argentina no llega y no hemos escuchado mucho lo que han hecho. Est\u00e1n en centroam\u00e9rica y m\u00e1s para el norte y entonces no tuvimos mucho conocimiento. El \u00fanico momento cuando los vimos fue cuando estabamos en gira, pero apenas si les conocemos.<\/p>\n<p>P.- \u00bfcomo os definiriais entre vosotros?, es decir, \u00bfcual es la mejor cualidad de cada uno? muchas gracias por cumplir los sue\u00f1os de los fans espa\u00f1oles<\/p>\n<p>R.- Gracias a vosotros. La gira pasada se hizo gracias a que la gente quiso que se hiciera porque ya hab\u00edamos cerrado el proyecto. Creo que lo mejor que nos define es el compa\u00f1erismo entre nosotros. Cami se acuerda de todo y es muy memoriosa. Benja se acuerda de todo. La cualidad de los tres es disfrutar cada momento y el respeto entre nosotros.<\/p>\n<p>P.- \u00bfHay algo que no hayais hecho todav\u00eda y que os gustar\u00eda hacer?<\/p>\n<p>R.- Muchas cosas. Me parece que tener la oportunidad de visitar pa\u00edses como por ejemplo toda la Europa del Este, ser\u00eda uno de ellos. Nos dio mucha l\u00e1stima no poder ir a Hungr\u00eda, Macedonia, Ruman\u00eda<\/p>\n<p>P.- esta es una pregunta para benjamin. Te cost\u00f3 mucho realizar el papel de cruz navarro en alma pirata? te lo pasastes bien haciendo la novela? Me parece que es una novela estupenda y tu papel es espectacular. Un beso y un saludo a los tres. Se os quiere en espa\u00f1a!<\/p>\n<p>R.- Estuve dos meses de preparaci\u00f3n y entrenamiento de esgrima y de magia. Fueron dos meses intensos pero lo disfrut\u00e9 el personaje y me gust\u00f3 mucho.<\/p>\n<p>P.- \u00bfvais a hacer otra serie juntos?besos<\/p>\n<p>R.- No sabemos, pero no est\u00e1 en los planes inmediatos. De todas formas estamos abierto a todos. Feli y Cami trabajaron juntos a principio de a\u00f1o en una serie.<\/p>\n<p>P.- Hola chicos, primero deciros que sois los mejores y pediros una cosita, ma\u00f1ana es mi cumplea\u00f1os y me gustar\u00eda que me felicitarais, muchas gracias. Y aqu\u00ed va mi pregunta. \u00bfQu\u00e9 hechais de menos de la \u00e9poca de rebelde way? un beso os quiero. Ana Salamanca<\/p>\n<p>R.- Feliz cumplea\u00f1os Anaaaaa!!!! Echamos mucho de menos el grupo y la gente, vernos continuamente todos. Ahora nos vemos pero cada uno est\u00e1 con sus cosas y cada vez es m\u00e1s dif\u00edcil. Se casan, tienen hijos&#8230; jejeje<\/p>\n<p>P.- hola,\u00bfcuando estais de gira que es lo que mas echais en falta?\u00bfa que persona estra\u00f1ais mas?\u00bfcreeis en el amor a distancia?os reamo!!!!<\/p>\n<p>R.- Ohhhhh. Echamos mucho de menos a la familia, pero tampoco estamos tanto tiempo lejos, lo m\u00e1ximo que estamos fuera han sido dos meses entre la filmaci\u00f3n de la pel\u00edcula y la gira por Israel. Ah\u00ed si que extra\u00f1amos a la gente pero normalmente se nos pasa r\u00e1pido<\/p>\n<p>P.- V\u00ed en la p\u00e1g. de erreway una noticia q publicaron en su \u00faltima gira del disco &#8220;memoria&#8221;, dec\u00eda q vender\u00edan sus discos y tambien vendr\u00edan a Colombia, q pas\u00f3 con eso? por qu\u00e9 no se hizo?<\/p>\n<p>R.- Son versiones que corren por la web, pero a nosotros nunca nos confirmaron una gira por Colombia. En esta gira no se habl\u00f3 de otro pa\u00eds que no fuera Espa\u00f1a. Aunque estar\u00edamos encantados de ir a Colombia en cuanto se pueda<\/p>\n<p>P.- os habeis planteado en grabar un cd los tres solos?(con nuevas canciones) <\/p>\n<p>R.- Si, estamos preparando un nuevo disco, para antes de septiembre y esperamos que salga lo m\u00e1s rapido posible y poder traerlo ac\u00e1. Va a traer canciones nuevas, tambi\u00e9n canciones de Memoria y en base a ese disco va a ser cuando hagamos la gira a partir del 16 de septiembre en Madrid. Ya est\u00e1 confirmado<\/p>\n<p>P.- \u00bfporque creeis que despues de tantos a\u00f1os, Rebelde way y erreway, siguen teniendo tanto exito? <\/p>\n<p>R.- El programa ac\u00e1 se sigue dando. Nunca hemos sabido contestar bien a esta pregunta, pero creemos que el programa cuenta problemas para adolescentes que les pasa a todo el mundo. Hay muchas cosas que siguen muy vigentes y creemos que ah\u00ed reside el \u00e9xito. Se maneja un lenguaje muy directo con un p\u00fablico que a lo mejor no ten\u00eda un programa que hablara ese lenguaje.<\/p>\n<p>P.- bueno cami en los videos de usds hay mucho baile y hay que reconocer q tu bailas como las diosas dondo aprendistes a bailar??? bsitos xicos valeis muxos sois unos k-pos!!!<\/p>\n<p>R.- Estudie baile de chiquita y despu\u00e9s en Chiquititas baile durante 7 a\u00f1os en la tira y en los musicales. Despu\u00e9s en rebeldes y adem\u00e1s me gusta.<\/p>\n","protected":false},"excerpt":{"rendered":"<p>El grupo nacido de la serie Rebelde Way recopila todo su material publicado hasta hoy para editarlo en un pack especial que se pone a la venta el 19 de junio. Hoy han charlado con sus seguidores en un encuentro digital que no te puedes perder. Consulta el encuentro!<\/p>\n","protected":false},"author":1,"featured_media":0,"comment_status":"open","ping_status":"open","sticky":false,"template":"","format":"standard","meta":{"footnotes":""},"categories":[],"tags":[],"class_list":["post-1230","post","type-post","status-publish","format-standard","hentry"],"_links":{"self":[{"href":"https:\/\/intervius.com\/index.html\/wp-json\/wp\/v2\/posts\/1230","targetHints":{"allow":["GET"]}}],"collection":[{"href":"https:\/\/intervius.com\/index.html\/wp-json\/wp\/v2\/posts"}],"about":[{"href":"https:\/\/intervius.com\/index.html\/wp-json\/wp\/v2\/types\/post"}],"author":[{"embeddable":true,"href":"https:\/\/intervius.com\/index.html\/wp-json\/wp\/v2\/users\/1"}],"replies":[{"embeddable":true,"href":"https:\/\/intervius.com\/index.html\/wp-json\/wp\/v2\/comments?post=1230"}],"version-history":[{"count":0,"href":"https:\/\/intervius.com\/index.html\/wp-json\/wp\/v2\/posts\/1230\/revisions"}],"wp:attachment":[{"href":"https:\/\/intervius.com\/index.html\/wp-json\/wp\/v2\/media?parent=1230"}],"wp:term":[{"taxonomy":"category","embeddable":true,"href":"https:\/\/intervius.com\/index.html\/wp-json\/wp\/v2\/categories?post=1230"},{"taxonomy":"post_tag","embeddable":true,"href":"https:\/\/intervius.com\/index.html\/wp-json\/wp\/v2\/tags?post=1230"}],"curies":[{"name":"wp","href":"https:\/\/api.w.org\/{rel}","templated":true}]}}