{"id":1220,"date":"2007-06-15T00:00:00","date_gmt":"2006-11-06T00:00:00","guid":{"rendered":"https:\/\/intervius.com\/index.html\/?p=1220"},"modified":"2006-11-06T00:00:00","modified_gmt":"2006-11-06T00:00:00","slug":"Pedro_Munoz1220","status":"publish","type":"post","link":"https:\/\/intervius.com\/index.html\/Pedro_Munoz1220\/","title":{"rendered":"Pedro Mu\u00f1oz"},"content":{"rendered":"<p>Pregunta.- Enhorabuena por el magn\u00edfico Nacional del que disfrutamos en Logro\u00f1o hace dos a\u00f1os. \u00bfSer\u00e1 posible ver alg\u00fan d\u00eda aqu\u00ed una eliminatoria de la Davis? \u00bfHay contactos?<\/p>\n<p>Respuesta.- Gracias. Para m\u00ed tambi\u00e9n fue una experiencia extraordinaria y claro que ser\u00e1 posible ver alg\u00fan d\u00eda una Copa Davis en Logro\u00f1o pues nuestra filosof\u00eda es pasear la Copa Davis, y lo que ahora denominamos Selecci\u00f3n Espa\u00f1ola de tenis, por toda Espa\u00f1a.<\/p>\n<p>P.- Siendo sinceros, el tenis no es un deporte que cualquiera pueda tener como &#8220;hobby&#8221;, y mucho menos como un intento de dedicaci\u00f3n profesional. \u00bfQu\u00e9 podr\u00eda hacerse para evitar que el tenis sea un deporte elitista?<\/p>\n<p>R.- En mi opini\u00f3n el tenis no es un deporte elitista, si me permite contradecirle. En estos momentos tenemos en nuestro pa\u00eds m\u00e1s de dos millones de practicantes habituales del tenis y m\u00e1s de cien mil federados, cifras que creo demuestran mi opini\u00f3n. Se han hecho much\u00edsimas instalaciones municipales en toda Espa\u00f1a para nivel tenis-ocio y para el tenis profesional mucha estructura de tecnificaci\u00f3n. Ning\u00fan joven que apunte hoy se queda sin poder formarse en Espa\u00f1a.<\/p>\n<p>P.- Sr. Mu\u00f1oz, en primer lugar un saludo. \u00bfPara cu\u00e1ndo dejan ustedes el apoyo que merece el tenis femenino?, Sinceramente, no entiendo la raz\u00f3n para el desinter\u00e9s que demuestran. Aunque analizando el poco reconocimiento que tuvieron Conchita Mart\u00ednez y Arantxa S\u00e1nchez-Vicario, tampoco se pod\u00eda esperar m\u00e1s. Espero de verdad que la situaci\u00f3n cambie, y volvamos a tener apoyo aut\u00e9ntico para el tenis femenino. Gracias.<\/p>\n<p>R.- Todo apoyo para el Tenis Femenino que se hace y se haga me parecer\u00e1 siempre poco. En estos momentos me gustar\u00eda decirle que en los dos \u00faltimos a\u00f1os se ha multiplicado por tres la competici\u00f3n femenina con aportaci\u00f3 econ\u00f3mica de la RFET. Asimismo, el Campeonato de Espa\u00f1a ha visto igualados los premios entre chicos y chicas desde que llegu\u00e1 a la presidencia de la RFET. Por poner un ejemplo la campeona de estos campeonatos hace tres a\u00f1os cobraba unas 400.000 pesetas (de las antiguas) y hoy supera los 4 millones -tambi\u00e9n de las antiguas pesetas :-). Comparto con Ud que debemos seguir mejorando y por ello hemos puesto en pr\u00e1ctica en la RFET un plan de seguimiento especial. Tengo tanta fe en nuestro trabajo que me atrevo a pronosticarle que en un plazo de dos a\u00f1os Espa\u00f1a tendr\u00e1 entre 8 y 9 jugadoras entre las 100 primeras del mundo. <\/p>\n<p>P.- Hola presi. Es evidente que la federaci\u00f3n ha invertido en tenis femenino porque ahora tenemos muchas semanas del a\u00f1o con ITF de mujeres en Espa\u00f1a. Pero a\u00fan as\u00ed parece que el tenis femenino no levanta cabeza a excepci\u00f3n de Anabel. \u00bfC\u00f3mo ves el futuro? \u00bfHay ni\u00f1as que prometan? \u00bfHas o\u00eddo hablar de Vivi Pe\u00f1a? Un saludo y gracias!<\/p>\n<p>R.- Hola amigo. Veo que eres de los que sigues el tenis de cerca. Me agrada tu pregunta tan documentada. No dudes que estamos levantando cabeza y que tanto en el tramo de eventos como en el de seguimiento de jugadoras y ayuda a su formaci\u00f3n estamos haciendo un importante esfuerzo que estoyu seguro ver\u00e1 sus frutos como ya he contestado en una pregunta anterior. Claro que conozco a Vivi Pe\u00f1a -que por cierto aprovecho para enviar mi felicitaci\u00f3n por todo lo que va consiguiendo, y creo que apunta a un gran potencial, pero debemos de ir con prudencia cuando se trata de personas j\u00f3venes y debemos de ocuparnos mucho de su salud, ocio y formaci\u00f3n intelectual. Un abrazo amigo<\/p>\n<p>P.- Soy jugador de tenis en silla de ruedas federado a la Madrile\u00f1a y tengo que agradecerle la apuesta que en su d\u00eda hizo por nosotros incluyendo una comisi\u00f3n dentro de la Federaci\u00f3n. Me gustar\u00eda saber si el tenis en silla de ruedas va a seguir contando en su proyecto de futuro dentro de la FET.<\/p>\n<p>R.- Juan Carlos, agradezco que me recuerdes esa apuesta por este maravilloso deporte que es el tenis en silla de ruedas. No s\u00f3lo va a seguir contando en mi proyecto sino que va a ser buque insignia del mismo. Lo que yo saco del tenis no est\u00e1 ni en la \u00e9lite ni en las pantallas, pero con enorme satisfacci\u00f3n te digo que no s\u00f3lo el tenis en silla de ruedas sino que tambi\u00e9n tengo grandes proyectos acerca del tenis para personas en procesos de desintoxicaci\u00f3n, el tenis como terapia para las depresiones y ya hemos empezado tambi\u00e9n algunos proyectos de acercamiento de nuestro querido deporte a las personas en prisi\u00f3n. Si el tenis no es capaz de aprovechar la gran sinergia que produce sus grandes jugadores y sus espectaculares torneos en favor de una funci\u00f3n social, habr\u00e1 perdido su gran oportunidad de ser lo importante que de verdad es. Un abrazo y estoy con vosotros.<\/p>\n<p>P.- Hola Pedro. Desde los viejos tiempos de la FTM no nos hemos vuelto a ver. Ah\u00ed va mi pregunta. En los cuadros Junior de Roland Garros no hab\u00eda espa\u00f1oles, y en los Senior estaban los de siempre, sin apenas chicas. En categor\u00eda femenina el panorama del tenis espa\u00f1ol es totalmente desolador. En comparaci\u00f3n con paises vecinos, el tenis de base parece completamente abandonado aqu\u00ed. No podemos vivir s\u00f3lo de Nadal, eso es pan para hoy y hambre para ma\u00f1ana. \u00bfQu\u00e9 vais a hacer en la FET al respecto?<\/p>\n<p>R.- Querido Javier, qu\u00e9 grat\u00edsima sorpresa encontrarme con tu pregunta aqu\u00ed, y como no pod\u00eda ser de otra manera, con una pregunta tan llena de contenido. Los junior en Roland Garros entiendo que desgraciada y afortunadamente al mismo tiempo han mostrado un nivel muy alto los chicos. Digo desgraciadamente porque no les damos tiempo a participar en las categor\u00edas de su edad porque los nuestros entre 15 y 16 a\u00f1os ya juegan futures a nivel profesional, algo que, sin embargo, debemos reconsiderar porque es muy importante que participen en las categor\u00edas de su edad. En la categor\u00eda senior &#8211; chicos ser\u00edan o no los de siempre pero eran los mejores y muchos. Seguimos teniendo 13 entre los 100 del mundo. Quisiera matizar lo del panorama desolador femenino en el sentido de que en estos momentos en los dos \u00faltimos a\u00f1os la competici\u00f3n internacional incipiente femenina -tramo profesional, la hemos multiplicado por tres y hemos puesto en marcha un plan de seguimiento que dar\u00e1 sus frutos. Tu fuiste de los &#8220;culpables&#8221; de que yo est\u00e9 en la presidencia de la RFET y espero no defraudarte. Un abrazo<\/p>\n<p>P.- Buenos d\u00edas, \u00bfcu\u00e1nto tiempo tardar\u00e1 la RFET en tener d\u00e9ficit cero? muchas gracias<\/p>\n<p>R.- Antonio, tu pregunta es ciertamenta actual por cuanto este es uno de los temas clave de mi gesti\u00f3n. No dudes que en este a\u00f1o -el tercero de mi mandato, habr\u00e1 &#8220;d\u00e9ficit 0&#8221;. <\/p>\n<p>P.- Buenas \u00bfqu\u00e9 tal? \u00bfNo cree que a pesar de que Espa\u00f1a cuenta con los mejores jugadores dentro de esta disciplina deportiva, a Espa\u00f1a le falta un campeonato de tenis que le de prestigio? \u00bfNo ha so\u00f1ado nunca con un Roland Garros pero en Espa\u00f1a? Un saludo<\/p>\n<p>R.- En estos momentos Espa\u00f1a es un pa\u00eds muy importante por su pir\u00e1mide de competici\u00f3n y tenemos dos grandes torneos -Masters Series en Madrid en octubre y God\u00f3 u &#8220;Open SEAT&#8221; en Barcelona, y en el resto de tramos descendentes somos la primera potencia mundial, pero ya que lo mencionas, cada d\u00eda sue\u00f1o con un Roland Garros para nuestro pa\u00eds. Debe ser nuesro propio Roland Garros y con nuestra propia personalidad. Un abrazo<\/p>\n<p>P.- Sr. Mu\u00f1oz, el tenis vuelva a estar de moda ahora con nombre como Tomi Robredo, (vuelta) de Moy\u00e1 y Ferrero, Verdasco&#8230; \u00bfC\u00f3mo cree usted que desde la federaci\u00f3n se ha ayudado o se ayuda? Pues yo cuando era peque\u00f1o practicaba tenis y no tuve ninguna ayuda, siempre ten\u00eda que ir con mis padres a los campeonatos hasta que se hart\u00f3&#8230; Por eso, mi pregunta deber\u00eda reformularla, \u00bfc\u00f3mo cree que se est\u00e1 ayudando a chavales j\u00f3venes o peque\u00f1os talentos por parte de la federaci\u00f3n? Gracias y un asludo.<\/p>\n<p>R.- Beni, tenemos en la RFET un espl\u00e9ndido programa territorial -encabezado por nuestro director deportivo Javier Duarte, y adem\u00e1s de Barcelona y Madrid, ya hay comunidades con centros de tecnificaci\u00f3n y la propia RFET en su programa de seguimiento tiene ayudas implicitas incluso para j\u00f3venes que se forman en escuelas privadas. Un abrazo<\/p>\n<p>P.- \u00bfVe posible que Nadal se convierta en n\u00famero 1 con Federer en activo?. \u00bfQu\u00e9 le falta para ganar un grande de pista r\u00e1pida?<\/p>\n<p>R.- Estoy completamente seguro que Rafa Nadal va a ser el pr\u00f3ximo n\u00famero uno del mundo. M\u00e1s a\u00fan, creo que lo alcanzar\u00e1 el pr\u00f3ximo a\u00f1o por estas fechas. Ha ganado ya grandes torneos en pista r\u00e1pida o dura aunque me imagino que tu pregunta va referida a alg\u00fan Grand Slam; en esto tambi\u00e9n te dir\u00eda que conociendo a Rafa va a ganar seis Roland Garros -y que ya le pronostiqu\u00e9 antes de ganar el primero, y creo que no se retirar\u00e1 del tenis sin ser Campe\u00f3n de Espa\u00f1a absoluto y ganar el Grand Slam completo. Un abrazo Diego.<\/p>\n<p>P.- \u00bfQu\u00e9 planes de futuro tiene la Federaci\u00f3n para promocionar la pr\u00e1ctica del tenis entre los aficionados? <\/p>\n<p>R.- Amigo Pablo, no s\u00e9 si eres de los que m\u00e1s me conoce pero te dir\u00e9 que para m\u00ed Tenis es todo, s\u00f3lo que en diferentes estadios, y en esos estadios -salvo en el profesional, estamos inmersos de lleno, tanto en el tramo de infraestructuras como en el plano de formaci\u00f3n y en aquel tramo donde el tenis todo es diversi\u00f3n. Estamos poniendo en marcha tambi\u00e9n la &#8220;Armada Espa\u00f1ola&#8221; de seguidores -espero que te apuntes, y adem\u00e1s numerosos torneos de aficionados y lo \u00faltimo, la posibilidad de un ranking para todos, incxlu\u00eddos los que juegan por primera vez. Ser\u00eda bueno que siguieras nuestra p\u00e1gina web www.rfet.es y te inscribieras en nuestro bolet\u00edn &#8220;Tenis Info&#8221; para seguir la informaci\u00f3n m\u00e1s actualizada a este respecto. Un abrazo<\/p>\n<p>P.- Quisiera quejarme porque tengo un ranking bastante bueno y me lo tengo qu pagar todo de mi bolsillo, este deporte es muy caro, para sacar algun punto tengo viajar con lo que esto supone en gastos y nadie me ayuda, \u00bfqu\u00e9 soluci\u00f3n tengo? gracias.<\/p>\n<p>R.- Sendro, me gustar\u00eda conocer tu historial tenistico con m\u00e1s detalle, por lo que te ruego contactes con el departamento deportivo de la RFET por si te pudieran asesorar acerca de c\u00f3mo mejorar esa dif\u00edcil situaci\u00f3n que se produce entre la pr\u00e1ctica de tu afici\u00f3n y el coste de la misma. Suerte y un abrazo<\/p>\n<p>P.- \u00bfTiene la Copa Davis futuro? Parece que cada d\u00eda los jugadores son m\u00e1s reacios por motivo de calendario y econ\u00f3mico a acudir. No ser\u00eda mejor hacer un mundial, como en otros deportes, y durante esas fechas y anteriores (para la preparaci\u00f3n) no hubiera tornes ATP.<\/p>\n<p>R.- Estimado amigo, me parece espl\u00e9ndida tu pregunta y llena de actualidad. Parece como si hubieras tenido informaci\u00f3n de mis \u00faltimas actuaciones en las reuniones de \u00e1mbito internacional. Primero, tiene un futuro espl\u00e9ndido la Copa Davis; sigue siendo de largo la competici\u00f3n que m\u00e1s interesa al aficionado, incluso cuando en ocasiones alguno de los grandes jugadores no pueden actuar. Por el lado del jugador creo que tambi\u00e9n se produce una &#8220;magia&#8221; especial cuando juega por su pa\u00eds y no en vano los contratos m\u00e1s importantes para alguno de los mejores jugadores del mundo fueron coincidentes con haber ganado el \u00faltimo punto del partido que daba a su pa\u00eds la Copa Davis. Dicho esto, seguro que se puede intentar alg\u00fan cambio a mejor y desde luego comparto tu idea de un Campeonato del Mundo. Un saludo<\/p>\n<p>P.- \u00bfCree usted que har\u00edan falta mas psicologos deportivos en el mundo del tenis?<\/p>\n<p>R.- Apreciado Alfred, no es que crea, es que estoy seguro que hacen falta m\u00e1s psic\u00f3logos en nuestro deporte y que en un futuro no lejano ser\u00e1 un \u00e1rea profesional del mismo. UN fuerte abrazo<\/p>\n<p>P.- \u00bfCree que Nadal tiene posibilidades reales de alzarse con el trofeo de Wimblendon o a\u00fan tiene que mejorar mucho en esta superficie?<\/p>\n<p>R.- Tan reales las tiene que al a\u00f1o pasado ya disput\u00f3 la final con claras opciones de vencer a R Federer. Un abrazo <\/p>\n<p>P.- Los jugadores, en concreto Rafel Nadal, ha pedido a la federaci\u00f3n internacional que rectifique el calendario de la Copa Davis porq les quita descanso y tampoco ganan dinero. \u00bfQu\u00e9 opina sobre ello? <\/p>\n<p>R.- I\u00f1aki, me encanta que Rafa Nadal haya tenido esa inquietud y coincide con la m\u00eda, que en estos momentos estamos planteando y liderando por Espa\u00f1a cambios profundos en el Tenis Internacional, no s\u00f3lo en Copa Davis sino tambi\u00e9n en la ATP. Para completar tu pregunta te dir\u00e9 que se avecina un aluvi\u00f3n de medidas de alcanza imprevisible respecto a cambios estructurales del tenis profesional internacional y que va a liderar Espa\u00f1a. Un abrazo<\/p>\n<p>P.- Buenos d\u00edas y enhorabuena por la iniciativa de la camiseta nacional, toda selecci\u00f3n que represente a Espa\u00f1a debe llevarla, al menos \u00e9sa es mi opini\u00f3n. \u00bf Podremos contar con su presencia en el Open Diputaci\u00f3n Ciudad de Pozoblanco la primera semana de Julio? Muchas gracias.<\/p>\n<p>R.- A nada que pueda no dude que ir\u00e9 a Pozoblanco. He \u00eddo durante muchos a\u00f1os -incluso antes de ser presidente, y siento verdadera admiraci\u00f3n por el trabajo que hace mi amigo Fabi\u00e1n Dorado y todo su equipo en favor del tenis. Gracias por su felicitaci\u00f3n por la iniciativa de la camiseta nacional. La vamos a implantar a partir de este verano y conf\u00edo que se un \u00e9xito. Un abrazo<\/p>\n<p>P.- Hola, \u00bfsiente discriminaci\u00f3n por parte del Gobierno para financiar el tenis en Espa\u00f1a en relaci\u00f3n con otras Federaciones nacionales? Muchas gracias.<\/p>\n<p>R.- Apreciada Eva, no siento la discriminaci\u00f3n ni tampoco me he preocupado dada mi forma de actuar. Para m\u00ed lo importante es si al Tenis se le d\u00e1 lo que le corresponde por el lugar que ocupa su potencial a nivel internacional, por el potencial de jugadores y, sobre todo, por el extraordinario plantel de torneos nacionales e internacionales; piedra b\u00e1sica del \u00e9xito del tenis espa\u00f1ol. Siento que cada vez est\u00e1n m\u00e1s cerca las instituciones de nuestro deporte. Un abrazo<\/p>\n<p>P.- Buenos d\u00edas se\u00f1or Mu\u00f1oz, mi pregunta tiene que ver con la Copa Davis, quisiera saber si \u00bfes posible que alg\u00fan d\u00eda se pueda jugar una eliminatoria en Madrid? Como capital de Espa\u00f1a y pese a la altitud creo que tendr\u00eda gran apoyo.<\/p>\n<p>R.- No tengo duda que Madrid tendr\u00e1 una eliminatoria de Copa Davis. No en vano, nuestros jugadores siempre presumen de que les encanta jugar en Madrid, fundamentalmente por el \u00e1nimo que el p\u00fablico les infunde. En cualquier caso ser\u00e1 una eliminatoria donde el an\u00e1lisis t\u00e9cnico del rival sea coincidente con el inter\u00e9s de los jugadores. Un abrazo<\/p>\n<p>P.- Buenos d\u00edas se\u00f1or Mu\u00f1oz: \u00bfno le da miedo que los ni\u00f1os que practican tenis quieran a toda costa emular a Rafa Nadal?<\/p>\n<p>R.- No, no me da miedo. Lo que realmente me da miedo es que los mayores, es decir, los que tenemos la responsabilidad de formar a los ni\u00f1os no estemos a la altura de lo que requiere un cometido tan importante y con frivolidad e irresponsabilidad les expliquemos mal los primeros pasos de lo que supone nuestro deporte. Y peor a\u00fan, les creemos falsas expectativas que puedn frustrar el inter\u00e9s de los j\u00f3venes en una edad delicada. Un abrazo fuerte<\/p>\n","protected":false},"excerpt":{"rendered":"<p>La Asamblea de la Real Federaci\u00f3n Espa\u00f1ola de Tenis, presidida por Pedro Mu\u00f1oz, proyecta la implantaci\u00f3n de la camiseta nacional en las selecciones nacionales juveniles, a partir de este mismo verano, y el d\u00e9ficit econ\u00f3mico \u201ccero\u201d de la RFET y sin dependencia de los ingresos de la Copa Davis. El propio Mu\u00f1oz, que aboga por dotar una mayor independencia y libertad a las Federaciones Territoriales.<\/p>\n","protected":false},"author":1,"featured_media":0,"comment_status":"open","ping_status":"open","sticky":false,"template":"","format":"standard","meta":{"footnotes":""},"categories":[],"tags":[],"class_list":["post-1220","post","type-post","status-publish","format-standard","hentry"],"_links":{"self":[{"href":"https:\/\/intervius.com\/index.html\/wp-json\/wp\/v2\/posts\/1220","targetHints":{"allow":["GET"]}}],"collection":[{"href":"https:\/\/intervius.com\/index.html\/wp-json\/wp\/v2\/posts"}],"about":[{"href":"https:\/\/intervius.com\/index.html\/wp-json\/wp\/v2\/types\/post"}],"author":[{"embeddable":true,"href":"https:\/\/intervius.com\/index.html\/wp-json\/wp\/v2\/users\/1"}],"replies":[{"embeddable":true,"href":"https:\/\/intervius.com\/index.html\/wp-json\/wp\/v2\/comments?post=1220"}],"version-history":[{"count":0,"href":"https:\/\/intervius.com\/index.html\/wp-json\/wp\/v2\/posts\/1220\/revisions"}],"wp:attachment":[{"href":"https:\/\/intervius.com\/index.html\/wp-json\/wp\/v2\/media?parent=1220"}],"wp:term":[{"taxonomy":"category","embeddable":true,"href":"https:\/\/intervius.com\/index.html\/wp-json\/wp\/v2\/categories?post=1220"},{"taxonomy":"post_tag","embeddable":true,"href":"https:\/\/intervius.com\/index.html\/wp-json\/wp\/v2\/tags?post=1220"}],"curies":[{"name":"wp","href":"https:\/\/api.w.org\/{rel}","templated":true}]}}