{"id":1204,"date":"2007-06-05T00:00:00","date_gmt":"2006-11-06T00:00:00","guid":{"rendered":"https:\/\/intervius.com\/index.html\/?p=1204"},"modified":"2006-11-06T00:00:00","modified_gmt":"2006-11-06T00:00:00","slug":"Marcelino_Garcia1204","status":"publish","type":"post","link":"https:\/\/intervius.com\/index.html\/Marcelino_Garcia1204\/","title":{"rendered":"Marcelino Garc\u00eda"},"content":{"rendered":"<p>Pregunta.- \u00bfQu\u00e9 color prefiere el azul del Depor o el verde del Betis?<\/p>\n<p>Respuesta.- El azul y blanco del Recreativo de Huelva<\/p>\n<p>P.- Hola crack, \u00bfCu\u00e1l es el jugador que m\u00e1s te ha gustado en esta Liga?<\/p>\n<p>R.- Muchas gracias por el calificativo, Creo que Alves, es el jugador que ha mantenido una regularidad y ha sido determinante para su equipo<\/p>\n<p>P.- \u00bfPor qu\u00e9 te vas del Recreativo? <\/p>\n<p>R.- Bueno, creo que ha acabado un ciclo hemos hecho dos temporadas muy buenas en una consumamos el ascenso y logramos el campeonato, y la siguiente hemos superado las expectativas. Creo que es dif\u00edcil mejorar, me duele mucho porque estoy muy aagradecido a la afici\u00f3n, a los jugadores y a la directiva. Tenemos miedo y creemos que superar lo hecho hasta ahora es complicado.<\/p>\n<p>P.- \u00bfCrees que ha sido correcta la actuaci\u00f3n de Viqueira?<\/p>\n<p>R.- Creo que cada uno debe responder de sus propias actuaciones y no soy quien para dar consejor a nadie s\u00e9 c\u00f3mo hubiera actuado yo, bueno es complicado en el momento, pero yo he actuado como cre\u00eda que deber\u00eda actuar y somos lo suficiente mayores todos para saber c\u00f3mo actuamos.<\/p>\n<p>P.- \u00bfCree que el Zaragoza ganara al Madrid? \u00bfUn resultado? Gracias<\/p>\n<p>R.- Bueno creo que el Zaragoza es un equipo muy poderoso en su campo. Sin ning\u00fan tipo de dudas, es el partido m\u00e1s complicado para el Madrid. El Madrid est\u00e1 en racha, pero el Zaragoza es un gran equipo. Es un resultado dif\u00edcil, no me atrever\u00eda a dar un pron\u00f3stico.<\/p>\n<p>P.- Hola,\u00bf Est\u00e1s contento con la temporada realizada por tu equipo? <\/p>\n<p>R.- Bueno nadie pensaba que el Recre fuera capaz de realizar una temporada as\u00ed. El objetivo era salvar la categor\u00eda. Fue complicada la pretemporada, pero hemos estado por encima de lo que se esperaba, hemos coincidio una gran plantilla con compromiso e ilusi\u00f3n, hemos conseguido mantener estos valores. Y estamos satisfechos por haber logrado la permanencia de forma solvente y adem\u00e1s con un buen f\u00fatbol.<\/p>\n<p>P.- \u00bfDefinitivamente ha elegido al equipo al que entrenar\u00e1 la temporada que viene?\u00bfCu\u00e1l ser\u00e1?\u00bfcu\u00e1l es su postura?<\/p>\n<p>R.- No todav\u00eda no. Ahora mismo tengo algunas posibilidades, pero ninguna est\u00e1 cerrada en los pr\u00f3ximos d\u00edas o la semana que viene espero que se cierre definitivamente y despu\u00e9s que acertemos en la elecci\u00f3n y la ilusi\u00f3n sea la base. Sobre todo tener confianza en el proyecto. <\/p>\n<p>P.- \u00bfQui\u00e9n cree que ganar\u00e1 la liga?<\/p>\n<p>R.- El Madrid es el que tiene ventaja, es dif\u00edcil que la deje escapar, no tenia nada y ahora depende de s\u00ed mismo. Es el \u00fanico club que depende de s\u00ed mismo, despu\u00e9s de la remontada y este \u00faltimo tramo con buen juego y victorias quiz\u00e1s se merezca ser campe\u00f3n, pero no me olvido del Sevilla la temporada que est\u00e1 haciendo me parece espectacular, si gana el Sevilla quiz\u00e1s fuese lo m\u00e1s justo para el f\u00fatbol.<\/p>\n<p>P.- \u00a1Hola! Ir\u00e9 directamente al grano: \u00bfEl a\u00f1o que viene se te ver\u00e1 sentado en el banquillo local del estadio de Riazor? Gracias<\/p>\n<p>R.- Bueno, no sabr\u00eda decirlo es una de las posibilidades. Pero depende de si Caparr\u00f3s va a seguir. Creo que ahora es un poco aventurado decir que me voy a sentar en el banquillo del Deportivo.<\/p>\n<p>P.- \u00bfFichar\u00edas por un equipo extranjero?<\/p>\n<p>R.- No, no es la idea que tenemos ahora. El planteamiento que tengo es entrenar aqu\u00ed en Espa\u00f1a.<\/p>\n<p>P.- \u00bfPiensa llevarse alg\u00fan jugador del Recre al Betis o al equipo al que dirija la pr\u00f3xima temporada?<\/p>\n<p>R.- Es dif\u00edcil responder a esa pregunta porque no s\u00e9 el equipo donde voy a estar, por tanto no s\u00e9 las necesidades de esa plantilla. No s\u00e9 si habr\u00e1 alg\u00fan futbolista ocmpatible para ese equipo y despu\u00e9s llegar a un acuerdo. Es indudable que los jugadores que tengo ahora tienen mucha calidad, llevarme jugadores del Recreativo creo que ser\u00eda complicado.<\/p>\n<p>P.- \u00bfCrees que el recretivo podra hacer el a\u00f1o que viene una temporada como la actual sin usted en el banquilllo?<\/p>\n<p>R.- Porque est\u00e9 otro o yo en el banquillo, ser\u00e1 importante, pero no ser\u00e1 clave para hacer una buena temporada. Creo que lo importante es mantener la categor\u00eda y confirmarse como equipo de primera, se debe tener mucha uni\u00f3n y no entrar en comparaciones con lo sucedido anteriormente porque no tiene raz\u00f3n de ser.<\/p>\n<p>P.- Tras tu etapa como jugador y ahora como entrenador,\u00bfc\u00f3mo te sientes mejor, en el campo jugando, o en el baquillo dirijiendo al equipo?<\/p>\n<p>R.- Creo que son \u00e9pocas muy diferentes y profesiones que son diferentes.En el f\u00fatbol disfrutas mucho m\u00e1s, por la edad y porque la responsabilidad es menor. Y como entrenador muchas veces te encuentras solo y sabes que si los resultados no son favorables el primero que se va a la calle eres t\u00fa. Yo he tenido la suerte de coincidir con plantillas con gran calidad humana, pero yo creo que prefiero ser futbolista antes que entrenador, si tuviera que elegir.<\/p>\n<p>P.- Marcelino! Primero de todo, felicidades por la gran temporada del Recre, sin duda sorprendente. Me gustar\u00eda saber si en alg\u00fan momento de la liga, aparte de asegurarse la estancia un a\u00f1o m\u00e1s en primera, pensaron (el club en general) en algo m\u00e1s grande, UEFA por ejemplo. Y me gustar\u00eda tambi\u00e9n que opinara sobre el nuevo fichaje del Recre, Martins, el &#8220;nuevo Deco&#8221;. El Recre no te olvida !<\/p>\n<p>R.- Muchas gracias. Si que estuvimos muy ilusionados porque el equipo se manten\u00eda en esas plazas, quiz\u00e1s nos haya dejado tocados, adem\u00e1s en la misma semana se produjo que conta el Athletic de Bilbao, creo que fue injusto el resultado, y adem\u00e1s entre el partido de Copa del Rey entre Bar\u00e7a y Getafe, esa plaza ya no exist\u00eda. Esos peque\u00f1os detalles nos perjudicaron y nos impidieron sumar los puntos para luchar por la UEFA, pero el rendimiento del equipo ha sido extraordinario y nos ha llevado a ilusionarnos. En cuanto a Martins no le conozco mucho, le he visto muy pocas veces para entrar en detalles.<\/p>\n<p>P.- \u00bfSigue siendo el Betis una buen club por el que fichar a pesar de su crisis institucional?<\/p>\n<p>R.- Creo que es un club atractivo por historia, por la afici\u00f3n por estructura por plantilla y bueno s\u00ed que es cierto que lleva unos a\u00f1os pasando dificultades, pero siempre para un entrenador joven como en mi caso, s\u00ed resulta atractivo.<\/p>\n<p>P.- Buenas tardes\u00a1Creo que en Huelva te quieren mucho los aficionados y con razon, \u00bfCu\u00e1l piensas que es el techo de \u00e9ste equipo si se refuerza debidamente para la proxima campa\u00f1a? Un saludo de Cadiz<\/p>\n<p>R.- La verdad es que me quieren mucho, as\u00ed me siento querido y muy agradecido. El techo, creo que el objetivo es mantenerse y consolidarse, ahora hay que seguir con las bases para mantenerse por segundo a\u00f1o consecutivo. Una vez te consolidas puedes ir creciendo, pero el objetivo es que el Recreativo vea como m\u00ednimo el pr\u00f3ximo a\u00f1o a tres equipos clasificados por debajo.<\/p>\n<p>P.- Ante todo muchas gracias Marcelino por estos a\u00f1os incre\u00edbles, tanto por los resultados como por el juego. Me gustar\u00eda saber qu\u00e9 problema hubo con Edu Moya, ya que me convenci\u00f3 siempre que jug\u00f3, y me parece mejor jugador que el querido &#8220;capi&#8221; Merino, la verdad.<\/p>\n<p>R.- Problema no hubo. Fue un futbolista que empez\u00f3 jugando tuvo una lesi\u00f3n y empez\u00f3 a jugar Merino, yo le expliqu\u00e9 lo que pretend\u00eda de \u00e9l como profesional, luego tuvo bastantes lesiones y no tuvo regularidad y coincidi\u00f3 en su puesto con un futbolista que es un ejemplo a seguir en profesionalidad y comportamiento, quiz\u00e1s menos espectacular, pero a la hora de evaluar eficacia muy igualado o incluso un poco m\u00e1s favorable para uno que otro.<\/p>\n<p>P.- Volver\u00eda a entrenar al Recreativo en algun momento de su, espero, victoriosa vida laboral. \u00bfO el ciclo se acabo para siempre?<\/p>\n<p>R.- No creo que se haya acabado para siempre. Ahora todo ha ido tambi\u00e9n que una tercera temporada ser\u00eda correr un riesgo muy grande, muy a mi pesar me tengo que ir. En cualquier momento si sale la posibilidad de volver seguro que volver\u00eda encantado porque el recuerdo es inmejorable e imborrable.<\/p>\n<p>P.- Buenas tardes Marcelino. En caso de entrenar al betis la pr\u00f3xima campa\u00f1a,\u00bfcrees que el equipo necesitar\u00eda muchos cambios? Los b\u00e9ticos estamos ansiosos por hacer algo grande, y m\u00e1s viendo a los de la otra acera. Gracias.<\/p>\n<p>R.- Es cuesti\u00f3n de analizarlo no me he puesto a ello, pero si un equipo lleva dos temporadas salv\u00e1ndose en las \u00faltimas jornadas con distintos entrenadores, pues su plantilla necesita cambios. Desde la distancia y sin hacer un an\u00e1lisis exhaustivo quiz\u00e1s lo necesite. <\/p>\n<p>P.- Dime tres razones por las que te quieres ir del Recre y no digas lo que dicen los dem\u00e1s<\/p>\n<p>R.- La principal porque despu\u00e9s de dos a\u00f1os de grandes \u00e9xitos es muy dif\u00edcil mejorar lo presente, tengo miedo y veo dificultad. A eso se reduce no hay m\u00e1s, no hay discrepancias con consejos, ni prensa, ni afici\u00f3n es un tema personal, un list\u00f3n que est\u00e1 muy alto, es miedo a una felicidad de dos a\u00f1os, a que se trunque todo. Todo lo que es bonito para mi y mi familia pase de ser bonito a negativo.<\/p>\n<p>P.- Gracias, \u00bfQu\u00e9 pens\u00e9 cuando se escapaba Higua\u00edn y Merino no le hizo la falta para partir el juego ?<\/p>\n<p>R.- \u00bfQu\u00e9 pensaba? Nada porque no piensas que puede acabar en gol, despu\u00e9s ya te viene a la cabeza, pero en el momento de iniciarse ya hab\u00eda que pensarlo, &#8220;t\u00edralo, t\u00edralo&#8221;, y no lo tiramos y nos cost\u00f3 despu\u00e9s de una grandiosa remontada perder un partido<\/p>\n<p>P.- Buenas Marcelino! \u00bfTe crees capacitado para alg\u00fan dia entrenar alg\u00fan grande de Espa\u00f1a o Europa?<\/p>\n<p>R.- De Europa es dif\u00edcil, una de las funciones principales es transmitir, para eso necesitas varios idiomas. En Espa\u00f1a siempre te ves capacitado, calidad en un equipo grande siempre hay s\u00f3lo hay que buscar compromiso e ilusi\u00f3n en la plantilla. Podemos estar capacitados porque es tratar con personas, trasnmitir ideas futbol\u00edsticas para que crean en lo que est\u00e1n haciendo.<\/p>\n<p>P.- \u00bfHas recibido llamadas de otros equipos tras la buena temporada en el Recreativo?<\/p>\n<p>R.- A m\u00ed directamente no me han llegado llamadas, al representante s\u00ed. Pero sin entrar en una negociaci\u00f3n. Ahora hay dos o tres cosillas a ver cu\u00e1l es la que m\u00e1s nos convence desde el punto de vista deportivo. Es dif\u00edcil, pero bueno a ver c\u00f3mo se desarrolla todo, donde vayamos seguiremos con la misma dedicaci\u00f3n e ilusi\u00f3n como hemos hecho hasta ahora.<\/p>\n<p>P.- Siendo asturiano, \u00bfc\u00f3mo ves al Real Oviedo?<\/p>\n<p>R.- Soy sportingista que quede claro, y soy asturiano y no tengo odio al Oviedo, pero est\u00e1 complicada. En definitiva es complicado para el f\u00fatbol asturiano. Yo recuerdo que cuando juagaba en el Levante hab\u00eda dos equipos en primera y uno en segunda, ahora la situaci\u00f3n ha cambiado, lo ideal es que uno estuviese en primera o por qu\u00e9 no los dos, como antes pasaba.<\/p>\n<p>P.- \u00bfQui\u00e9n cree usted que se quedar\u00e1 fuera de la UEFA esta temporada: Villareal, Atl\u00e9tico o Zaragoza? <\/p>\n<p>R.- Pregunta tremendamente complicada, creo que los equipos que dependen de si mismos tienen ventaja. El calendario del Atl\u00e9tico es favorable, pero si el Sevilla gana creo que el Villarreal tiene que ir a Sevilla y el Zaragoza juega en nuestro campo pero tiene al Madrid. El m\u00e1s favoble por calendario lo tiene el Atl\u00e9tico de Madrid, aunque por su trayectoria genera dudas. La pr\u00f3xima jornada aclarar\u00e1 mucho por no decir todo.<\/p>\n<p>P.- \u00bfCual es para usted el mejor once mundial?.gracias<\/p>\n<p>R.- Buff, el mejor once ser\u00eda cuesti\u00f3n de escoger futbolistas. El mejor es dif\u00edcil, el a\u00f1o pasado pens\u00e1bamos en el Barcelona, pero este a\u00f1o no podemos decir tal cosa, ning\u00fan equipo ha dominado en Liga y Champions. No veo ning\u00fan equipo por encima del resto. Un once me llevar\u00eda mucho tiempo ser\u00eda recordar demasiados futbolistas y me llevar\u00eda mucho tiempo, para no caer en injusticias.<\/p>\n<p>P.- \u00bfCu\u00e1l de tus jugadores te ha sorprendido? \u00bfSon tan buenos Sinama, Uche y Amo?<\/p>\n<p>R.- Creo que bastantes, muchos de ellos tampoco los conoc\u00eda mucho, sobre todo los que llegaron a \u00faltima hora. Y hay otros futbolistas que \u00e1un conoci\u00e9ndolos no sabes su capacidad hasta que convives con ellos, quiz\u00e1s Cazorla, me ha sorprendido, le gusta mucho el f\u00fatbol y tiene mucha calidad, y a nivel personal es una gran persona. Pero repito podr\u00eda decir muchos del equipo. Sinama, Uche y Amo son buenos futbolistas, Amo es un jugador que yo sab\u00eda de su capacidad porque coincid\u00ed en el Sporting y como producto de las lesiones le falta competici\u00f3n, el a\u00f1o que viene puede rendir mucho mejor. Sinama y Uche son j\u00f3venes y con una gran progresi\u00f3n puede mejorar mucho y por tanto dar que hablar en el f\u00fatbol europeo.<\/p>\n<p>P.- \u00bfA el equipo que vayas le adaptaras tu forma de jugar o pasar\u00e1 lo contrario?<\/p>\n<p>R.- Creo que en primera divisi\u00f3n lso futbolistas son capaces de adaptarse a aquello que el entrenador les pida, pero en los conceptos generales son capaces de hacer lo que les pida. Siempre hay un t\u00f3pico que el entrenador se tiene que adaptar, pero son los futbolistas los que lo hacen. Mi idea de f\u00fatbol es bastante asumible para un jugador de primera divisi\u00f3n.<\/p>\n<p>P.- \u00bfPara usted es Ronaldinho el mejor del mundo? \u00bfQu\u00e9 le parece el gol de Ag\u00fcero con la mano?<\/p>\n<p>R.- Para m\u00ed Ronaldinho esta temporada no es el mejor, ha rendido muy por debajo de su calidad. Y el error de Aguero es un error arbitral garrafal, \u00e9l intent\u00f3 aprovecharse de una acci\u00f3n ilegal, pero para eso est\u00e1n los \u00e1rbitros y el juez de l\u00ednea. <\/p>\n<p>P.- \u00bfEs verdad que tiene un precontrato con el Atl\u00e9tico de Madrid? <\/p>\n<p>R.- \u00bfEs verdad que tiene un precontrato con el Atl\u00e9tico de Madrid? <\/p>\n<p>P.- \u00bfQu\u00e9 le parece la pol\u00e9mica surgida sobre la suspensi\u00f3n de 1 partido a Ronaldinho?<\/p>\n<p>R.- Es eso una pol\u00e9mica creo que a veces esto del Comit\u00e9&#8230; deben fijarse que hacen en cada caso independientemente del equipo o el futbolista, hay castigos que me dan risa, y otros me parecen incr\u00e9dulos pensar por qu\u00e9 a \u00e9ste de una manera y a otro de otra. Es una agresi\u00f3n a un rival y son dos partidos, para todos debe ser igual y si es uno pues para todos igual tambi\u00e9n.<\/p>\n<p>P.- Buenas tardes \u00bfEntrenar\u00eda usted al Betis en segunda divisi\u00f3n, en caso de que baje este a\u00f1o? Gracias.<\/p>\n<p>R.- Hombre la idea es entrenar en primera divisi\u00f3n ha costado mucho y creo que con la ayuda de futbolistas consejos y de todo hemos demostrado estar capacitados para entrenar en primera, la idea es entrenar en primera. Siempre buscaremos la posibilidad de entrenar en Primera, si esto no ocurriese ya ver\u00edamos que nos compensar\u00eda m\u00e1s si esperar o volver a entrenar en segunda.<\/p>\n","protected":false},"excerpt":{"rendered":"<p>Marcelino todav\u00eda es entrenador del recre, aunque ya ha anunciado su marcha el pr\u00f3ximo 30 de junio. La excelente temporada del t\u00e9cnico en Huelva ha hecho que numerosos equipos de primera quieran al asturiano en su banquillo, entre ellos el Betis, que parece ser su destino elegido. <\/p>\n","protected":false},"author":1,"featured_media":0,"comment_status":"open","ping_status":"open","sticky":false,"template":"","format":"standard","meta":{"footnotes":""},"categories":[],"tags":[],"class_list":["post-1204","post","type-post","status-publish","format-standard","hentry"],"_links":{"self":[{"href":"https:\/\/intervius.com\/index.html\/wp-json\/wp\/v2\/posts\/1204","targetHints":{"allow":["GET"]}}],"collection":[{"href":"https:\/\/intervius.com\/index.html\/wp-json\/wp\/v2\/posts"}],"about":[{"href":"https:\/\/intervius.com\/index.html\/wp-json\/wp\/v2\/types\/post"}],"author":[{"embeddable":true,"href":"https:\/\/intervius.com\/index.html\/wp-json\/wp\/v2\/users\/1"}],"replies":[{"embeddable":true,"href":"https:\/\/intervius.com\/index.html\/wp-json\/wp\/v2\/comments?post=1204"}],"version-history":[{"count":0,"href":"https:\/\/intervius.com\/index.html\/wp-json\/wp\/v2\/posts\/1204\/revisions"}],"wp:attachment":[{"href":"https:\/\/intervius.com\/index.html\/wp-json\/wp\/v2\/media?parent=1204"}],"wp:term":[{"taxonomy":"category","embeddable":true,"href":"https:\/\/intervius.com\/index.html\/wp-json\/wp\/v2\/categories?post=1204"},{"taxonomy":"post_tag","embeddable":true,"href":"https:\/\/intervius.com\/index.html\/wp-json\/wp\/v2\/tags?post=1204"}],"curies":[{"name":"wp","href":"https:\/\/api.w.org\/{rel}","templated":true}]}}