{"id":12028,"date":"2014-06-10T00:00:00","date_gmt":"2006-11-06T00:00:00","guid":{"rendered":"https:\/\/intervius.com\/index.html\/?p=12028"},"modified":"2006-11-06T00:00:00","modified_gmt":"2006-11-06T00:00:00","slug":"Amalia_Arce12028","status":"publish","type":"post","link":"https:\/\/intervius.com\/index.html\/Amalia_Arce12028\/","title":{"rendered":"Amalia Arce"},"content":{"rendered":"<p>Pregunta.- \u00a1Hola, Amalia! Felicidades por tu libro. \u00bfPor qu\u00e9 crees que se han publicado recientemente tantos libros de pediatras? El tuyo, el de Jes\u00fas Mart\u00ednez, el de Jos\u00e9 Mar\u00eda Paricio&#8230; \u00bfSon m\u00e1s necesario que antes?<\/p>\n<p>Respuesta.- Buenos d\u00edas a todos! Hola Cecilia, en los \u00faltimos tiempos es una tendencia leer m\u00e1s sobre maternidad. Las madres especialmente buscan m\u00e1s informaci\u00f3n, quiz\u00e1 porque se ha perdido un poco la &#8220;tribu&#8221;. No nos hemos puesto de acuerdo, jejeje! Pero s\u00ed es verdad en que hay un momento de &#8220;boom&#8221;<\/p>\n<p>P.- Buenos dias Amalia. Tengo dos ni\u00f1os mellizos de cinco meses. La ni\u00f1a desde que naci\u00f3 es muy llorona, se despierta muchas veces durante la noche, y le cuesta mucho volver a dormirse. Estoy muuy agotada, llevo cinco meses as\u00ed. Que se puede hacer con una ni\u00f1a tan llorona? Felicidades por tu libro!!!<\/p>\n<p>R.- Hola Sandra, gracias! Algunos beb\u00e9s son m\u00e1s llorones y demandantes, es lo que se conoce como beb\u00e9 de alta demanda y son m\u00e1s dif\u00edciles de criar. En cualquier caso ser\u00eda interesante que se lo consultaras a tu pediatra para descartar alguna causa que lo justifique.<\/p>\n<p>P.- En el calendario de vacunas (Madrid) han eliminado, adem\u00e1s de la varicela, la del Neumococo 13 v, \u00bfqu\u00e9 puede provocar esa bacteria?<\/p>\n<p>R.- El neumococo es una bacteria que puede originar diferentes cuadros infecciosos, algunos m\u00e1s &#8220;banales&#8221; como las otitis y otros m\u00e1s severos como las neumon\u00edas, las bacteriemias o las sepsis. Seguramente tras el cambio en el calendario vacunal haya un repunte de casos de enfermedad. <\/p>\n<p>P.- \u00bfCree que los pediatras actuales tienen la formaci\u00f3n suficiente para asesosar sobre lactancia materna a las madres con o sin problemas en este tema?<\/p>\n<p>R.- Pues depender\u00e1 de cada pediatra. La formaci\u00f3n continuada es indispensable durante toda nuestra vida profesional. Yo creo que lo m\u00e1s sensato es si no se tienen los conocimientos adecuados, remitir a las madres a quien s\u00ed los tenga. En mi caso trabajo en &#8220;t\u00e1ndem&#8221; con otra pediatra experta en la materia, pero s\u00ed considero que puedo asesorar a las madres<\/p>\n<p>P.- Hola, Lluc tiene 29 meses y des de hace 6 meses su actitud ha cambiado, es posible que a causa de que ha tenido un hermanito pero el caso es que desde hace unos 6 meses Lluc ha adoptado unas actitudes muy &#8220;pasotas&#8221; esta ah\u00ed pero no hace caso a nada, multitud de rabietas y desplantes, etc. Lo hemos llevado a un centro de diagnostico precoz y nos han dicho que el ni\u00f1o tiene mucha capacidad de aprendizaje y que es posible que le resultemos aburridos. \u00bfQu\u00e9 podemos hacer, c\u00f3mo actuamos?<\/p>\n<p>R.- La edad de Lluc es la t\u00edpica en la que empiezan las rabietas. Si adem\u00e1s se ha producido un hecho vital importante como el nacimiento de un hermano, es normal que pueda mostrar algunas actitudes diferentes a las anteriores. La \u00e9poca de las rabietas se conoce como los &#8220;terribles dos&#8221;&#8230;.as\u00ed que paciencia! Es un momento de autoafirmaci\u00f3n del ni\u00f1o que ya no es un beb\u00e9 y decir NO, es su palabra favorita. Yo lo llamo una &#8220;mini-adolescencia&#8221;. Me resulta dif\u00edcil pensar que unos padres &#8220;normales&#8221; le resulten aburridos a un ni\u00f1o de 2 a\u00f1os. Os recomendar\u00eda no perder la calma, ser afectuosos y tiempo al tiempo!<\/p>\n<p>P.- Si no estoy de acuerdo con las ideas del pediatra de mi hijo respecto a su crianza (de hecho, no le ped\u00ed nunca la opini\u00f3n), \u00bfc\u00f3mo negarme sin ofenderle ni mentirle? Tipo, destetar a los 6 meses o introducir la alimentaci\u00f3n complementaria con pur\u00e9s, no cogerle mucho en brazos&#8230;<\/p>\n<p>R.- Hace unos pocos d\u00edas, pas\u00e9 una encuesta en el blog sobre si la gente ment\u00eda a sus pediatras&#8230;y la respuesta mayoritaria es que s\u00ed o que no les dicen toda la verdad. Sobre los temas en los que m\u00e1s &#8220;mienten&#8221; es sobre temas de crianza (sue\u00f1o, d\u00f3nde duerme el ni\u00f1o, etc) y sobre alimentaci\u00f3n. Para m\u00ed supone hacer una reflexi\u00f3n importante&#8230;. Si la gente &#8220;nos miente&#8221;, por algo debe ser. Y en cuanto a las familias, no s\u00e9 hasta qu\u00e9 punto mentir es la soluci\u00f3n. Supongo que una relaci\u00f3n bidireccional, con respeto hacia ambas partes&#8230;. Lo que s\u00ed que creo es que muchos aspectos de la crianza tienen que ver con la salud infantil. Y quiz\u00e1 por eso los pediatras &#8220;nos metemos donde no nos llaman&#8221;. <\/p>\n<p>P.- \u00a1Hola, Amalia! \u00bfQu\u00e9 supone tu blog para t\u00ed? \u00bfY las redes sociales?<\/p>\n<p>R.- El blog, despu\u00e9s de 5 a\u00f1os, es una parte muy importante de mi vida. No dir\u00e9 como un hijo, porque es exagerado, pero de alguna manera, le dedico tiempo para explicar mis conocimientos o noticias que pueden ser interesantes, y tambi\u00e9n para que sea &#8220;bonito&#8221;. Las redes sociales tambi\u00e9 forman parte de mi actividad. Como dec\u00eda el otro d\u00eda Joan Carles March en el TATGranada, yo tambi\u00e9n &#8220;con twitter me acuesto y con twitter me levanto&#8221;. Tanto las redes como el blog, me han permitido conocer a mucha gente que de otra manera hubiera sido impensable, enrolarme en proyectos colaborativos como ha sido PediaTIC y sentirme \u00fatil.<\/p>\n<p>P.- \u00bfDebe coger a mi beb\u00e9 de dos meses en brazos para tranquilizarle cuando empieza a llorar o le estoy malacostumbrando?<\/p>\n<p>R.- Por supuesto!!! Los ni\u00f1os &#8220;no se acostumbran&#8221; a los brazos, los ni\u00f1os necesitan brazos. Si no le coges ahora, dentro de un tiempo te aseguro que no se dejar\u00e1 \ud83d\ude42 <\/p>\n<p>P.- \u00bfPediatra bloguera o madre bloguera?<\/p>\n<p>R.- Pues las dos cosas!! Una vez una compa\u00f1era de las redes me dijo como &#8220;piropo&#8221; que yo hac\u00eda de bisagra entre esos dos mundos que a veces van en paralelo y no se &#8220;tocan&#8221;. Imposible separar mi faceta personal de la profesional. En twitter solo tengo una identidad: @lamamapediatra <\/p>\n<p>P.- Hasta que edad es normal llevar pa\u00f1al por la noche? Los cuatro a\u00f1os es demasiado? Cual es el mejor m\u00e9todo para abandonarlo, levantar al ni\u00f1o?<\/p>\n<p>R.- El control de esf\u00ednteres por la noche puede producirse de forma conjunta con el control diurno, pero en un procentaje no despreciable de ni\u00f1os, se producir\u00e1 de forma m\u00e1s tard\u00eda, sin que esto sea patol\u00f3gico. Antes de los 5-6 a\u00f1os, son muchos los ni\u00f1os y ni\u00f1as que llevan pa\u00f1al por la noche sin que se considere una enuresis. A partir de esa edad las cifras van disminuyendo progresivamente. <\/p>\n<p>P.- A veces me siento perdida por las discrepancias entre distintos pediatras. Vas a uno y te manda jarabes antimucol\u00edticos, y vas a otro y te dice que no sirven de nada. Uno te dice que alternes paracetamol e ibuprofeno, y otro te dice que no&#8230; \u00bfPor qu\u00e9 hay tanto desacuerdo? \u00bfC\u00f3mo sabemos de qui\u00e9n fiarnos y a qui\u00e9n hacer caso?<\/p>\n<p>R.- Es complicado responderte. Tienes raz\u00f3n. No nos ponemos de acuerdo. La realidad es que la evidencia cient\u00edfica dice que muchos medicamentos no tienen en realidad demasiado efecto, entonces para qu\u00e9 darlos? En defensa de los pediatras dir\u00e9 que estamos en una sociedad muy medicalizada, y muchas veces parece que si no recetas algo la familia no se queda contenta&#8230;. En cuanto a la alternancia de antipir\u00e9ticos, est\u00e1 muy extendida, la fiebre da miedo. Ha habido diferentes tendencias y actualmente lo que se recomienda es utilizar uno de ellos y el otro, a modo de rescate cuando la fiebre da mal estado general. <\/p>\n<p>P.- Mi beb\u00e9 de nueve meses no ha cogido peso en el \u00faltimo mes y medio. Pesa ocho kilos y ha crecido 2,5 cm desde la \u00faltima revisi\u00f3n de ni\u00f1o sano, a los 6 meses. Come muy bien y es bastante inquieto, \u00bfcu\u00e1l puede ser la causa, debo preocuparme?<\/p>\n<p>R.- Habr\u00eda que evaluar cu\u00e1l ha sido la curva de crecimiento, m\u00e1s que una determinaci\u00f3n puntual y los cambios en la alimentaci\u00f3n que se han introducido en ese \u00faltimo tiempo. Si te preocupa, com\u00e9ntaselo a tu pediatra. <\/p>\n<p>P.- \u00bfQu\u00e9 opinas sobre la retirada de la vacuna de la varicela en casi toda Espa\u00f1a? \u00bfMerece la pena intentar buscarla fuera del pa\u00eds? Gracias<\/p>\n<p>R.- La retirada de la vacuna de la varicela, me parece como a la mayor\u00eda de los pediatras, injustificada e inadecuada. Existe m\u00e1s libertad para no vacunar que para vacunar. Y la falta de explicaciones favorece los argumentos de los grupos antivacunas. Sobre si ir a buscarla fuera te dir\u00e9 que la gente lo est\u00e1 haciendo. A m\u00ed particularmente me preocupa que las vacunas est\u00e9n en adecuada conservaci\u00f3n durante el viaje. <\/p>\n<p>P.- Eso de que lo importante es pasar &#8220;tiempo de calidad&#8221; con los hijos me suena a autojustificaci\u00f3n de los padres que apenas ven a sus ni\u00f1os. \u00bfNo tenemos demasiadas prioridades por delante de nuestros hijos?<\/p>\n<p>R.- Los ni\u00f1os necesitan &#8220;cantidad de tiempo&#8221; y &#8220;calidad de tiempo&#8221;. La pregunta que me haces da para escribir un libro&#8230;.Os recomiendo en este sentido uno que he le\u00eddo recientemente de Carolina del Olmo, que se llama &#8220;D\u00f3nde est\u00e1 mi tribu&#8221;. Es dif\u00edcil generalizar, hay gente que tiene otras prioridades y hay gente que tiene unas circunstancias que no le permiten hacerlo de otra manera. Creo que hay que hu\u00edr de la culpabilidad porque es paralizadora y genera ansiedad. La mayor\u00eda de las personas da a sus hijos lo mejor que tiene&#8230;.Y s\u00ed, tambi\u00e9n hay gente que est\u00e1 &#8220;desenfocada&#8221; y que tiene otra escala de varlores. Otro aspecto a tener en cuenta es la corresponsabilidad entre padre y madre. \u00bfEst\u00e1 repartido el cuidado y las responsabilidades del hogar?<\/p>\n<p>P.- Buenos d\u00edas, Amalia, es un placer tenerte aqu\u00ed. Mi pregunta es de doble faz: como madre, \u00bfqu\u00e9 hay que hacer para tener una relaci\u00f3n &#8220;sana&#8221; con tu pediatra? Me refiero a poder expresar tus opiniones e inquietudes sin parecer el t\u00edpico progenitor sabihondo y tocanarices. Como pediatra, \u00bfqu\u00e9 actitud te gusta ver en los padres de tu consulta cuando tienen alguna discrepancia contigo? Muchas gracias por tu tiempo \ud83d\ude42<\/p>\n<p>R.- Me parece que lo m\u00e1s adecuado es &#8220;ir de cara&#8221; y poder expresarse libremente. Los pediatras no somos robots y la conexi\u00f3n personal tambi\u00e9n se da. Hay pacientes con los que te ir\u00edas a tomar unas ca\u00f1as y otras personas con las que no congenias tan f\u00e1cilmente. En el caso del hospital donde yo trabajo, los pacientes pueden &#8220;elegir&#8221; pediatra y al final se da lo de que &#8220;cada oveja con su pareja&#8221;, se tienden a unir afinidades. En cuanto a discrepancias, no he tenido demasiados problemas. Seguramente algunos que no han estado muy de acuerdo, lo que han hecho es no volver&#8230; Tambi\u00e9n me llegan pacientes &#8220;rebotados&#8221; de otros pediatras, quiz\u00e1 porque tras leerme, me identifican como alguien m\u00e1s flexible con las diferentes maneras de criar, de alimentar, etc..<\/p>\n<p>P.- Que libro m\u00e1s bonito el tuyo, gracias por compartirlo con todos nosotros. \u00bfhas llevado a tus hijas alguna vez al pediatra? En Madrid conozco uno que te podr\u00eda recomendar. jejejej<\/p>\n<p>R.- Hola Jes\u00fas!! Gracias!!! S\u00ed!! Las llev\u00e9 los primeros meses!!! Luego ya empec\u00e9 a &#8220;saltarme&#8221; los controles e incluso las vacun\u00e1bamos en casa. Para no hacerlo yo y ser el &#8220;top&#8221; de las &#8220;malas madres&#8221; las vacunaba mi hermana que es enfermera \ud83d\ude09 Actualmente lo que s\u00ed suelo hacer son las revisiones oftalmol\u00f3gicas y odontol\u00f3gicas&#8230;.el resto, pues no #fail <\/p>\n<p>P.- \u00bfLa asociaci\u00f3n espa\u00f1ola de pediatr\u00eda es un referente para los pediatras? \u00bfdeber\u00eda serlo?<\/p>\n<p>R.- La AEP es un marco com\u00fan para los pediatras, con sus luces y sus sombras&#8230;. Yo no me identifico con algunas de sus acciones y en cambio s\u00ed con otras. <\/p>\n<p>P.- \u00bfQu\u00e9 opina del famoso &#8220;tir\u00f3n&#8221; que se les hace a los beb\u00e9s en las revisiones de ni\u00f1o sano?<\/p>\n<p>R.- Ufff! Yo no lo hago. Mientras son peque\u00f1os lo habitual es que todos tengan fimosis. A los padres les recomiendo retirar la piel lo justo para limpiar bien la zona, sin tirones. Cuando son m\u00e1s mayorcitos, les digo a los propios ni\u00f1os que me ense\u00f1en ellos hasta donde pueden bajar la piel, sin forzar y sin que nadie les haga da\u00f1o. Mi sensaci\u00f3n es que hagas lo que hagas algunos acabar\u00e1n irremediablemente en el quir\u00f3fano, mientras que en una gran mayor\u00eda, la edad resuelve los problemas&#8230;.<\/p>\n<p>P.- \u00bfCu\u00e1ntas veces recomiendas ir al pediatra en el primer a\u00f1o de nuestro beb\u00e9?<\/p>\n<p>R.- Existen protocolos que establecen una serie de visitas recomendadas durante el primer a\u00f1o de vida. Con peque\u00f1os matices, cada comunidad aut\u00f3noma establece un calendario de visitas. En nuestro centro los vemos una vez al mes hasta que tienen un a\u00f1o (y alguna visita m\u00e1s durante el primer mes de vida). Hasta los 7 meses, cada visita va asociada a &#8220;vacuna&#8221;. Entre los 7 meses y los 12 meses, el control puede ser m\u00e1s laxo si todo ha ido bien en cuanto a desarrollo f\u00edsico y psicomotor. <\/p>\n<p>P.- \u00bfCu\u00e1nto es &#8220;lo normal&#8221; que duerma durante el d\u00eda un beb\u00e9 de tres meses? \u00bfC\u00f3mo conseguirlo?<\/p>\n<p>R.- La normalidad en el sue\u00f1o del beb\u00e9 es muy amplia en cantidad y en intervalos. Hay beb\u00e9s que dormir\u00e1n muchas horas, y adem\u00e1s seguidas, y otros que no. La realidad es que lo m\u00e1s habitual es un sue\u00f1o m\u00e1s fraccionado y que no siempre coincide con el sue\u00f1o del adulto. Ah\u00ed es donde se producen los desajustes&#8230;.. Aunque generalmente el beb\u00e9 duerme m\u00e1s de lo que el adulto cree&#8230;. M\u00e1s que fijarse como objetivo &#8220;conseguir&#8221; que el beb\u00e9 duerma m\u00e1s, lo que quiz\u00e1 os sea de ayuda, es adaptar vuestras rutinas al tipo de sue\u00f1o de vuestro hijo. Y por ejemplo, un consejo cl\u00e1sico: descansar cuando lo hace \u00e9l. Los problemas de sue\u00f1o son el principal &#8220;dolor de cabeza&#8221; de los padres recientes. Se calcula que durante el primer a\u00f1o de vida de tu hijo puedes perder entre 400 y 700 horas de tu sue\u00f1o. Mejor asumirlo y tom\u00e1rselo con humor!!<\/p>\n<p>P.- \u00bfVas a estar firmando en la feria del libro de Madrid? Me gustar\u00eda saludarte en persona<\/p>\n<p>R.- No!!! Lo siento!! Ya me gustar\u00eda!!<\/p>\n<p>P.- Hola Amalia, mi pregunta es m\u00e1s para tu lado de madre que de pediatra. Soy padre de una ni\u00f1a de 3 a\u00f1os y 5 meses. Al d\u00eda de hoy es casi inminente el fallecimiento de mi suegro despu\u00e9s de a\u00f1os de c\u00e1ncer y no s\u00e9 como afrontar este tema con ella. Me est\u00e1 quitando el sue\u00f1o el momento en el cu\u00e1l tendr\u00e9 que explicarle que el abuelo ya no est\u00e1. \u00bfque debo hacer?<\/p>\n<p>R.- Creo que a los ni\u00f1os no hay que ocultarles las cosas, hay que explic\u00e1rselas utilizando un lenguaje que puedan comprender y tambi\u00e9n hay que incluirles en compartir el dolor. Muchas veces tenemos miedo a decirles las cosas y luego nos sorprenden con lo bien que lo aceptan y lo procesan, e incluso c\u00f3mo nos dicen ellos mismos muchas palabras que son consoladoras para nosotros los adultos.<\/p>\n<p>P.- Hola Amalia. Enhorabuena por el libro. \u00bfQu\u00e9 opinas sobre que los ni\u00f1os duerman en la cama con los padres? Y si lo ves aconsejable, crees que hay una edad adecuada para que se les obligue a dormir solos. Gracias. <\/p>\n<p>R.- Opino que cada uno haga lo que le parezca!! M\u00e1s que &#8220;obligar&#8221; a dormir solos, hay que acompa\u00f1arles en ese &#8220;tr\u00e1mite&#8221;. La edad, cada uno tiene que decidir cu\u00e1l es la adecuada. A veces tenemos una idea y luego la realidad se impone (con diferencias entre hermanos, muchas veces)<\/p>\n<p>P.- Buenos d\u00edas, Amalia, no te conoc\u00eda pero lo poco que he le\u00eddo de tu entrevista me da plena confianza. Me gustar\u00eda preguntarte c\u00f3mo enfocar\u00edas el tema de dormir cuando se trata de beb\u00e9s de alta demanda en el sentido de despertarse mucho por la noche y necesitar a su madre para conciliar el sue\u00f1o. Mi hija tiene 15 meses y resulta muy cansado, pero no s\u00e9 c\u00f3mo plantear el tema y desde luego no estoy por la labor de utilizar m\u00e9todos tipo Estivill. Mil gracias.<\/p>\n<p>R.- Ligado con la pregunta anterior&#8230;.Dif\u00edcil. La pregunta que te planteo es, \u00bfel padre qu\u00e9 opina? Puede participar de alguna manera? Hay un punto de inflexi\u00f3n sobre los 7-8 meses, a partir de ah\u00ed muchas veces se complican las noches&#8230;<\/p>\n<p>P.- Tengo un ni\u00f1o de 29 meses que ha aprendido pronto a hablar y en poco tiempo,lo hac\u00eda correctamente y ahora de repente tartamudea. Estoy asustada por que me da la sensaci\u00f3n que lo pasa mal cuando se engancha. Hemos pasado recientemente por una mudanza y otros cambios y no se si le ha podido afectar. Adem\u00e1s no se termina de adaptar a la guarder\u00eda, va desde que tiene 10 meses y a\u00fan llora al entrar, mientra otros ni\u00f1os de su edad no lo hacen. \u00bfQue actitud debo tener frente a todo esto? \u00bfEs normal?<\/p>\n<p>R.- Con esa edad son muchos los ni\u00f1os que no articulan el lenguaje correctamente. Si ha habido muchos cambios y no acaba de estar adaptado a la guarder\u00eda, puede ser normal que se afecte el lenguaje u otros aspectos del desarrollo. Te recomendar\u00eda paciencia, afecto y no dramatizar demasiado, tiempo al tiempo. <\/p>\n","protected":false},"excerpt":{"rendered":"<p>Conocida en las redes sociales como la mam\u00e1 pediatra, acaba de publicar el libro Diario de una mam\u00e1 pediatra. El t\u00edtulo viene de su blog, que cuenta con 10.000 seguidores en Internet.<br \/>\nM\u00e1s entrevistas digitales<\/p>\n","protected":false},"author":1,"featured_media":0,"comment_status":"open","ping_status":"open","sticky":false,"template":"","format":"standard","meta":{"footnotes":""},"categories":[],"tags":[],"class_list":["post-12028","post","type-post","status-publish","format-standard","hentry"],"_links":{"self":[{"href":"https:\/\/intervius.com\/index.html\/wp-json\/wp\/v2\/posts\/12028","targetHints":{"allow":["GET"]}}],"collection":[{"href":"https:\/\/intervius.com\/index.html\/wp-json\/wp\/v2\/posts"}],"about":[{"href":"https:\/\/intervius.com\/index.html\/wp-json\/wp\/v2\/types\/post"}],"author":[{"embeddable":true,"href":"https:\/\/intervius.com\/index.html\/wp-json\/wp\/v2\/users\/1"}],"replies":[{"embeddable":true,"href":"https:\/\/intervius.com\/index.html\/wp-json\/wp\/v2\/comments?post=12028"}],"version-history":[{"count":0,"href":"https:\/\/intervius.com\/index.html\/wp-json\/wp\/v2\/posts\/12028\/revisions"}],"wp:attachment":[{"href":"https:\/\/intervius.com\/index.html\/wp-json\/wp\/v2\/media?parent=12028"}],"wp:term":[{"taxonomy":"category","embeddable":true,"href":"https:\/\/intervius.com\/index.html\/wp-json\/wp\/v2\/categories?post=12028"},{"taxonomy":"post_tag","embeddable":true,"href":"https:\/\/intervius.com\/index.html\/wp-json\/wp\/v2\/tags?post=12028"}],"curies":[{"name":"wp","href":"https:\/\/api.w.org\/{rel}","templated":true}]}}