{"id":1200,"date":"2007-06-01T00:00:00","date_gmt":"2006-11-06T00:00:00","guid":{"rendered":"https:\/\/intervius.com\/index.html\/?p=1200"},"modified":"2006-11-06T00:00:00","modified_gmt":"2006-11-06T00:00:00","slug":"Luis_Fernando_Suarez1200","status":"publish","type":"post","link":"https:\/\/intervius.com\/index.html\/Luis_Fernando_Suarez1200\/","title":{"rendered":"Luis Fernando Su\u00e1rez"},"content":{"rendered":"<p>Pregunta.- \u00bfQu\u00e9 opina de la proposici\u00f3n de la FIFA de no jugar a mas de 2500 m? Os tiene que influir seguro, \u00bfusted cree que ceder\u00e1n?<\/p>\n<p>Respuesta.- Deben ceder, porque es un mal precedente el que se da si no se juega donde se pueda y quiera jugar. Esto podria provocar que dentro de un mismo pa\u00eds haya hasta campeonatos de altura o en el llano. Despu\u00e8s ya se podr\u00eda argumentar el calor, el fr\u00edo o no jugar en la nieve. <\/p>\n<p>P.- \u00bfHasta que a\u00f1o piensa ser t\u00e9cnico de la selecci\u00f3n del Ecuador?<\/p>\n<p>R.- Yo estoy completamente seguro de que el m\u00e1ximo al que voy a llegar, es hasta el Mundial de Sud\u00e1frica, aunque puede ser antes, si es que los resultados no me ayudan&#8230; (risas)<\/p>\n<p>P.- \u00bfLlegar\u00e1 Ecuador a estar entre los cuatro mejores de Am\u00e9rica?<\/p>\n<p>R.- Esa es la obligaci\u00f3n que tenemos en esta edici\u00f3n de Venezuela. Si hay un momento en el que Ecuador puede llegar a este punto, es exactamente ahora.<\/p>\n<p>P.- Si no se gana la Copa Am\u00e9rica o por lo menos no se llega a la final, \u00bfser\u00eda un fracaso?<\/p>\n<p>R.- Depende de c\u00f3mo se llegue o no la final. Brasil y Argentina son favoritos siempre, pero hoy tenemos la obligaci\u00f3n de llegar lejos, y tenemos la intenci\u00f3n de llegar a la final.<\/p>\n<p>P.- \u00bfQu\u00e9 opina del seleccionado de Per\u00fa, su rival el domingo?<\/p>\n<p>R.- La primera consideraci\u00f3n es la condici\u00f3n t\u00e9cnica del peruano, es de las mejores de Sudam\u00e9rica. Est\u00e1n iniciando un proceso con el nuevo t\u00e9cnico, con expectativas para ellos. Es el rival indicado para nosotros para saber en el nivel que estamos.<\/p>\n<p>P.- Hola amigo, una pregunta, \u00bfhay alg\u00fan jugador ecuatoriano o peruano joven que apunte para &#8220;crack&#8221;? \u00bfTe ha llamado alguno la atenci\u00f3n? Suerte.<\/p>\n<p>R.- De los ecuatorianos j\u00f3venes, Felipe Caicedo y Cristian Ben\u00edtez. <\/p>\n<p>P.- \u00bfVa el Ecuador a boicotear la Copa Am\u00e9rica como protesta a la rid\u00edcula decisi\u00f3n de la FIFA de prohibir los partidos a m\u00e1s de 2500 metros de altura? \u00bfQu\u00e9 opini\u00f3n le mereci\u00f3 el castigo al Tin Delgado?<\/p>\n<p>R.- Oficialmento no va a bociotear la copa, pero se desea fervientemente que esa decisi\u00f3n tenga una revisi\u00f3n. Sobre el Tin, le mermaron el castigo a 6 meses. Hubiese sido realmente bueno que no se diera la confrontaci\u00f3n entre los jugadores de Liga y Barcelona (N de la R: la final del campeonato de Ecuador del a\u00f1o pasado termin\u00f3 en una gresca que motiv\u00f3 una sanci\u00f3n al jugador Agust\u00edn Delgado como uno de los que incit\u00f3 a la violencia)<\/p>\n<p>P.- Un saludo mister. \u00bfLe gustar\u00eda alg\u00fan d\u00eda intentar la aventura de entrenar en Espa\u00f1a?<\/p>\n<p>R.- Es mi pr\u00f3ximo objetivo. Uno siemprre busca metas m\u00e1s grandes, y siempre he so\u00f1ado con dirigir en Europa. Me tienen que avalar los resultados de aqu\u00ed a cuatro a\u00f1os para obtener esa gracia.<\/p>\n<p>P.- Resulta curioso que Ecuador haya optado por entrenadores colombianos en los \u00faltimos a\u00f1os. \u00bfA qu\u00e9 atribuye usted que aun habiendo buenos jugadores locales, no haya entrenadores ecutaorianos exitosos?<\/p>\n<p>R.- Porque todav\u00eda no se cree en el entrenador ecuatoriano. Hoy, la dirigencia de los equipos piensa que la capacidad de los DT de Ecuador no est\u00e1 para dirigir a esos equipos, cosa que me parece muy injusta, pues a todos hay que darles su oportunidad.<\/p>\n<p>P.- \u00bfQu\u00e9 opini\u00f3n le merece el trabajo que hizo en Ecuador, con la selecci\u00f3n local, Francisco &#8220;Pacho&#8221; Maturana? \u00bfPor qu\u00e9 cree que no obtuvo los resultados que usted consigui\u00f3? Gracias.<\/p>\n<p>R.- Porque era otra \u00e9poca, junto con Draskovich, \u00e9l fue quien sembr\u00f3 la semilla para que Hern\u00e1n G\u00f3mez y yo obtuvi\u00e9ramos los resultados. Maturana los form\u00f3 d\u00e1ndole la t\u00e1ctica, Draskovich fue el responsable de elegir una buena cantera de jugadores.<\/p>\n<p>P.- Profesor: Aunque quisi\u00e9ramos que el arco est\u00e9 defendido por un portero ecuatoriano de nacimiento, es verdad que los dos arqueros nacionalizados est\u00e1n en un nivel mucho m\u00e1s alto y ser\u00eda propicio convocar a dichos dos arqueros sin importar los prejuicios que causar\u00eda en mucha gente nacionalista. \u00bfLo har\u00e1 para sacar ventaja sobre los dem\u00e1s rivales?<\/p>\n<p>R.- Si llamo a los dos arqueros nacionalizados lo hago porque considero que son ecuatorianos, y tienen todos los derechos y deberes de un ciudadano, pues est\u00e1n plenamente integrados y sienten a Ecuador como su pa\u00eds.<\/p>\n<p>P.- Profesor: Soy colombiano residente en Canad\u00e1, admiro mucho su trabajo y todo lo que ha conseguido a nivel profesional. Me gustar\u00eda saber qu\u00e9 posibilidades hay de que en un tiempo cercano pueda usted dirigir a la Selecci\u00f3n Colombia.<\/p>\n<p>R.- Los \u00faltimos tiempos me he regido m\u00e1s por el presente, no con las angustias del pasado ni lo que pueda pasar en el futuro. Pienso \u00fanicamente en lo que pueda hacer con la Selecci\u00f3n ecuatoriana.<\/p>\n<p>P.- Profesor Su\u00e1rez, me gustaria saber cu\u00e1ndo dar\u00e1 la n\u00f3mina oficial que ir\u00e1 a la Copa Am\u00e9rica y si el nine Kaviedes va a estar en la lista?<\/p>\n<p>R.- Lo m\u00e1s probable es que la de el pr\u00f3ximo fin de semana. Mi pol\u00edtica es no especular de atemano con qui\u00e9n va, sino dar toda la n\u00f3mina completa en el momento apropiado. <\/p>\n<p>P.- \u00bfLe resulta m\u00e1s provechoso utilizarlo a Kaviedes como enganche o como delantero neto?<\/p>\n<p>R.- Si lo llamo, lo podr\u00eda utilizar de las dos maneras&#8230;<\/p>\n<p>P.- \u00bfC\u00f3mo ve el nivel del f\u00fatbol de Am\u00e9rica del Sur comparado al nivel del f\u00fatbol europeo tanto en clubes como en selecciones?<\/p>\n<p>R.- Los \u00faltimos resultados me preocupan. Los clubes argentinos no volvieron a estar en finales de Sudamericana y Libertadores y casi todos estamos viendo sorpresas. Cienciano, Colo- Colo, hoy es el C\u00facuta contra Boca. Es destacable el buen momento de los equipos chicos. En Europa hay tanto dinero que se pueden llevar lo mejor de Sudam\u00e9rica y ahora se est\u00e1 notando que en lo f\u00edsico se est\u00e1n imponiendo.<\/p>\n<p>P.- Felicidades, de un espa\u00f1ol por el gran Mundial que hicieron en Alemania. Me gustaria saber qu\u00e9 jugador de la Seleccion ves con m\u00e1s opciones para jugar en la liga espa\u00f1ola? A m\u00ed me parece Edison M\u00e9ndez, un todoterreno en el medio campo.<\/p>\n<p>R.- Aparte de M\u00e9ndez, Segundo Castillo, Cristian Ben\u00edtez, Felipe Caicedo, Carlos Tenorio y varios m\u00e1s<\/p>\n<p>P.- Saludos Profesor, desde Guayaquil. \u00bfQu\u00e9 afecta m\u00e1s a un jugador de f\u00fatbol: jugar a 2500m, jugar con 40 grados de temperatura, o jugar en el fr\u00edo bajo cero? Por favor, ord\u00e9neme las 3 opciones. Suerte para el partido y par los torneos, y si tenemos que jugar bajo el agua, ah\u00ed tambi\u00e9n los apoyaremos.<\/p>\n<p>R.- Todo depende del grado de adaptaci\u00f3n que se tenga a cualquier medio. Si est\u00e1s ambientado a la altura, no habr\u00e1 problemas, si vives a 40 grados, est\u00e1s haciendo un deporte en tu h\u00e1bitat. Para los de Quito, jugar bajo cero ser\u00eda muy dif\u00edcil&#8230; Lo que quiero decir es que ninguna de las tres o las tres&#8230; Si un jugador no est\u00e1 bien preparado f\u00edsicamente, le ir\u00e1 mal de todos modos, con altura, fr\u00edo o calor.<\/p>\n<p>P.- Saludos desde Popay\u00e1n. \u00bfCu\u00e1l es la diferencia del mejor equipo de Colombia (Higuita, Valderrama, \u00c1lvarez, Rinc\u00f3n y Asprilla) con el actual de Ecuador?<\/p>\n<p>R.- Es dif\u00edcil comparar, porque si se comparan dos selecciones de Colombia ya hay complicaciones, mucho m\u00e1s cuando son dos pa\u00edses. Hay similitudes, pero tambi\u00e9n muchas diferencias. Hay algo que es com\u00fan a los dos: cuando se dio lo de la Selecci\u00f3n Colombia con Valderrama y el resto, se sent\u00eda esa selecci\u00f3n como la que quer\u00eda toda la gente, que verdaderamente representaba a todos los colombianos. Eso mismo ocurre hoy con Ecuador.<\/p>\n<p>P.- \u00bfAlguna vez ha pensado en dedicarse a la gerencia deportiva, tomando en cuenta que estudia una maestr\u00eda de este tipo? \u00bfO este estudio es s\u00f3lo un complemento para su profesi\u00f3n de seleccionador?<\/p>\n<p>R.- Hoy estoy pensando en que es un complemento, pero no descarto la posibilidad de seguir en el mundo del f\u00fatbol. En alg\u00fan momento tendr\u00e9 que dejar la labor de DT. Hoy si se necesitaran estudios para ser el aguatero del equipo, lo har\u00eda, pues no me quiero retirar del f\u00fatbol&#8230;<\/p>\n<p>P.- \u00bf A qui\u00e9n ve favorito para el final de Liga de Ecuador? \u00a1Gracias y adelante con la tricolor!<\/p>\n<p>R.- El campeonato est\u00e1 a mitad de torneo y est\u00e1 muy irregular. El mejor equipo hoy es Olmedo, pero los equipos pueden rehacerse para el pr\u00f3ximo semestre. Barcelona, Liga y Nacional seguramente ser\u00e1n protagonistas. <\/p>\n<p>P.- \u00bfHincha de qu\u00e9 equipo es? En el Ecuador y en Colombia.<\/p>\n<p>R.- En Colombia soy del Atl\u00e9tico Nacional de Medell\u00edn. Hay que hacer una aclaraci\u00f3n: uno es hincha de un solo equipo. Pero en Ecuador, le tengo mucho cari\u00f1o al Aucas.<\/p>\n<p>P.- \u00bfQui\u00e9n cree que es el favorito para ganar la Copa Am\u00e9rica que se disputar\u00e1 en Venezuela? \u00bfY la actual Liga Espa\u00f1ola?<\/p>\n<p>R.- Argentina y Brasil son los favoritos para la Copa Am\u00e9rica. En la Liga espa\u00f1ola, el Real Madrid aunque deseo que sea Barcelona.<\/p>\n<p>P.- Hola, mi pregunta es \u00bftiene en mente convocar a Guerrero, el chaval de las categor\u00edas inferiores del Real Madrid? Dicen que es una joya. Gracias, un saludo y suerte<\/p>\n<p>R.- Es una joya!! Es absolutamente cierto, pero es un chico al que le falta un desarrollo normal. Reci\u00e9n tiene 16 a\u00f1os y le vamos a dar el tiempo para que madure y pueda ser convocado en su momento justo.<\/p>\n<p>P.- Desde su \u00f3ptica, \u00bftendr\u00e1 Ecuador para el Mundial de Sud\u00e1frica una nueva generaci\u00f3n de jugadores como los que llevaron al pa\u00eds a dos Mundiales?<\/p>\n<p>R.- Ya la estamos creando. Seguramente algunos jugadores actuales no lleguen a estar en Sud\u00e1frica, pero todav\u00eda le son importantes al equipo. Un proceso es algo lento, no se puede sacar a todos y poner jugadores nuevos. El proyecto es seguir formando y que los mayores aporten experiencia. El proceso lo queremos llevar sin traumas. <\/p>\n<p>P.- El Ecuador es un pa\u00eds con muchos problemas, qu\u00e9 siente cuando el pueblo ecuatoriano defiende a la selecci\u00f3n, como en esta \u00faltima semana luego del veto a la altura por la FIFA?<\/p>\n<p>R.- El pa\u00eds necesita a veces de situaciones dram\u00e1ticas para unirse, y eso es bueno, pero no es lo \u00fanico. El f\u00fatbol uni\u00f3 al pa\u00eds en torno a una selecci\u00f3n, en los dem\u00e1s estamentos deber\u00eda ocurrir lo mismo.<\/p>\n<p>P.- Hola crack! Despu\u00e9s de ver a Ecuador en el Mundial, me considero un hincha m\u00e1s, ya fuisteis de los que mejor jugaron al f\u00fatbol. \u00bfHa cambiado tu filosof\u00eda del verano pasado a \u00e9ste? \u00bfO seguir\u00e1s apostando este a\u00f1o por la calidad de Valencia y la fuerza de Carlos Tenorio y el Tin?<\/p>\n<p>R.- La filosof\u00eda sigue siendo la misma, pero hay que estar al tanto de todo. Hay variantes que permiten que el f\u00fatbol sea m\u00e1s veloz. Si uno se queda quieto pensando en que lo hecho ya est\u00e1 bien, de pronto este a\u00f1o ya hay otro f\u00fatbol que es m\u00e1s fruct\u00edfero y lo nuestro queda en el pasado. Hay que estar siempre atento a lo que pasa alrededor y estar dispuesto a cambiar.<\/p>\n","protected":false},"excerpt":{"rendered":"<p>Ecuador lleg\u00f3 a Espa\u00f1a para jugar dos amistosos con el seleccionado de Per\u00fa, con vistas a la pr\u00f3xima Copa Am\u00e9rica que se jugar\u00e1 en Venezuela. El DT, Luis Fernando Su\u00e1rez ha charlado con los lectores de AS, ELPAIS.com, Cadena SER y Diario HOY.<\/p>\n","protected":false},"author":1,"featured_media":0,"comment_status":"open","ping_status":"open","sticky":false,"template":"","format":"standard","meta":{"footnotes":""},"categories":[],"tags":[],"class_list":["post-1200","post","type-post","status-publish","format-standard","hentry"],"_links":{"self":[{"href":"https:\/\/intervius.com\/index.html\/wp-json\/wp\/v2\/posts\/1200","targetHints":{"allow":["GET"]}}],"collection":[{"href":"https:\/\/intervius.com\/index.html\/wp-json\/wp\/v2\/posts"}],"about":[{"href":"https:\/\/intervius.com\/index.html\/wp-json\/wp\/v2\/types\/post"}],"author":[{"embeddable":true,"href":"https:\/\/intervius.com\/index.html\/wp-json\/wp\/v2\/users\/1"}],"replies":[{"embeddable":true,"href":"https:\/\/intervius.com\/index.html\/wp-json\/wp\/v2\/comments?post=1200"}],"version-history":[{"count":0,"href":"https:\/\/intervius.com\/index.html\/wp-json\/wp\/v2\/posts\/1200\/revisions"}],"wp:attachment":[{"href":"https:\/\/intervius.com\/index.html\/wp-json\/wp\/v2\/media?parent=1200"}],"wp:term":[{"taxonomy":"category","embeddable":true,"href":"https:\/\/intervius.com\/index.html\/wp-json\/wp\/v2\/categories?post=1200"},{"taxonomy":"post_tag","embeddable":true,"href":"https:\/\/intervius.com\/index.html\/wp-json\/wp\/v2\/tags?post=1200"}],"curies":[{"name":"wp","href":"https:\/\/api.w.org\/{rel}","templated":true}]}}