{"id":1198,"date":"2007-06-01T00:00:00","date_gmt":"2006-11-06T00:00:00","guid":{"rendered":"https:\/\/intervius.com\/index.html\/?p=1198"},"modified":"2006-11-06T00:00:00","modified_gmt":"2006-11-06T00:00:00","slug":"Fernando_Morientes1198","status":"publish","type":"post","link":"https:\/\/intervius.com\/index.html\/Fernando_Morientes1198\/","title":{"rendered":"Fernando Morientes"},"content":{"rendered":"<p>Pregunta.- Hola Fernando, \u00bfCu\u00e1l ser\u00eda tu sue\u00f1o como futbolista? \u00bfGanar el Mundial?<\/p>\n<p>Respuesta.- Ahora mismo s\u00ed, despu\u00e9s de los a\u00f1os que tengo, ser\u00eda ese.<\/p>\n<p>P.- \u00bfPor qu\u00e9 no fichaste nunca por el Bar\u00e7a? Tu hubieras encajado perfectamente en el sistema de Frank Rikjard. \u00a1Eres muy grande moro! <\/p>\n<p>R.- No fich\u00e9 nunca por \u00e9l porque no estuvieron realmente interesados, y cuando lo estuvieron, nunca llegaron a un acuerdo.<\/p>\n<p>P.- \u00bfPor qu\u00e9 crees que el Valencia siempre que se aceca el tramo decisivo, falla, no tiene la mentalidad de un grande&#8230; como Barsa o Madrid?<\/p>\n<p>R.- Ha sucedido alguna vez, pero cuando ha ganado la Liga, primero llevaba desventaja y luego les cogi\u00f3.<\/p>\n<p>P.- Hola! \u00bfQu\u00e9 crees que le falta a nuestra selecci\u00f3n para ganar un t\u00edtulo de una vez? \u00bfCalidad, fuerza, suerte? \u00bfY qu\u00e9 le sobra? Un besazo! Carmen.<\/p>\n<p>R.- Nos hace falta a parte de suerte, pensar que la selecci\u00f3n nacional es lo m\u00e1s importante en nuestro pa\u00eds, m\u00e1s que los clubs. La cultura de la gente es que primero va los clubes y luego las selecciones.<\/p>\n<p>P.- \u00bfQu\u00e9 jugador espa\u00f1ol ser\u00e1 decisivo en estos dos partidos?<\/p>\n<p>R.- Espero que alguno del Valencia, Villa o Silva.<\/p>\n<p>P.- De tantos remates durante toda tu vida de cabeza, \u00bfHas sufrido alg\u00fan problema f\u00edsico por esa circunstancia?<\/p>\n<p>R.- No&#8230; aunque los pies no los tengo muy agraciados&#8230; por dar tantos balonazos&#8230; aunque prefiero verlos feos y haber llegado a donde he llegado.<\/p>\n<p>P.- \u00bfQu\u00e9 se siente al ser uno de esos grandes delanteros que, por m\u00e1s que marca goles y demuestra temporada tras temporada estar en forma le cuesta mucho m\u00e1s que a otros ser titular all\u00e1 donde vayas? Para mi eres el mejor 9 puro nacional \u00a1Un saludo!<\/p>\n<p>R.- A m\u00ed se me cataloga por el n\u00famero de goles, mi temporada&#8230; y estoy muy satisfecho por la \u00e9lite del f\u00fatbol y s\u00f3lo quiero seguir creciendo. Una cosa es lo que puedo hacer y otra es que s\u00e9 lo que no puedo hacer.<\/p>\n<p>P.- \u00bfC\u00f3mo veis los internacionales la posibilidad de que pa\u00edses como Bolivia o Per\u00fa no puedan jugar partidos internacionales en sus respectivas capitales?<\/p>\n<p>R.- Me hace gracia, no sab\u00eda ese dato, pero siempre es bonito jugar en la capital y jugar con tu afici\u00f3n.<\/p>\n<p>P.- \u00bfSiente envidia sana por no haber formado parte del conjunto del Liverpool que ha disputado la final de la Champions?<\/p>\n<p>R.- Hombre a lo mejor&#8230; pero por todos los \u00e9xitos que tienen mi ex equiipos, tendr\u00eda envidia de todos&#8230; tengo envidia sana eso s\u00ed, pero tuve la oportunidad de ganar la Champions anterior. <\/p>\n<p>P.- \u00bfC\u00f3mo consideras a Silva en la Selecci\u00f3n? \u00bfCrees que ya es un futbolista gal\u00e1ctico?<\/p>\n<p>R.- Nunca me ha gustado esa palabra, es un arma de doble filo. Es un pedazo de jugador y ha demostrado mucho con 21 a\u00f1os, tiene un grand\u00edsimo presente y un grand\u00edsimo futuro.<\/p>\n<p>P.- \u00bfQue diferencia(s) ha encontrado usted entre la LFP y la Premier League?<\/p>\n<p>R.- Cuando uno lo ve por TV parecen m\u00ednimas, pero las hay: el ingl\u00e9s es un f\u00fatbol de contacto, m\u00e1s f\u00edsico, el espa\u00f1ol es m\u00e1s tranquilo y sosegado.<\/p>\n<p>P.- Hola Moro, ya se que eres campe\u00f3n de Europa, pero realmente, \u00bfqu\u00e9 te har\u00eda m\u00e1s ilusi\u00f3n, ser campe\u00f3n de Europa con el Valencia o ganar un Mundial con Espa\u00f1a? Yo creo que ese es el problema de la Selecci\u00f3n, la gente prefiere \u00e9xitos en su club que con la absoluta, gracias. <\/p>\n<p>R.- La gente no s\u00f3lo los jugadores, como cultura, prefieren ganar algo con su club. En mi caso, he ganado muchos t\u00edtulos con clubes y me encantar\u00eda ganar algo con la Selecci\u00f3n, pero ganar la Champions con el Valencia ser\u00eda muy apetitoso&#8230;<\/p>\n<p>P.- Tu mejor y tu peor momento en tu carrera deportiva; tu mejor gol<\/p>\n<p>R.- Mejor momento: el d\u00eda de mi debut en primera, tambi\u00e9n el debut con la Selecci\u00f3n. El peor: pasar por el quir\u00f3fano hace 5 a\u00f1os con mi lesi\u00f3n de pubis. ME cuesta decidirme por un gol&#8230;<\/p>\n<p>P.- \u00bfCrees que Luis Aragon\u00e9s es el indicado para la Selecci\u00f3n?<\/p>\n<p>R.- Hoy por hoy s\u00ed.<\/p>\n<p>P.- \u00bfVolver\u00edas al Madrid?<\/p>\n<p>R.- Es un club al que tengo mucho cari\u00f1o, pero mi idea a d\u00eda de hoy es poder retirarme en el Valencia. Dicen que segundas partes nunca fueron buenas.<\/p>\n<p>P.- \u00bfEs Ra\u00fal el mejor jugador espa\u00f1ol de todos los tiempos?<\/p>\n<p>R.- Para m\u00ed, que no he visto los antecedentes a \u00e9l, para mi s\u00ed, y sino el mejor, se acerca much\u00edsimo. La gente puede decir que puede haber otro, pero yo he jugado con \u00e9l, y es sin duda uno de los claros candidatos.<\/p>\n<p>P.- \u00bfD\u00f3nde te gustar\u00eda acabar tu carrera deportiva? GRANDE MORIENTES!!<\/p>\n<p>R.- Hoy por hoy me encantar\u00eda acabarla en Valencia, aunque quiz\u00e1 me gustar\u00eda cuando termine a alto nivel, seguir en otro en el que no tenga las exigencias que tengo ahora. Ser\u00e1 cuesti\u00f3n de tiempo.<\/p>\n<p>P.- \u00bfEres de los que piensan que Ra\u00fal deber\u00eda estar en la Selecci\u00f3n? Cuando la realidad es que hay hasta once delanteros espa\u00f1oles (Torres, Villa, t\u00fa, Tamudo, Soldado&#8230;) con m\u00e1s goles que \u00e9l. Un saludo, muchas gracias crack!<\/p>\n<p>R.- Para m\u00ed s\u00ed, siempre lo he dicho. No s\u00f3lo por lo que aporta dentro sino por lo que aporta fuera del campo. Es un jugador con jerarqu\u00eda, tiene ese don.<\/p>\n<p>P.- Hola quisiera saber la opini\u00f3n que tiene sobre el estado de los delanteros nacionales, al ver la tabla del pichichi veo a los nuestros a a\u00f1os luz de la cabeza.<\/p>\n<p>R.- Es cierto que los espa\u00f1oles llevan 14, 12, 13&#8230; y los pichichis van por 23&#8230; A lo mejor ellos tambi\u00e9n est\u00e1n en grandes equipos, y no tienen la competencia que he tenido yo con Villa. Normalmente los extranjeros tienen ese don que les pone m\u00e1 arriba en la tabla.<\/p>\n<p>P.- Hola Fernando, soy una gran admiradora tuya, te he seguido por el Madrid, M\u00f3naco y Liverpol. Ahora tengo el coraz\u00f3n partio, pues soy del madrid, pero sigo al Valencia. \u00bfCrees que ganar\u00e1 el madrid la liga, o este a\u00f1o tampoco podr\u00e1 ser? besos, Sara<\/p>\n<p>R.- Pienso que ahora mismo est\u00e1 en mejores condiciones que nadie. Y cuando llega con esta ventaja de depender de ellos mismos, les hace muy fuertes. Ser\u00e1 dif\u00edcil que se le escape.<\/p>\n<p>P.- \u00bfQui\u00e9n crees que es el mejor jugador del mundo ahora mismo?<\/p>\n<p>R.- Ahora mismo porque acaba de ganar la Champions, pondr\u00eda a Kak\u00e1, aunque me gusta Henry, tambi\u00e9n Ronaldinho. La calidad es la calidad.<\/p>\n<p>P.- Soy el chaval de la bandera de Extremadura. \u00bfSe har\u00e1 mi sue\u00f1o realidad de tener tu camiseta antes de irme a Extremadura? <\/p>\n<p>R.- Risas&#8230; \u00a1\u00a1\u00a1ya eres afortunado por tener unas botas m\u00edas!!!<\/p>\n<p>P.- Cuando fichastes por el Valencia, \u00bfrealmente pensabas que ibas a encontrar tu media naranja futbol\u00edsticamente hablando: Villa? \u00bfY realmente Silva es tan bueno para ti?<\/p>\n<p>R.- Cuando llegu\u00e9, lo hice con ganas de demostrar cosas, porque llevaba a\u00f1o y medio no muy afortunado, pero he tenido la suerte de que me haya pasado algo parecido a cuando estuve con Ra\u00fal, un compa\u00f1ero como Villa. Y si, Silva es muy bueno. Un fijo en la selecci\u00f3n.<\/p>\n<p>P.- \u00bfTe gustar\u00eda volver alg\u00fan d\u00eda al Real Madrid?<\/p>\n<p>R.- Como jugador, ya no. Quiz\u00e1 en un futuro de otro modo.<\/p>\n<p>P.- \u00bfQu\u00e9 se siente al ser uno de los futbolistas m\u00e1s atractivos del mundo?<\/p>\n<p>R.- Bueno&#8230; (risas). No es lo que yo veo&#8230; pero es bonito que tambi\u00e9n te vean guapo. Tengo mucha admiraci\u00f3n a quien dice eso, aunque no me veo tan guapo en el espejo.<\/p>\n<p>P.- \u00bfCu\u00e1l crees que ha sido tu mejor gol?<\/p>\n<p>R.- A lo mejor el que marqu\u00e9 en el Mundial contra Paraguay, de cabeza. Me gust\u00f3 por ejecuci\u00f3n y por importante.<\/p>\n<p>P.- \u00bfCu\u00e1l es el mejor jugador con el que has jugado? <\/p>\n<p>R.- Sin ninguna duda, Zidane.<\/p>\n<p>P.- Buenas tardes Morientes,mi pregunta es la siguiente:\u00bfcrees en las primas a terceros? Un saludo<\/p>\n<p>R.- Creer, creo porque se habla de ello. Pero yo nunca he tenido.<\/p>\n<p>P.- \u00bf A qui\u00e9n ves campe\u00f3n de liga?<\/p>\n<p>R.- Veo al Madrid, porque ahora mismo dependen de ellos mismos. <\/p>\n<p>P.- Hola Fernando, eres un crack. La lesi\u00f3n te ha dejado fuera de esta convocatoria, pero \u00bfcrees que estar\u00e1s en pr\u00f3ximas convocatorias con la selecci\u00f3n? Que Luis Aragon\u00e9s no lleve a Ra\u00fal \u00bfqu\u00e9 te parece? Un saludo!!<\/p>\n<p>R.- Hola Fernando, eres un crack. La lesi\u00f3n te ha dejado fuera de esta convocatoria, pero \u00bfcrees que estar\u00e1s en pr\u00f3ximas convocatorias con la selecci\u00f3n? Que Luis Aragon\u00e9s no lleve a Ra\u00fal \u00bfqu\u00e9 te parece? Un saludo!!<\/p>\n<p>P.- \u00bfQui\u00e9n es la persona que mejor te ense\u00f1\u00f3 a jugar al f\u00fatbol?<\/p>\n<p>R.- Mi padre no ha sido futbolista, ni mis hermanos, pero mi hermano ha sido uno de los que m\u00e1s pendientes ha estado en mi carrera.<\/p>\n<p>P.- \u00bfCrees que mereciste salir de R. Madrid de la manera que pas\u00f3? Te deseo lo mejor, un abrazo.<\/p>\n<p>R.- La manera en que sal\u00ed fue por una persona. Me hubiese gustado irme de otra manera y en otro momento, pero era dif\u00edcil continuar viendo lo que iba a ver en un futuro.<\/p>\n<p>P.- \u00bfA qu\u00e9 jugador ficharias para el Valencia?<\/p>\n<p>R.- Ahora con la marcha de Ayala, fichar\u00eda un buen central, con garant\u00eda y ganas de jugar en el Valencia.<\/p>\n<p>P.- \u00bfQu\u00e9 supuso para ti fichar por el Albacete y debutar tan joven en primera divisi\u00f3n con este equipo?<\/p>\n<p>R.- Para m\u00ed fue un sue\u00f1o.Ten\u00eda 16 a\u00f1os cuando fich\u00e9 y en menos de un a\u00f1o, estaba en Primera Divisi\u00f3n.<\/p>\n<p>P.- \u00bfTe ves acabando tu vida futbolista en un equipo como Los Angeles Galaxy?<\/p>\n<p>R.- Pues no lo s\u00e9, es algo que siempre est\u00e1 ah\u00ed. Por experiencia ser\u00eda bonito, aunque ya he vivido muchas. Quiz\u00e1 cuando fallen las piernas, me pueda ir para all\u00e1, pero ser\u00eda una decisi\u00f3n muy meditada con la familia.<\/p>\n<p>P.- \u00bfCu\u00e1l crees que ha sido tu mejor a\u00f1o?<\/p>\n<p>R.- Fue probablemente en el Real Madrid, y despu\u00e9s mi a\u00f1o en M\u00f3naco.<\/p>\n<p>P.- \u00bfQuienes crees que van a ser los jugadores decisivos en la Selecci\u00f3n?<\/p>\n<p>R.- Como he dicho antes, Villa y Silva. <\/p>\n","protected":false},"excerpt":{"rendered":"<p>El Valencia pierde sus opciones de alzarse con la liga, pero le consuela su puesto de champions. El 9 de junio se enfrentan al Levante, pero antes hay cita con la selecci\u00f3n y Morientes se lo pierde por lesi\u00f3n. El delantero ch\u00e9 ha charlado con los lectores sobre la importancia de los dos partidos que decidir\u00e1n la clasificaci\u00f3n de Espa\u00f1a para la Eurocopa y el final de la liga. <\/p>\n","protected":false},"author":1,"featured_media":0,"comment_status":"open","ping_status":"open","sticky":false,"template":"","format":"standard","meta":{"footnotes":""},"categories":[],"tags":[],"class_list":["post-1198","post","type-post","status-publish","format-standard","hentry"],"_links":{"self":[{"href":"https:\/\/intervius.com\/index.html\/wp-json\/wp\/v2\/posts\/1198","targetHints":{"allow":["GET"]}}],"collection":[{"href":"https:\/\/intervius.com\/index.html\/wp-json\/wp\/v2\/posts"}],"about":[{"href":"https:\/\/intervius.com\/index.html\/wp-json\/wp\/v2\/types\/post"}],"author":[{"embeddable":true,"href":"https:\/\/intervius.com\/index.html\/wp-json\/wp\/v2\/users\/1"}],"replies":[{"embeddable":true,"href":"https:\/\/intervius.com\/index.html\/wp-json\/wp\/v2\/comments?post=1198"}],"version-history":[{"count":0,"href":"https:\/\/intervius.com\/index.html\/wp-json\/wp\/v2\/posts\/1198\/revisions"}],"wp:attachment":[{"href":"https:\/\/intervius.com\/index.html\/wp-json\/wp\/v2\/media?parent=1198"}],"wp:term":[{"taxonomy":"category","embeddable":true,"href":"https:\/\/intervius.com\/index.html\/wp-json\/wp\/v2\/categories?post=1198"},{"taxonomy":"post_tag","embeddable":true,"href":"https:\/\/intervius.com\/index.html\/wp-json\/wp\/v2\/tags?post=1198"}],"curies":[{"name":"wp","href":"https:\/\/api.w.org\/{rel}","templated":true}]}}