{"id":1192,"date":"2007-05-28T00:00:00","date_gmt":"2006-11-06T00:00:00","guid":{"rendered":"https:\/\/intervius.com\/index.html\/?p=1192"},"modified":"2006-11-06T00:00:00","modified_gmt":"2006-11-06T00:00:00","slug":"Rosa_Aguilar1192","status":"publish","type":"post","link":"https:\/\/intervius.com\/index.html\/Rosa_Aguilar1192\/","title":{"rendered":"Rosa Aguilar"},"content":{"rendered":"<p>Pregunta.- Cordoba debe seguir siendo el reflejo del buen hacer de la izquierda, pero \u00bfa qu\u00e9 se deben los resultados del PP en C\u00f3rdoba?<\/p>\n<p>Respuesta.- Se deben a que ha habido una abstenci\u00f3n casi 6 puntos por encima de 2003, y ha sido una abstenci\u00f3n de voto de izquierda, el PP se ha visto beneficiado, la derecha siempre tiene un voto que participa y la izquierda tiene un voto que a veces se queda en casa y \u00e9sto se paga, al PP le ha beneficiado la abstenci\u00f3n. Teniendo en cuenta que el PP tiene los mismos votos que hace 4 a\u00f1os, pr\u00e1cticamente no ha ganado casi nada. A pesar de eso, sigue habiendo una mayor\u00eda de izquierdas en C\u00f3rdoba y otro dato desde 1993 salvo en 2003 siempre ha sido la fuerza mayoritaria en la ciudad el PP, lo que pasa es que la izquierda hemos tenido m\u00e1s votos y m\u00e1s concejales. <\/p>\n<p>P.- \u00bfNo cree que Izquierda Unida depende mucho de lo bien o mal que lo haga el PSOE? <\/p>\n<p>R.- Bueno creo que IU en estos momentos tiene que hacer una seria reflexi\u00f3n consigo misma y sacar conclusiones en t\u00e9rminos de organizaci\u00f3n y pol\u00edtica. No creo que IU sea un refugio de votantes socialistas desencantados , hay que tener en cuenta que el PSOE tiene mucho voto prestado de IU, y hay que ver c\u00f3mo podemos recuperar ese voto para impulsar una pol\u00edtica de izquierdas y por qu\u00e9 no de di\u00e1logo con el PSOE. No se pueden olvidar los 500.000 votos en las pasadas generales de voto \u00fatil que se fueron al PSOE, tenemos que plantearnos poder recuperar esos votos.<\/p>\n<p>P.- \u00bfTemi\u00f3 en alg\u00fan momento poder perder la alcald\u00eda? Muchas gracias y enhorabuena por revalidar su cargo. <\/p>\n<p>R.- Muchas gracias a ti. La verdad es que no he temido en ning\u00fan momento perder la alcald\u00eda, est\u00e1 por encima de todo el trabajo y compromiso y eso es lo que a m\u00ed me importa, la alcald\u00eda es una consecuencia de ese trabajo de ese modelo de ciudad sustentado en princ\u00edpios y valores que estamos desarrollando ahora iniciamos una nueva etapa, un nuevo camino donde el di\u00e1logo espero que lleve a un acuerdo de contenidos, que permita dar el impulso definitivo al cambio inicado en C\u00f3rdoba, porque para nosotros nuestra ciudad est\u00e1 en primer lugar y cualquier acuerdo pasa por dar una respuesta a la ciudad y a la ciudadan\u00eda, estamos hablando de contenido sobre proyectos de nuetsra ciudad, ah\u00ed vamos y en esa perpectiva dialogamos, pensando en C\u00f3rdoba.<\/p>\n<p>P.- \u00bfNo cree que ser\u00eda l\u00f3gico y hasta m\u00e1s democr\u00e1tico, que gobernase la lista m\u00e1s votada?<\/p>\n<p>R.- Democr\u00e1tico tambi\u00e9n es que gobiernen los partidos que obtienen mayor\u00eda absoluta, todo est\u00e1 dentro de la legalidad, es normal y razonable que si en esta ciudad hay una mayor\u00eda absoluta de izquierda, pues se pueden poner de acuerdo en contenidos y desarrollar un programa com\u00fan de gobierno. Lo importante es mirar a la ciudadan\u00eda y ciudad no se trata de distribuir concejal\u00edas, se trata de hacer proyectos, es absolutamente democr\u00e1tico y todas las fuerzas pol\u00edticas no practican. Porque interpretado al contrario podr\u00eda decirse que es poco democr\u00e1tico que no gobierne la mayor\u00eda absoluta de los concejales, siempre y cuando haya un programa de gobierno que mire a los ciudadanos.<\/p>\n<p>P.- Despu\u00e9s de que el PP quede a las puertas de la mayor\u00eda absoluta y tras la bajada de su partido, \u00bfvolver\u00e1 a ser alcaldesa y si es as\u00ed, gobernar\u00e1 de la misma forma?<\/p>\n<p>R.- La verdad es que hemos gobernado de la mano de los ciudadanos, la participaci\u00f3n ciudadana es un referente, si es eso a lo que te refieres s\u00ed seguiremos gobernando de la misma forma, hemos sido pioneros y seguiremos as\u00ed, la participaci\u00f3n ciudadana es esencial y fundamental. En esa medida lo que si te puedo decir Fran es que quiero que analicemos de manera rigurosa las causas de la abstenci\u00f3n porque seguro que hay errores que he cometido, y quiero aprender bien la lecci\u00f3n para no cometerlos y poner remedio a esta causa que tiene unas consecuencias negativas porque de la abtenci\u00f3n se beneficia el PP. Y adem\u00e1s porque me preocupa, y es un elemento que se confirma, que un sector joven no haya ido a votar, me preocupa a presente y a futuro porque ni quiero ni me gusta que la juventud se aleje de la vida pol\u00edtica, tenemos que poner el remedio adecuado, no s\u00f3lo por mi parte sino todas las fuerzas pol\u00edticas tenemos este reto y desaf\u00edo.<\/p>\n<p>P.- Buenos d\u00edas Rosa, La izquierda en general pienso que tiene mucho m\u00e1s potencial electoral que lo que suele demostrar en las convocatorias. Me gustar\u00eda saber su opini\u00f3n al respecto. \u00bfPor qu\u00e9 la izquierda est\u00e1 esta siempre bajo el martillo de la abstenci\u00f3n? \u00bfCu\u00e1l puede ser el motivo? Muchas gracias.<\/p>\n<p>R.- En el caso de C\u00f3rdoba han concurrido algunas causas, termin\u00e1bamos la feria y eso ha incidido, pero no debe ser la excusa para dejar de analizar todo lo dem\u00e1s. Creo que la conciencia cr\u00edtica que tenemos las personas de izquierda nos lleva a veces a castigar no concurriendo a votar y eso ha ocasionado que muchos lugares acabe ganando el PP. Hay muchas ciudadanas y ciudadanos que no van a votar a nadie y se quedan en casa, es la forma que tienen de expresas su desacuerdo, en Espa\u00f1a tenemos muchos ejemplos, y esa conciencia cr\u00edtica nos tiene tambi\u00e9n que hacer reflexionar si esa es la forma de mostrar el desacuerdo. En C\u00f3rdoba hay personas que daban por hecho que gan\u00e1bamos y se han marchado el fin de semana o se han quedado en casa. Y no me cabe duda que hay cosas que se han hecho mal y tenemos que rectficar, por ello pedimos perd\u00f3n e intentaremos poner remedio. Hay una que la subrayo y es que los j\u00f3venes se quedan en casa sobre todo los que tienen la conciencia m\u00e1s cr\u00edtica, algo estaremos haciendo mal que no sabemos responderles, eso me importa y me preocupa mucho.<\/p>\n<p>P.- Soy andaluz, IU apenas sube en ning\u00fan sitio, en Sevilla y C\u00f3rdoba donde gobernaban bajan, y donde no gobiernan el voto catigo al poder va al partido grande, PSOE o PP, no a IU, \u00bfqu\u00e9 electorado pretende atraer IU en esta situaci\u00f3n? Porque parece que la estrategia de ca\u00f1a al PP y benevolencia con el PSOE no parece lo m\u00e1s apropiado.<\/p>\n<p>R.- Aqu\u00ed hay dos cuestiones claras una que no es bueno que cada elecci\u00f3n se fomente m\u00e1s el bipartidismo porque si la pluralidad no se hace realidad estamso condenados a que en la pol\u00edtca de estado participen los partidos nacionalistas y eso no es bueno ni conveniente. Creo que IU tiene que hacer una reflexi\u00f3n profunda y sabiendo dialogar con el PSOE haga que nuestra organizaci\u00f3n tenga car\u00e1cter propio y tender la mano a la izquierda y a esos j\u00f3venes cr\u00edticos, IU tiene que ser su referente. Necesitamos una organizaci\u00f3n cohesionada porque si no pierdes credibilidad ante la sociedad. Y ocn una actitud clara, diciendo que no vamos a dejar que pase la derecha, vamos a dialogar con el PSOE para pol\u00edticas de IU. <\/p>\n<p>P.- Repasando los resultados descubro que suele haber trasvase de votos entre PP y PSOE, mientras que IU se mantiene muy estable un pel\u00edn a la baja. Mi conclusi\u00f3n es que IU tiene un electorado exigente, y que IU no &#8220;recoge&#8221; votos que pierden otros partidos, sino que tiene que crear su propio electorado, que suele ser m\u00e1s cr\u00edtico y es un voto m\u00e1s f\u00e1cil de perder si se falla. \u00bfCree que la estrategia de pactos con PSOE puede favorecer un crecimiento real de IU?<\/p>\n<p>R.- Los acuerdos con el PSOE si Iu se organiza bien y deja clara su pol\u00edtcia y perfil sin lugar a duda eso te puede hacer avanzar, otra cosa es si no hay organizaci\u00f3n y no hay perfil propio el problema no es el acuerdo si no es resolver el problema interno adecuadamente. Aqu\u00ed como fuerza pol\u00edtcia hay que ganar credibilidad y en IU tiene que haber un referente pol\u00edtico serio, consistente y fuerte. Creo que ha llegado un momento en el que se ha demostrado que falta cohesi\u00f3n para dar fortaleza al proyecto pol\u00edtico que representamos o nos sentamos y hay un proyecto serio en t\u00e9rminos de Estado y una organizaci\u00f3n unida, porque estamos generando dudas a las ciudadan\u00eda.<\/p>\n<p>P.- Tanto PP como PSOE practicamente han mantenido los mismos resultados que en 2003, 15000 votos menos para IU no creo que sea directamente aplicable a la abstenci\u00f3n \u00bfqu\u00e9 debe mejorar IU al frente del Ayuntamiento ?<\/p>\n<p>R.- En primer lugar tenemos que mejorar, que de manera autocr\u00edtica asumo, es que no hemos informado a la ciudadan\u00eda de todo lo que se est\u00e1 haciendo en el Ayuntamiento. El canal de la informaci\u00f3n no ha funcionado debidamente bien y hay que mejorarlo sustancialmente y soy consciente que en el pr\u00f3ximo mandato hay tres proyectos: el aeropuerto, el palacio del Sur y el recinto ferial. Y visibilizar una cosa clara, en nuestra pol\u00edtica en t\u00e9rminos de empleo y vivienda, aunque sean competencias de la comunidad aut\u00f3noma. Hay un espacio que es la pol\u00edtica medioambiental, se han quedado cosas en el tintero porque hemos tenido que preparar el plan de la sierra y se ha culminado el avance de ese plan. Ha sido un mandato que hemos ejecutado y planificado, lo planificado se ha podido entender como una deficiencia pero hab\u00eda que hacerlo. El plan de la sierra ha sido uno de ellos que nos va a permitir desalambrar caminos vallados y ocupados de nuestra ciudad, no lo hemos podido ejecutar. <\/p>\n","protected":false},"excerpt":{"rendered":"<p>Rosa Aguilar vuelve a revalidar el cargo, aunque esta vez necesitar\u00e1 el apoyo del PSOE para mantenerse en el bast\u00f3n de mando. C\u00f3rdoba es la \u00fanica capital de provincia en la que Izquierda Unida gobierna aunque ha perdido dos de sus 13 concejales en favor del PP. A pesar de la p\u00e9rdida de apoyo en el consistorio de C\u00f3rdoba, IU ha cuajado unas elecciones en las que ha incrementado su apoyo en Espa\u00f1a. <\/p>\n","protected":false},"author":1,"featured_media":0,"comment_status":"open","ping_status":"open","sticky":false,"template":"","format":"standard","meta":{"footnotes":""},"categories":[],"tags":[],"class_list":["post-1192","post","type-post","status-publish","format-standard","hentry"],"_links":{"self":[{"href":"https:\/\/intervius.com\/index.html\/wp-json\/wp\/v2\/posts\/1192","targetHints":{"allow":["GET"]}}],"collection":[{"href":"https:\/\/intervius.com\/index.html\/wp-json\/wp\/v2\/posts"}],"about":[{"href":"https:\/\/intervius.com\/index.html\/wp-json\/wp\/v2\/types\/post"}],"author":[{"embeddable":true,"href":"https:\/\/intervius.com\/index.html\/wp-json\/wp\/v2\/users\/1"}],"replies":[{"embeddable":true,"href":"https:\/\/intervius.com\/index.html\/wp-json\/wp\/v2\/comments?post=1192"}],"version-history":[{"count":0,"href":"https:\/\/intervius.com\/index.html\/wp-json\/wp\/v2\/posts\/1192\/revisions"}],"wp:attachment":[{"href":"https:\/\/intervius.com\/index.html\/wp-json\/wp\/v2\/media?parent=1192"}],"wp:term":[{"taxonomy":"category","embeddable":true,"href":"https:\/\/intervius.com\/index.html\/wp-json\/wp\/v2\/categories?post=1192"},{"taxonomy":"post_tag","embeddable":true,"href":"https:\/\/intervius.com\/index.html\/wp-json\/wp\/v2\/tags?post=1192"}],"curies":[{"name":"wp","href":"https:\/\/api.w.org\/{rel}","templated":true}]}}