{"id":1183,"date":"2007-05-22T00:00:00","date_gmt":"2006-11-06T00:00:00","guid":{"rendered":"https:\/\/intervius.com\/index.html\/?p=1183"},"modified":"2006-11-06T00:00:00","modified_gmt":"2006-11-06T00:00:00","slug":"Alfredo_Sanchez_Monteseirin1183","status":"publish","type":"post","link":"https:\/\/intervius.com\/index.html\/Alfredo_Sanchez_Monteseirin1183\/","title":{"rendered":"Alfredo S\u00e1nchez Monteseir\u00edn"},"content":{"rendered":"<p>Pregunta.- \u00bfRepresenta Vd. a la derecha del PSOE?<\/p>\n<p>Respuesta.- M\u00e1s bien no.Y con el tiempo no crea que he cambiado mucho. <\/p>\n<p>P.- \u00bf piensa volver a pactar con izquierda unida aunuqe no le sea necesario para gonernar? creo importante que lo haga para que el ayuntamiento sea de verdad un ayuntamiento de izquierdas fuerte.<\/p>\n<p>R.- Depende de lo que signifique necesario.Si lo es para la ciudad,s\u00ed,como ahora ocurre,aunque yo no lo necesite.<\/p>\n<p>P.- hola, alfredo. \u00bfser\u00edas partidario de que en Sevilla capital, la RTV p\u00fablica y auton\u00f3mica andaluza pusiese en marcha una nueva sede para unificar todos los servicios que la RTVA presta desde varias sedes ubicadas en la provincia de Sevilla?<\/p>\n<p>R.- Estoy madurando esa propuesta desde hace tiempo y creo que est\u00e1 al caer.<\/p>\n<p>P.- Vaya desde aqu\u00ed mi solidaridad por la lucha de los empleados de TUSSAM. En tiempos en los que s\u00f3lo importa el dinero, ellos luchan por la defensa de su Convenio y del empleo de CALIDAD. \u00bfPor qu\u00e9 permiti\u00f3 la negociaci\u00f3n CCOO-UGT y su posterior acuerdo sin la anuencia del LEG\u00cdTIMO comit\u00e9 de empresa?<\/p>\n<p>R.- Ellos luchan para que se despida a 11 trabajadores:una huelga ins\u00f3lita,inaudita,insolidaria,incomprensible para la clase obrera.<\/p>\n<p>P.- Alcalde, \u00bfc\u00f3mo cree que va el plan integral del Pol\u00edgono Sur y si cree que llegar\u00e1 a buen t\u00e9rmino en los plazos marcados?<\/p>\n<p>R.- Si no es as\u00ed no ser\u00e1 por falta de entrega al proyecto de todos los que hemos apostado por \u00e9l <\/p>\n<p>P.- Se\u00f1or Monteseir\u00edn, mi pregunta es la siguiente: Teniendo en cuenta la grave crisis institucional que sufre la entidad deportiva m\u00e1s representativa de Andaluc\u00eda, el Real Betis Balompi\u00e9, estar\u00eda usted dispuesto a mediar para que el Se\u00f1or Lopera abandonase definitivamnete el Club? Muchas gracias<\/p>\n<p>R.- No me corresponde esa mediaci\u00f3n.<\/p>\n<p>P.- Se volver\u00e1 a presentar Sevilla como candidata a los juegos olimpicos mientras lo siga intentando Madrid??<\/p>\n<p>R.- No.Pero s\u00ed a otros grandes acontecimientos deportivos mundiales,preferentemente futbol\u00edsticos,aprovechando el gran momento internacional del Sevilla.Aparte del Eurobasket de septiembre con los golden boys.<\/p>\n<p>P.- Cree usted que en Sevilla y en general en Andaluc\u00eda existe una buena oposici\u00f3n que haga que nuestros pricipales candidatos sean mejores? Por qu\u00e9 no se ve esa guerra dial\u00e9ctica pol\u00edtica entre los candidatos andaluces como ocurre en grandes ciudades y comunidades?<\/p>\n<p>R.- En todas part4es cuecen habas.<\/p>\n<p>P.- \u00bfa qu\u00e9 cree que se debe el desplome del PA?, \u00bftermin\u00f3 el reinado de los se\u00f1oritos? y, con respecto al PP: cree que la gente est\u00e1 cansada de crispaci\u00f3n e insulto facil\u00f3n como receta?.Gracias. Un sevillano en el extranjero<\/p>\n<p>R.- La crispaci\u00f3n y el insulto terminan pag\u00e1ndose en credibilidad y confianza.<\/p>\n<p>P.- \u00bfCree que el proyecto del tranv\u00eda se paralizar\u00eda si gobernara el PP? gracias<\/p>\n<p>R.- Parar\u00edan la ciudad entera como hicieron tras la Expo 92<\/p>\n<p>P.- \u00bfCual es el motivo del continuo retraso e incluso la no presencia de policia local ante el requerimiento de los ciudadanos?No se trata de hechos puntuales, sino de una actitud constantel, especialmente en incidencias de aparcamiento o ruidos<\/p>\n<p>R.- La falta end\u00e9mica de policia nacional que oblig\u00f3 a dedicarla a suplirla durante la epoca del PP.Ahora podremos descentralizarla y acercarla m\u00e1s a los barrios.Ya hemos empezado por varios distritos. <\/p>\n<p>P.- \u00bfHasta cu\u00e1ndo se va a permitir la suciedad que provocan los coches de caballos?<\/p>\n<p>R.- En cuanto lleguen los &#8220;dodotis&#8221; encargados,se acbar\u00e1 esa suciedad. <\/p>\n<p>P.- Me gustar\u00eda saber qu\u00e9 lugar ocupa el \u00e1rea de Patrimonio Hist\u00f3rico dentro de su campa\u00f1a pol\u00edtica y qu\u00e9 medidas emprender\u00e1 en su posible futura legislatura<\/p>\n<p>R.- Central.En mi campa\u00f1a y en mi gesti\u00f3n.Hemos salvado la catedral.Crearemos una Comisi\u00f3n Municipal de Patrimonio para vigilar nuesrtros programas de protecci\u00f3 ya en marcha.<\/p>\n<p>P.- Segun un estudio reciente, Sevilla es la segunda ciudad mas sucia de Espa\u00f1a. \u00bfFalta educacion y sensibilizacion por parte de los ciudadanos o simplemente es que se limpia poco? <\/p>\n<p>R.- Limpiar se limpia m\u00e1s y con m\u00e1s medios humanos y t\u00e9cnicos que nunca.Pero no estoy contento.Habr\u00e1 que seguir ampliando &#8230;y educando.<\/p>\n<p>P.- \u00bfQue le parece el exceso de funcionarios en el ayuntamiento?<\/p>\n<p>R.- No hay tal. <\/p>\n<p>P.- \u00bfteme usted la perdida de la alcald\u00eda?<\/p>\n<p>R.- NO<\/p>\n<p>P.- Alcalde, \u00bfque va a hacer usted en materia de seguridad ciudadana? \u00bfVamos a poder pasear tranquilamente por las calles o aparcar nuestros coches sin preocupaciones? Creo que es un tema prioritario en Sevilla.<\/p>\n<p>R.- Mejorar la organizaci\u00f3n de la Polic\u00eda Local con m\u00e1s comisar\u00edas de distrito&#8230;y seguir exigiendo m\u00e1s Polic\u00eda Nacional.<\/p>\n<p>P.- Con respecto a la Ley &#8220;Antibotell\u00f3n&#8221; \u00bfSe va a aplicar como en los primeros d\u00edas, con incluso brutalidad policial desmedida?\u00bfO se va a seguir siendo sensatos como en los este \u00faltimo mes previo a las elecciones cuando se est\u00e1n permitiendo las peque\u00f1as y nada problem\u00e1ticas concentraciones de j\u00f3venes?\u00bfSe va a proceder definitivamente a crear un botell\u00f3dromo? De ser as\u00ed \u00bfD\u00f3nde? Porque en La Cartuja tendr\u00eda poco \u00e9xito.<\/p>\n<p>R.- Equilibrio entre el derecho al descanso y el derecho a divertirse.La Banqueta ser\u00e1 una buena soluci\u00f3n,ya ver\u00e1s cajista.<\/p>\n<p>P.- Alcalde, los sevillanos estamos muy contentos con el trabajo que usted y su equipo de gobierno han hecho con la ciudad, \u00bf cree que en la pr\u00f3xima legislatura, nuestro mejor alcalde de la democracia, tiene equipo suficiente ( lista ) para poner a Sevilla a la cabeza de las ciudadades europoeas ?<\/p>\n<p>R.- Voy sobrao.<\/p>\n<p>P.- Como comerciante de la calle o\u00b4donnell y todos los de la calle le apoyamos en su programa de peatonalizaci\u00f3n del centro, sin embargo esa calle sigue sufriendo el paso indiscriminado de motos,provocando ya numerosos accidentes y la imagen tercermundista de una calle tan emblematica y comercial como es la calle o\u00b4donnell<\/p>\n<p>R.- Hablar\u00e9 con la P.Local<\/p>\n<p>P.- Sr. Monteseir\u00edn, \u00bf por qu\u00e9 su partido no ha cerrado filas con usted si ha sido uno de los alcaldes socialistas m\u00e1s votados de Espa\u00f1a?<\/p>\n<p>R.- Sueles escuchar a ZP y Chaves? Hazlo.<\/p>\n<p>P.- La movilidad por la ciudad es un caos.\u00bfc\u00f3mo pretente fomentar la intermodalidad en el uso del transporte interurbano?\u00bfCual es su pol\u00edtica para incentivar a los sevillanos a que usen la bici como medio de transporte diario? Enorabuena por las obras de peatonalizaci\u00f3n y por proyectos de calidad como el Metropol Parasol. <\/p>\n<p>R.- Con la red completa del metro,el cercan\u00edas,los aparcamientos disuasorios,el carril bus y el carril bici&#8230;y con mucha paciencia.<\/p>\n<p>P.- \u00bfCuando dejaremos los jovenes sevillanos de formar parte de esa gran mayor\u00eda de jovenes llamados mileuristas, para formar parte de esos jovenes capaces de competir con cualquiera de otra comunidad o pais sin problemas de llegar a fin de mes?<\/p>\n<p>R.- Si se preparan bien pronto:75.000 empleos de calidad se van a crear en Sevilla en los pr\u00f3ximos cuatro a\u00f1os.<\/p>\n<p>P.- \u00bfPuede decirnos cu\u00e1les son sus ingresos como alcalde?. \u00bfEstar\u00eda dispuesto a renunciar a una parte de sus ingresos para dedicarlos a obras sociales? Muchas gracias.<\/p>\n<p>R.- Alrededor de \u00b73.000 euros al mes.Y ya hago lo que me dices.<\/p>\n<p>P.- Sr. alcalde, me gustar\u00eda saber si en su programa electoral incluye alg\u00fan punto para fortalecer el sector tecn\u00f3logico de la industria sevillana, y tambi\u00e9n si a preve iniciativas para potenciar Sevilla como centro de investigaci\u00f3n cient\u00edfica. muchas gracias<\/p>\n<p>R.- M\u00edrate la web www.sevilla2007.psoeandaluc\u00eda.com<\/p>\n<p>P.- Le parece justo que el gobierno autonomico y central invierta mas en Sevilla que en el resto de Andalucia???<\/p>\n<p>R.- No es as\u00ed.En M\u00e1laga los medios del PP dicen EXCTAMENTE LO CONTRARIO.<\/p>\n<p>P.- \u00bfQu\u00e9 le parece la propuesta del PP sobre un teleferico Sevilla-Tomares?<\/p>\n<p>R.- Preciosa:vistas panor\u00e1micas <\/p>\n<p>P.- \u00bfSe har\u00e1 especial atenci\u00f3n a las necesidades de los estudiantes que durante la mayor parte del a\u00f1o vivimos aqu\u00ed en Sevilla (bonobus, alojamientos&#8230;) aunque no estemos empadronados?<\/p>\n<p>R.- Asociaros y venid a verme unaq comisi\u00f3n.Hablaremos.<\/p>\n<p>P.- \u00bfque tipo de metro van a hacer en Sevilla?\u00bfen superficie o subterraneo? sea claro y mojese, yo votare en consecuencia<\/p>\n<p>R.- Tal como se dise\u00f1\u00f3:parte y parte.<\/p>\n<p>P.- Sr. Alcalde, no vivo en sevilla pero trabajo en sevilla y como cualquier sevillano conocemos los problemas tremendos que tenemos de tr\u00e1fico por cualquier entrada a Sevilla. \u00bfPorque no dejan de ensanchar la A-49?, lo \u00fanico que hace con eso es ensanchar el embudo en el que se convierte cada d\u00eda Camas. Sistemas alternativos como autobuses con buenos horarios (creame sepa lo que ledigo), cercanias, o construyen mas entradas a la ciudad, Es tan dificil? <\/p>\n<p>R.- Sr. Alcalde, no vivo en sevilla pero trabajo en sevilla y como cualquier sevillano conocemos los problemas tremendos que tenemos de tr\u00e1fico por cualquier entrada a Sevilla. \u00bfPorque no dejan de ensanchar la A-49?, lo \u00fanico que hace con eso es ensanchar el embudo en el que se convierte cada d\u00eda Camas. Sistemas alternativos como autobuses con buenos horarios (creame sepa lo que ledigo), cercanias, o construyen mas entradas a la ciudad, Es tan dificil? <\/p>\n<p>P.- con la cantidad y calidad de bailarines sevillanos(no de flamenco) que existen y a cada a\u00f1o m\u00e1s, qu\u00e9 piensa hacer? que se sigan marchando fuera como hasta ahora para triunfar? para cuando un centro coreogr\u00e1fico que situe a Sevilla a la cabeza de Espa\u00f1a en cuanto a danza contempor\u00e1nea y con nombre en Europa?<\/p>\n<p>R.- Y el CAT ?<\/p>\n<p>P.- Cu\u00e1ntos a\u00f1os m\u00e1s se va a presentar usted como alcalde? Luego pasar\u00e1 a la Junta?<\/p>\n<p>R.- Me gusta ser Alcalde de Sevilla.<\/p>\n<p>P.- Que tiene que decir sobre el caso de las facturas falsas.<\/p>\n<p>R.- Lo que digan los jueces<\/p>\n<p>P.- Buenos d\u00edas\/tardes: Mi pregunta es sencilla, \u00bfQu\u00e9 hacemos en Sevilla con los &#8220;canis? La imagen que esta gente da a Sevilla es muy penosa&#8230; sin contar con los aparcacoches \u00bfPor qu\u00e9 tengo que dar todas las ma\u00f1anas al mismo rumano 1 euros a cambio de que no me ralle el coche? \u00bfPor qu\u00e9 tengo que darle el dinero delante de la polic\u00eda sin que \u00e9sta haga nada? Esto es un desastre&#8230;<\/p>\n<p>R.- Aplicarles la nueva Ordenanza Antivand\u00e1lica recientemente aprobada por el Ayuntamiento de Sevilla.B\u00fascala en la Red.<\/p>\n","protected":false},"excerpt":{"rendered":"<p>Alfredo S\u00e1nchez Monteseir\u00edn se presenta a la reelecci\u00f3n como alcalde de la capital hispalense al frente de la candidatura del partido socialista y, seg\u00fan todas las estad\u00edsticas, repetir\u00e1 mandato cuatro a\u00f1os m\u00e1s. El alcalde de Sevilla ha charlado con los lectores sobre sus propuestas electorales.<\/p>\n","protected":false},"author":1,"featured_media":0,"comment_status":"open","ping_status":"open","sticky":false,"template":"","format":"standard","meta":{"footnotes":""},"categories":[],"tags":[],"class_list":["post-1183","post","type-post","status-publish","format-standard","hentry"],"_links":{"self":[{"href":"https:\/\/intervius.com\/index.html\/wp-json\/wp\/v2\/posts\/1183","targetHints":{"allow":["GET"]}}],"collection":[{"href":"https:\/\/intervius.com\/index.html\/wp-json\/wp\/v2\/posts"}],"about":[{"href":"https:\/\/intervius.com\/index.html\/wp-json\/wp\/v2\/types\/post"}],"author":[{"embeddable":true,"href":"https:\/\/intervius.com\/index.html\/wp-json\/wp\/v2\/users\/1"}],"replies":[{"embeddable":true,"href":"https:\/\/intervius.com\/index.html\/wp-json\/wp\/v2\/comments?post=1183"}],"version-history":[{"count":0,"href":"https:\/\/intervius.com\/index.html\/wp-json\/wp\/v2\/posts\/1183\/revisions"}],"wp:attachment":[{"href":"https:\/\/intervius.com\/index.html\/wp-json\/wp\/v2\/media?parent=1183"}],"wp:term":[{"taxonomy":"category","embeddable":true,"href":"https:\/\/intervius.com\/index.html\/wp-json\/wp\/v2\/categories?post=1183"},{"taxonomy":"post_tag","embeddable":true,"href":"https:\/\/intervius.com\/index.html\/wp-json\/wp\/v2\/tags?post=1183"}],"curies":[{"name":"wp","href":"https:\/\/api.w.org\/{rel}","templated":true}]}}