{"id":1182,"date":"2007-05-21T00:00:00","date_gmt":"2006-11-06T00:00:00","guid":{"rendered":"https:\/\/intervius.com\/index.html\/?p=1182"},"modified":"2006-11-06T00:00:00","modified_gmt":"2006-11-06T00:00:00","slug":"Jose_Antonio_Martinez_Serrano1182","status":"publish","type":"post","link":"https:\/\/intervius.com\/index.html\/Jose_Antonio_Martinez_Serrano1182\/","title":{"rendered":"Jos\u00e9 Antonio Mart\u00ednez Serrano"},"content":{"rendered":"<p>Pregunta.- Nuestros sectores tradicionales (calzado, textil,&#8230;) sucumben ante las importaciones chinas. \u00bfNo habr\u00eda que proteger nuestros productos si no queremos correr el riesgo de acabar con la econom\u00eda valenciana? <\/p>\n<p>Respuesta.- Proteger la industria ya se hizo en Espa\u00f1a y el resultado fue hambre y miseria. La competencia siemre ha favorecido nuestra prosperidad, por tanto, lo \u00fanico que no hay que hacer es recurrir a la protecci\u00f3n. La industria valenciana no se va a hundir por la competencia internacional, pero en nuestra comunidad no se podr\u00e1n realizar tareas simples. La industria tradicional valenciana no la cierra los chinos, sino la industria y los servicios valenciano de mayor productividad. Y esto no es malo. Al contrario, es el signo del progreso.<\/p>\n<p>P.- \u00bfHay vida m\u00e1s all\u00e1 del ladrillo para la Comunidad Valenciana?<\/p>\n<p>R.- El ladrillo representa aproximadamente el 11% de la producci\u00f3n y el 14 % del empleo en la Comunidad Valencina. \u00a1 Mira si queda vida fuera de el! En la Comunidad el sector que garantiza una mayor properidad es el de servicios, ya que es el que tiene un mayor NIVEL de productividad. Cada d\u00eda surgen nuevas actividades (muchas de ellas vinculadas a los servicios) que son nuestra principal fuente de prosperidad. Por tanto, cuando pase la fiebre del ladrillo queda mucha actividad productiva con pilares firmes. Sobre todo si se confirma que las dificultades m\u00e1s serias que ha atravesado la industria comienzan a superarse.<\/p>\n<p>P.- \u00bfQu\u00e9 nuevos retos plantea la econom\u00eda a los valencianos?<\/p>\n<p>R.- El reto es adaptarse a un continuo cambio en las estructuras productivas en respuesta a una demanda nacional e intenacional cambiante y a un capitalimo global como nunca lo hemos tenido desde 1914. Esto es un reto fundamentalmente empresarial a lo que los pol\u00edticos \u00fanicamente pueden colaborar favoreciendo un marco institucional (fiscal, laboral, financiero,..) que no obstaculice los cambios.<\/p>\n<p>P.- \u00bfLo del I+D no es un poco mito?<\/p>\n<p>R.- Depende como lo miere. Desde el siglo XIX las sociedades que han prosperado lo han hecho incorporando nuevas tecnologias propias o ajenas, por tanto nuestra prosperidad depende de que sigamnos incorporando nuevas tecnologias, aunque no la inventesmo nosotros.La I+D no es la solucion a todos los problemas y los pol\u00edticos europeos se llenan la boca de este t\u00e9rmino como la soluci\u00f3n m\u00e1gica. Los pol\u00edticos norteamericanos no hablan tanto de ello, pero nosotros vivimos de su tecnologia.<\/p>\n<p>P.- Las grandes superficies proliferan. \u00bfHa muerto el peque\u00f1o comercio?<\/p>\n<p>R.- Las grandes superficies han proliferado menos de lo que ellos desean y, por eso, el grado de competencia en el sector no es muy intensa. Esta es una asignatura pendiente: abrir el sector a una rivalidad empresarial m\u00e1s intensa. Ni el Gobierno central ni el Gobierno auton\u00f3mico parecen interesado en ello y el resultado es que el nivel de vida de los valencanos es menor de lo posible por la ausencia de un mayor n\u00famero de grandes superficies comerciales. La prueba es que el sector alimentaci\u00f3n ha conseguido aumentar significativamente sus margenes de beneficios en perjuicio del consumidor.<\/p>\n<p>P.- \u00bfC\u00f3mo se podr\u00eda solucionar el problema de los agricultores?<\/p>\n<p>R.- El problema de los agricultores se solucionar\u00e1 cuando se pueda eliminar la actual PAC y el sector desarrolle plenamente sus potencialidades en el marco internacional. Para ello se requerir\u00e1 tambien una reorganizaci\u00f3n en grandes explotaciones agrarias. No creo que la peque\u00f1a explotacion tenga ning\u00fan futuro<\/p>\n<p>P.- Hola se\u00f1or serrano; QUiero preguntarle por uno de los argumentos del miedo que usa reiteradamente el PP\u00bfEs verdad que exprime econ\u00f3micamente Zapatero a las comunidades gobernadas por el PP?<\/p>\n<p>R.- No creo que esta afirmaci\u00f3n sea cierta. Quiz\u00e1 un a\u00f1o u otro se invierta m\u00e1s o menos pero los compromisos p\u00fablicos van un poco por encima de estas mezquindades.<\/p>\n<p>P.- \u00bfCree usted que la gesti\u00f3n realizada por zaplana y camps favorece m\u00e1s a determinados sectores o personas en concreto?\u00bfhan aumentado o disminuido las diferencias sociales en Valencia con el PP?<\/p>\n<p>R.- No creo que la acci\u00f3n interventora de las autridades valencianas puedan ser tan potentes como para favorecer a unos sectores u otros. En una econopm\u00eda de mercado quien manda es la demanda que ejercemos millones de personas en nuestras decisiones cotidianas y los empresarios que saben detectar las tendencias de la demanda y adaptarse son los que se benefician. Las autoridades podr\u00e1n benefiar a una emresa frente a otras en sus contratos, pero nada mas. Las diferenmcias sociales no se han agrandado en lso \u00faltimos a\u00f1os. M\u00e4s bien al contrario, debido al fuerte aumento del empleo. <\/p>\n<p>P.- Por que el empresariado valenciano es tan poco dado a inverir en I+D, e inform\u00e1tica. Como quitar la mentalidad de que la inform\u00e1tica es un gasto?<\/p>\n<p>R.- Si el enmpresario no invierte en I+D ser\u00e1 porque no aprecia su rentabilidad. TEngamos en cuenta que muchas empresas valencianas son de tama\u00f1o peque\u00f1o y est\u00e1n en sectores tradicionales. No creo que en estos casos sea muy rentable invertir en I+D. Lo importante es que las empresas que nacen se orienten hacia actividades m\u00e1s sofisticadas tecnol\u00f3gicamentre<\/p>\n<p>P.- \u00bfpodr\u00eda indicarnos la situaci\u00f3n real de las finanzas p\u00fablicas? Desde el punto de vista econ\u00f3mico \u00bf que repercusi\u00f3n pueden tener todos los fastos que se est\u00e1n celebrando en los \u00faltimos meses en Valencia? Grcias.<\/p>\n<p>R.- La Generalitat Valenciana ha gastado importantes cantidades de dinero en servicios p\u00fablicos y en eventos diversos. A mi personalmente no me parece mal esta estrategia. Al contrario, creo que ha sido una fuente importante de generar actividad y, adem\u00e1s, de completar el tipo de turismo que ten\u00edamos hasta ahora, ya que est\u00e1 surgiendo con fuerza el turismo urbano. Por otro lado el grado de endeudamiento, aun siendo relativamente elevado en comparaci\u00f3n con otras regiones, no me parece excesivo. Adem\u00e1s, han hecho bien: en \u00e9pocas de bajos tipos de inter\u00e9s hay que endeudarse y ahorar cuando suban los tipo (al igual que hacen las familias)<\/p>\n<p>P.- \u00bfAfectar\u00e1 a la econom\u00eda valenciana la retirada de fondos europeos?<\/p>\n<p>R.- La Comunidad Valenciana ha recibido un elevado volumen de recursos comunitarios y ello ha favorecido la modernizaci\u00f3n de nuestras infraestructras de todo tipo. La progresiva eliminaci\u00f3n afectar\u00e1 seriamente si no es compensado por un mayor esfuerzo inversor regional o nacional. Por ello, es urgente que las autoridades se sensibilicen ante el reto que se avecina y comiencen a reorientar el presupuesto p\u00fablico hacia las infraestructuras, sobre todo teniendo en cuenta el gran aumento de poblaci\u00f3n y actividad que se ha registrado desd el inicio de siglo. De no ser as\u00ed puede surgir un estrangulamiento para nuestra prosperidad<\/p>\n<p>P.- Buenas tardes, \u00bfcomo cree que afectaria a la economia valenciana el cierre de la planta de Ford en Almusafes?? \u00bfcree que la economia de la comunidad deberia de depender tanto de las grandes empresas??? Muchisimas gracias por su atenci\u00f3n<\/p>\n<p>R.- No parece que la Ford se vaya a cerrar por ahora, pero puede estar seguro que alg\u00fan d\u00eda puede ocurrir. La verdad no me preocupa mucho. La econom\u00eda valenciana no depende apenas de las grades empresas, por lo que cuando se marche los problemas ser\u00e1n m\u00ednimos.<\/p>\n<p>P.- \u00bfHasta qu\u00e9 punto el turismo no es una riqueza vol\u00e1til?<\/p>\n<p>R.- El turismo es tan volatil como la Ford, el mueble o los azulejos. La volatilidad de una actividad productiva no la imprime la actividad, sino la demanda y por ahora es m\u00e1s fiel la demanda de turismo que la de muebles o la de cualquier otro producto industrial. El turismo, si sabe adaptarse a los cambios en la demanda puede ser muy estable. Pero esto requiere actuaciones que no siempre se co0mparte en la sociedad. Por ejemplo, hay una gran demada de campos de golf y numerosos empresarios dispuestos a construirlos, pero nuestras autoridades deniegan sistem\u00e1ticamente su construcci\u00f3n. DA la impresi\u00f3n de que las autoridades quieren que se produzca lo que no se demanda y que deje de producirse lo que se demanda.<\/p>\n<p>P.- Viendo el trabajo que tenemos los j\u00f3venes le preguntar\u00e9 por el futuro\u00bfSer\u00e1 la comunidad un territorio basado \u00fanicamente en el sector servicios?<\/p>\n<p>R.- En las econom\u00e1s avanzadas en torno al 80 % de los puestos de trabajo nuevos son en el sector servicios. As\u00ed espero que acabe ocurriendo en la econom\u00e1 valenciana. Y esto es muy positivo ya que el sector servicios es el que tiene mayor n ivel de productividad y, por tanto, puede pagar mayores sueldos. Por tanto sus probabilidades de que trabaje en servicios son muy elevadas y con un poco de suerte es el sector donde podr\u00e1 obtener una mayor remuneraci\u00f3n.<\/p>\n<p>P.- Hola Jos\u00e9 Antonio; todav\u00eda no han declarado cu\u00e1nto costar\u00e1 la habilitaci\u00f3n del puerto de Valencia para el circuito de Formula Uno, \u00bfCree que compensar\u00e1? y sobre todo, \u00bfes seguro el sectro tur\u00edstico como para basar toda la econom\u00eda de una ciudad en ese sector?<\/p>\n<p>R.- Yo creo que hacer la Formula Uno urbana puede ser un acontecimiento interesante. No se si atrer\u00e1 o no mucho tur\u00edsmo directamente, pero estoy convencido que indirectamente si lo traer\u00e1. La ciudad de Valencia nunca ha sido una ciudad muy tur\u00edstica, ahora comienza a serlo y todavia en escasa medida. Acaontecimientos comno estos que se\u00f1ala quiza ayuden a su consolidaci\u00f3n. Por otra parte no se preocupe por el coste de esos eventos, si no se lo gastan en esto en otra coas pero ser\u00e1.<\/p>\n","protected":false},"excerpt":{"rendered":"<p>La estructura econ\u00f3mica de la Comunitat, uno de los cap\u00edtulos electorales que menos difieren en los programas electorales de los principales partidos. Sin embargo, uno de los sectores tradicionales de la Comunitat, la agricultura, vive uno de sus momentos m\u00e1s cr\u00edticos. Adem\u00e1s, las ayudas de la Uni\u00f3n Europea se han acabado este a\u00f1o. El modelo econ\u00f3mico emprendido por Camps, precedido por Zaplana, potencia, en exceso para algunos, el sector servicios. Este profesor de Econom\u00eda Aplicada ha analizado la situaci\u00f3n econ\u00f3mica que deja la \u00faltima legislatura de Francisco Camps.<\/p>\n","protected":false},"author":1,"featured_media":0,"comment_status":"open","ping_status":"open","sticky":false,"template":"","format":"standard","meta":{"footnotes":""},"categories":[],"tags":[],"class_list":["post-1182","post","type-post","status-publish","format-standard","hentry"],"_links":{"self":[{"href":"https:\/\/intervius.com\/index.html\/wp-json\/wp\/v2\/posts\/1182","targetHints":{"allow":["GET"]}}],"collection":[{"href":"https:\/\/intervius.com\/index.html\/wp-json\/wp\/v2\/posts"}],"about":[{"href":"https:\/\/intervius.com\/index.html\/wp-json\/wp\/v2\/types\/post"}],"author":[{"embeddable":true,"href":"https:\/\/intervius.com\/index.html\/wp-json\/wp\/v2\/users\/1"}],"replies":[{"embeddable":true,"href":"https:\/\/intervius.com\/index.html\/wp-json\/wp\/v2\/comments?post=1182"}],"version-history":[{"count":0,"href":"https:\/\/intervius.com\/index.html\/wp-json\/wp\/v2\/posts\/1182\/revisions"}],"wp:attachment":[{"href":"https:\/\/intervius.com\/index.html\/wp-json\/wp\/v2\/media?parent=1182"}],"wp:term":[{"taxonomy":"category","embeddable":true,"href":"https:\/\/intervius.com\/index.html\/wp-json\/wp\/v2\/categories?post=1182"},{"taxonomy":"post_tag","embeddable":true,"href":"https:\/\/intervius.com\/index.html\/wp-json\/wp\/v2\/tags?post=1182"}],"curies":[{"name":"wp","href":"https:\/\/api.w.org\/{rel}","templated":true}]}}