{"id":11654,"date":"2013-10-10T00:00:00","date_gmt":"2006-11-06T00:00:00","guid":{"rendered":"https:\/\/intervius.com\/index.html\/?p=11654"},"modified":"2006-11-06T00:00:00","modified_gmt":"2006-11-06T00:00:00","slug":"Carlos_Boyero_11654","status":"publish","type":"post","link":"https:\/\/intervius.com\/index.html\/Carlos_Boyero_11654\/","title":{"rendered":"Carlos Boyero"},"content":{"rendered":"<p>Pregunta.- Hoy sabremos el nombre del ganador del Nobel de Literatura. Si dependiera de su voto, \u00bfa qui\u00e9n se lo dar\u00eda?<\/p>\n<p>Respuesta.- Philip Roth. Y es una l\u00e1stima que el grandioso \u00c1lvaro Mutis haya muerto sin \u00e9l. Como tantos otros escritores geniales. Pero no nos quejemos. Se lo dieron a Jacinto Benavente y a Echegaray, que como todos saben son cl\u00e1sicos que perduran eternamente. Me acaban de informar que se lo han dado a Alice Munro. No la he le\u00eddo. Opiniones fiables me aseguran que es excelente. Aunque Almod\u00f3var la homenajee en algunos de sus engendros.<\/p>\n<p>P.- Hola Carlos, \u00bfte gustan las comedias rom\u00e1nticas? Este viernes estrenan Una Cuesti\u00f3n de Tiempo, que me atrae bastante. Mi comedia rom\u00e1ntica favorita es Annie Hall<\/p>\n<p>R.- Solo las buenas. Que no son demasiadas. Billy Wilder sab\u00eda mucho de eso. Sus comedias pod\u00edan ser tan amargas como rom\u00e1nticas. Una cuesti\u00f3n de tiempo la dirige Richard Curtis, que escribi\u00f3 el guion de la deliciosa Cuatro bodas y un funeral. <\/p>\n<p>P.- \u00bfEs usted m\u00e1s de dulce o de salado? <\/p>\n<p>R.- De ambas cosas. De carne y de pescado. Pero le informo de que soy heterosexual. Y siempre me ha sonado muy raro y muy moderno eso de la bisexualidad. Eso que me pierdo.<\/p>\n<p>P.- Buenos dias. Hace poco le lei que Ud. no se questiona nunca nada ni a si mismo. Permitame que no me lo crea : yo creo que se tiraba el pisto con su personaje. SIn embargo, le agradeceria que me confirmase si es cierto porque si es el caso dejar\u00e9 de leerle hoy mismo. Gracias y perdon por la falta de tildes.<\/p>\n<p>R.- No s\u00e9 lo que son las tildes. \u00bfMe considera tan idiota como para no cuestionarme nunca nada, incluida mi egregia persona? Deje usted hoy mismo de leerme. La vida est\u00e1 llena de sorpresas y de nuevos conocimientos. No pierda el tiempo conmigo.<\/p>\n<p>P.- Hola Carlos. \u00bfCu\u00e1les son los actores espa\u00f1oles j\u00f3venes que m\u00e1s te gustan? Un saludo<\/p>\n<p>R.- Nausicaa Bon\u00edn, Michelle Jenner, Marian \u00c1lvarez, Alex Gonz\u00e1lez. Y otros que imperdonablemente olvido.<\/p>\n<p>P.- Ahora que se est\u00e1 hablando tanto de Salinger, \u00bfpor qu\u00e9 crees que fue tan influyente %u201CEl guardi\u00e1n entre el centeno%u201D, hasta el punto que algunos obsesos llegaran a tales extremos?<\/p>\n<p>R.- Imagino que al tarado que se carg\u00f3 a Lennon no le gustaba El guardi\u00e1n entre el centeno por las mismas razones que a m\u00ed. Pero Salinger no es solo esa novela. Sus cuentos son verdaderamente inquietantes. Lea Nueve cuentos, Franny y Zooey y Levantad, carpinteros, la viga maestra. Aunque el \u00faltimo en las nuevas traducciones me cuentan que se titula Levantad, carpinteros, la viga del tejado.<\/p>\n<p>P.- \u00bfEs &#8220;Prisoners&#8221; una gran pel\u00edcula que ser\u00e1 ninguneada con toda seguridad en los Oscars?<\/p>\n<p>R.- \u00bfEs usted adivino? \u00bfPodr\u00eda contarme cu\u00e1ndo acabar\u00e1 la estancia que me fue concedida en la Tierra? Prisioneros me parece una negr\u00edsima y buena pel\u00edcula. \u00bfSer\u00eda yo capaz de torturar incesantemente a un presunto culpable si creyera que ha podido raptar a mi hijo? Las respuesta me desasosiega en caso afirmativo y en caso negativo. Como no tengo hijos, me escapo del dilema.<\/p>\n<p>P.- \u00bfConociste la discoteca %u201CPiper%u201D de Salamanca \u00a1qu\u00e9 antro %u2026pero qu\u00e9 m\u00fasica, qu\u00e9 recuerdos\u00a1 %u2026te hablo de hace m\u00e1s de treinta a\u00f1os.<\/p>\n<p>R.- Recuerdo resacas tan frecuentes como monstruosas gracias a esa discoteca. Tambi\u00e9n algunos encuentros gratos con extra\u00f1os en la noche. Sospecho que adem\u00e1s de esa m\u00fasica y ese alcohol, usted tambi\u00e9n recuerda algunos polvos gloriosos. Y no me refiero a los blancos. A principios de los setenta, cuando yo la frecuent\u00e9, todav\u00eda no flu\u00eda la coca. Te conformabas con el whisky y la ginebra. Los porros daban hambre y mucha risa. Ya no.<\/p>\n<p>P.- \u00bfQu\u00e9 tendr\u00eda que pasar para que los cines pusieran sus proyecciones a un precio m\u00e1s econ\u00f3mico? Supongo, que si no hay low cost de los cine ser\u00e1 por algo. <\/p>\n<p>R.- Los cines est\u00e1n cerrando. La semana pasada lo hizo el Renoir Cuatro Caminos. Va a costar encontrar salas que proyecten en versi\u00f3n original. Los cin\u00e9filos que viven fuera de Madrid y de Barcelona ya no tendr\u00e1n que envidiarnos. Hay bastantes empresarios que vend\u00edan cine como podr\u00edan haber vendido salchichones. Su desprecio hacia el espectador era intolerable. Pero otros muchos no, ten\u00edan criterio y vocaci\u00f3n. Se me pone un nudo en la garganta cuando cierran cines. O tiendas de discos (\u00bfqueda alguna fuera de las grandes superficies?). O librer\u00edas de barrio. Me va a resultar dif\u00edcil sobrevivir en un mundo en el que las pel\u00edculas se pueden ver en el m\u00f3vil, leer libros en una m\u00e1quina, no tener discos ni cd de m\u00fasica.<\/p>\n<p>P.- Ha poco v\u00ed &#8220;La caza&#8221;, es de esas pel\u00edculas que se te queda en la cabeza durante unos d\u00edas, y nos hace pensar en c\u00f3mo reaccionariamos en la misma situaci\u00f3n. Has visto &#8220;La celabraci\u00f3n&#8221;, \u00bfme la recomiendas?<\/p>\n<p>R.- No s\u00e9 si se refiere usted a la pel\u00edcula de Saura o a la de Vitenberg. Las dos son muy buenas.<\/p>\n<p>P.- Carlos, tengo un blog de cine, pero nadie me escucha, \u00bfC\u00f3mo consigo notoriedad?<\/p>\n<p>R.- Aunque no he escrito un blog jam\u00e1s, sospecho que soy uno de los inventores del g\u00e9nero, que lo llevo haciendo desde hace 36 a\u00f1os. O sea, escribiendo un diario d\u00eda a d\u00eda que siempre se ha publicado en papel. Y por supuesto, ha tenido un eco grande. Aunque fuera para llamarme hijoputa. No s\u00e9 c\u00f3mo se consigue la notoriedad. En mi caso es gen\u00e9tico. Es que me dibujaron as\u00ed.<\/p>\n<p>P.- Buenas Carlos. Como contestar\u00edas a la lectura del ministro de hacienda acerca de los problemas del cine espa\u00f1ol?<\/p>\n<p>R.- Le preguntar\u00eda a Montoro por la calidad de los ministros. De la casta pol\u00edtica. Est\u00e1n subvencionados a perpetuidad por nosotros, por los eternamente puteados, gracias a la calidad cerebral de corruptos, ladrones, incompetentes y necios.<\/p>\n<p>P.- Por qu\u00e9 casi nunca vemos en las pel\u00edculas estornudar, rascarse, sonarse, bostezar, decir que me di\u00f3 un tir\u00f3n, buscando al mosquito cojonero por la noche&#8230;o discuparse por un pedo, como en la vida misma? <\/p>\n<p>R.- \u00bfAspira usted a un cine que sea igual que la vida misma, incluida la escatolog\u00eda? Perd\u00f3neme porque yo prefiera la enso\u00f1aci\u00f3n. Y tampoco le hago ascos al realismo. Al inteligente, por supuesto.<\/p>\n<p>P.- Muchas veces has comentado que ves series en Blu-Ray o DVD. A finales de Noviembre estar\u00e1 disponible la \u00faltima temporada de Breaking Bad. \u00bfEscribir\u00e1s algo sobre este &#8220;monumento&#8221; cuando acabes con ella?<\/p>\n<p>R.- Anoche vi seis cap\u00edtulos de la tercera temporada de Treme, que lamentablemente desaparece. Es muy bonito ver c\u00f3mo David Simon comprende y quiere a sus personajes, la m\u00fasica, la supervivencia de los que se conformaban con poco y lo perdieron. Pero les queda la m\u00fasica. Eso no se lo puede quitar nadie. Al igual que usted, anhelo ser testigo del desenlace de Breaking bad. Cuando dice usted que estar\u00e1 disponible en noviembre, quiero pensar que se refiere a que el Blu-ray o el DVD estar\u00e1 en las tiendas. As\u00ed es como yo veo las series. Y le juro que al igual que los ni\u00f1os, mareo a los empleados de la FNAC, preg\u00fant\u00e1ndoles todos los d\u00edas cu\u00e1ndo van a salir mis series favoritas. Es curioso, no busco pel\u00edculas, sino series. Jam\u00e1s hubiera pensado que esa cosa tan bastarda y boba llamada televisi\u00f3n iba a producir a partir del a\u00f1o 2000 el mejor cine que se puede ver en una pantalla.<\/p>\n<p>P.- Hola, Carlos Cu\u00e1l ser\u00eda el peor castigo que te podr\u00edan imponer? Abrazos<\/p>\n<p>R.- O\u00edr y ver permanentemente a los pol\u00edticos y a los curas de cualquier religi\u00f3n, viajar diariamente en Iberia (cada vez que escucho eso de por causas ajenas a nuestra voluntad el vuelo se ha retrasado, o sea lo que escucho cada vez que viajo, me asaltan impulsos homicidas), que volviera Mourinho al Madrid, que perdiera el amor de la gente que quiero, que me volviera m\u00e1s tonto de lo que estoy.<\/p>\n","protected":false},"excerpt":{"rendered":"<p>El cr\u00edtico de cine y columnista hablar\u00e1 con los lectores de pel\u00edculas, literatura, f\u00fatbol y todo lo imaginable.<br \/>\nM\u00e1s entrevistas digitales<\/p>\n","protected":false},"author":1,"featured_media":0,"comment_status":"open","ping_status":"open","sticky":false,"template":"","format":"standard","meta":{"footnotes":""},"categories":[],"tags":[],"class_list":["post-11654","post","type-post","status-publish","format-standard","hentry"],"_links":{"self":[{"href":"https:\/\/intervius.com\/index.html\/wp-json\/wp\/v2\/posts\/11654","targetHints":{"allow":["GET"]}}],"collection":[{"href":"https:\/\/intervius.com\/index.html\/wp-json\/wp\/v2\/posts"}],"about":[{"href":"https:\/\/intervius.com\/index.html\/wp-json\/wp\/v2\/types\/post"}],"author":[{"embeddable":true,"href":"https:\/\/intervius.com\/index.html\/wp-json\/wp\/v2\/users\/1"}],"replies":[{"embeddable":true,"href":"https:\/\/intervius.com\/index.html\/wp-json\/wp\/v2\/comments?post=11654"}],"version-history":[{"count":0,"href":"https:\/\/intervius.com\/index.html\/wp-json\/wp\/v2\/posts\/11654\/revisions"}],"wp:attachment":[{"href":"https:\/\/intervius.com\/index.html\/wp-json\/wp\/v2\/media?parent=11654"}],"wp:term":[{"taxonomy":"category","embeddable":true,"href":"https:\/\/intervius.com\/index.html\/wp-json\/wp\/v2\/categories?post=11654"},{"taxonomy":"post_tag","embeddable":true,"href":"https:\/\/intervius.com\/index.html\/wp-json\/wp\/v2\/tags?post=11654"}],"curies":[{"name":"wp","href":"https:\/\/api.w.org\/{rel}","templated":true}]}}