{"id":11651,"date":"2013-10-07T00:00:00","date_gmt":"2006-11-06T00:00:00","guid":{"rendered":"https:\/\/intervius.com\/index.html\/?p=11651"},"modified":"2006-11-06T00:00:00","modified_gmt":"2006-11-06T00:00:00","slug":"Luis_Milla11651","status":"publish","type":"post","link":"https:\/\/intervius.com\/index.html\/Luis_Milla11651\/","title":{"rendered":"Luis Milla"},"content":{"rendered":"<p>Pregunta.- Le recomendarias a los jugadores jovenes (17 a 23 a\u00f1os)que no tienen oportunidades de jugar en el primer equipo emigrar a los Emiratos Arabes?, y por que?<\/p>\n<p>Respuesta.- Pregunta dificil. Es una liga emergente llevan solamente 5 a\u00f1os de profesionalismo y aqui buscan a jugadores extranjeros contrastados. En Espa\u00f1a e europa es donde mejor pueden crecer los jovenes. <\/p>\n<p>P.- Al ser tu uno de los pioneros en el sistema de juego de Cruyff, ahora tan reconocido y que tantos frutos ha dado (Mundial y Eurocopas) \u00bf No sientes decepci\u00f3n por no haber estado en la Selecci\u00f3n (de Clemente) en tu \u00e9poca de jugador ? <\/p>\n<p>R.- Me siento afortunado de haber estado en el Barcelona de Cruyff por lo que supuso para mi carrera. En aquella epoca habia mucha competencia en el puesto donde jugaba. No tenia mucho que ver el perfil que buscaba Cruyff con el de Clemente.<\/p>\n<p>P.- \u00bfPor qu\u00e9 elegiste jugar con los veteranos del Bar\u00e7a en vez de con los del Madrid?<\/p>\n<p>R.- Tenia mucha relacion de amistad con ex-jugadores de mi epoca del Barcelona y tambien fueron los pimeros en llamarme para jugar con ellos.<\/p>\n<p>P.- \u00bfQu\u00e9 4 de los que ha tenido el Bar\u00e7a se parece m\u00e1s a ti?<\/p>\n<p>R.- Para jugar en ese puesto tienes que tener unas condiciones muy marcadas, pero me veo mas identificado con Busquets.<\/p>\n<p>P.- \u00bfTienes en mente la llegada de alg\u00fan jugador espa\u00f1ol m\u00e1s a Al-Jazira?<\/p>\n<p>R.- De momento hemos fichado a Nelson Valdez y Barrada de la liga Espa\u00f1ola. Ya tenemos el cupo de extranjeros cubierto. Estamos muy contentos con ellos.<\/p>\n<p>P.- Crees que se podr\u00eda jugar un Mundial en Catar en verano?<\/p>\n<p>R.- Imposible!!!! Ya aqui en los Emiratos hace mas de 48 grados en verano.<\/p>\n<p>P.- \u00bfCrees que Morata est\u00e1 capacitado para ser el delantero titular del Real Madrid?<\/p>\n<p>R.- Ha demostrado que tiene condiciones, pero no se le puede poner today la presion ni responsabilidad y hay que darle sus momentos sobre el terreno de juego. Es un muy buen jugador de futuro y presente.<\/p>\n<p>P.- \u00bfLe viene bien a Deulofeu jugar una temporada en el Everton?<\/p>\n<p>R.- Le viene sensacional. Vendra mas maduro, seguro que durante la temporada ira disputando mas minutos. <\/p>\n<p>P.- Deber\u00eda ser Vald\u00e9s el portero titulasr de la Selecci\u00f3n en lugar de Casillas? No ves raro que Diego L\u00f3pez no vaya convocado?<\/p>\n<p>R.- Vicente tiene unas jerarquias en el equipo pero no cabe duda que si Casilla sigue sin jugar de titular y Valdez sigue en este nivel, el seleccionador se lo tendra que plantear igual que la posibilidad de llamar a Diego Lopez.<\/p>\n<p>P.- \u00bfque puede llevar a un entrenador joven y que ha tenido algun existo como tu a irse a Al Jazira?es que solo entiendo la parte economica.Me resulta dificil d creer que no pudieras estar en un sitio mas competitivo.<\/p>\n<p>R.- Esta es una experiencia fantastic. Me parece bien tu pregunta. Salgo de la federacion en agosto con todos los equipos cerrados y a mi me vino esta oportunidad y queria vivir esta experiencia en un club, que es diferente a la de seleccionador.<\/p>\n<p>P.- Como ves la situacion del Real Madrid , ha esta altura de la temporada , y porque el real madrid no apuestas por tecnicos espanoles , muchas gracias un abrazo.<\/p>\n<p>R.- Normal dentro de que han venido jugadores nuevos y un tecnico con ideas nuevas. Lo normal es que el Atletico y Barcelona tenga mas ventajas sobre el Madrid porque sus ideas estan mas asentadas.<\/p>\n<p>P.- Hola Luis,que recuerdos te trae en el Madrid la competencia que tenias con Fernando Redondo para haceros con el puesto de mediocentro y que destacar\u00edas de esa etapa en el club merengue? un saludo cordial.<\/p>\n<p>R.- Tengo un gran recuerdo de ese a\u00f1o porque ganamos la liga y dentro de esa competencia creo que jugamos los 2 muchos partidos y el que salio beneficiado fue el equipo.<\/p>\n<p>P.- \u00bfQu\u00e9 crees que fall\u00f3 en los Juegos de Londres?<\/p>\n<p>R.- Es una fecha dificil para el futbol espa\u00f1ol. Solo tuvimos 18 dias de preparacion y los chicos venian de una temporada muy larga. Recuerdo que Japon llevaba dos meses y medio de preparacion en el primer partido que jugamos contra ellos. No me gusta hablar de excusas pero quizas no tocamos la tecla como en el Europeo de Dinamarca.<\/p>\n<p>P.- Le a llamado a supuerta alguno de los grandes de la liga espa\u00f1ola<\/p>\n<p>R.- Quizas, pero no debia estar en casa. Ya me gustaria!!!<\/p>\n<p>P.- Al ser aragon\u00e9s y de Teruel, \u00bf Por qu\u00e9 no jugaste en el Real Zaragoza ?<\/p>\n<p>R.- Me hubiera gustado pero en su dia con 17 a\u00f1os no me vieron capacitado. Dijieron que era poca cosa.<\/p>\n<p>P.- Qu\u00e9 te parece la convocatoria de Michu a la Selecci\u00f3n?<\/p>\n<p>R.- Me parece muy bien. Es Swansea esta jugando muy bien y creo que hay jugadores espa\u00f1oles que estan jugando a un nivel alto y podrian tocar la seleccion.<\/p>\n<p>P.- Si tu fueras seleccionador absoluto, \u00bfconvocar\u00edas a Diego Costa?<\/p>\n<p>R.- Si se da la reglamentacion y el chico esta convencido no veo ningun inconveniente.<\/p>\n<p>P.- Cuando Del Bosque se vaya tras el Mundial, quien deber\u00eda ser el nuevo seleccionador??<\/p>\n<p>R.- Es un tema que a mi no me ata\u00f1e, pero lo bueno es que hay grandes entrenadores espa\u00f1oles.<\/p>\n<p>P.- Ola. Me gustaria usted como ve las siguientes generaciones espa\u00f1olas y si ve un recambio de garantias para la roja. Muchas gracias<\/p>\n<p>R.- Veo recambio de garantias y que las generaciones vienen bien trabajadas desde abajo pero ganar las competiciones grandes es dificil, pero el sello de identidad esta garantizada.<\/p>\n<p>P.- Hola luis mi pregunta seria \u00bfCual seria el once del R.Madrid que tu pondrias?Gracias<\/p>\n<p>R.- Hay muchas combinaciones y una gran plantilla pero para mi gusto no me hubiera desecho de Ozil.<\/p>\n<p>P.- \u00bfCrees que Diego Costa podr\u00eda estropear la imagen que tiene la selecci\u00f3n espa\u00f1ola?<\/p>\n<p>R.- Yo creo que no. Es un jugador que esta en un gran momento de forma y con mucha personalidad y con mucho gol sobretodo.<\/p>\n<p>P.- Hola Milla cuando stabas en l seleccion convocaste a algun jugador del Tenerife <\/p>\n<p>R.- Ahora mismo no lo recuerdo, pero por mi forma de entender el futbol buscaba siempre los mejores. <\/p>\n<p>P.- En el Barcelona, daba gusto verte jugar, por qu\u00e9 en el Real Madrid no se vio a ese jugador ?? Posici\u00f3n ?? Sistema ??<\/p>\n<p>R.- Yo estuve muy a gusto en el Barcelona y en el Madrid tambien tuve momentos muy buenos, pero si que es verdad que por estilo de juego me venia mejor la forma de jugar del Barcelona.<\/p>\n","protected":false},"excerpt":{"rendered":"<p>Tras cinco a\u00f1os de seleccionador de las categor\u00edas inferiores de la selecci\u00f3n espa\u00f1ola, Luis Milla prueba ahora en el banquillo del Al-Jazira en Emiratos \u00c1rabes Unidos. Este lunes a las 14:00 horas contestar\u00e1 todas las pregutas de los lectores de AS.com<\/p>\n","protected":false},"author":1,"featured_media":0,"comment_status":"open","ping_status":"open","sticky":false,"template":"","format":"standard","meta":{"footnotes":""},"categories":[],"tags":[],"class_list":["post-11651","post","type-post","status-publish","format-standard","hentry"],"_links":{"self":[{"href":"https:\/\/intervius.com\/index.html\/wp-json\/wp\/v2\/posts\/11651","targetHints":{"allow":["GET"]}}],"collection":[{"href":"https:\/\/intervius.com\/index.html\/wp-json\/wp\/v2\/posts"}],"about":[{"href":"https:\/\/intervius.com\/index.html\/wp-json\/wp\/v2\/types\/post"}],"author":[{"embeddable":true,"href":"https:\/\/intervius.com\/index.html\/wp-json\/wp\/v2\/users\/1"}],"replies":[{"embeddable":true,"href":"https:\/\/intervius.com\/index.html\/wp-json\/wp\/v2\/comments?post=11651"}],"version-history":[{"count":0,"href":"https:\/\/intervius.com\/index.html\/wp-json\/wp\/v2\/posts\/11651\/revisions"}],"wp:attachment":[{"href":"https:\/\/intervius.com\/index.html\/wp-json\/wp\/v2\/media?parent=11651"}],"wp:term":[{"taxonomy":"category","embeddable":true,"href":"https:\/\/intervius.com\/index.html\/wp-json\/wp\/v2\/categories?post=11651"},{"taxonomy":"post_tag","embeddable":true,"href":"https:\/\/intervius.com\/index.html\/wp-json\/wp\/v2\/tags?post=11651"}],"curies":[{"name":"wp","href":"https:\/\/api.w.org\/{rel}","templated":true}]}}