{"id":1159,"date":"2007-05-25T00:00:00","date_gmt":"2006-11-06T00:00:00","guid":{"rendered":"https:\/\/intervius.com\/index.html\/?p=1159"},"modified":"2006-11-06T00:00:00","modified_gmt":"2006-11-06T00:00:00","slug":"Javier_Torrens1159","status":"publish","type":"post","link":"https:\/\/intervius.com\/index.html\/Javier_Torrens1159\/","title":{"rendered":"Javier Torrens"},"content":{"rendered":"<p>Pregunta.- Buenos d\u00edas se\u00f1or Torrens. Ha hablado de la creaci\u00f3n de un ente metropolitano, pero no me queda claro \u00bfen qu\u00e9 consistir\u00eda y sobre todo, por qu\u00e9 cree que es necesario? Muchas gracias<\/p>\n<p>Respuesta.- Pamplona tiene un t\u00e9rmino municipal muy peque\u00f1o y ha agotado su capacidad de desarrollo urban\u00edstico. La ciudad real es un continuo, que se extiende a los municipios de alrededor, donde cada uno organiza su territorio a su manera. Esto crea disfunciones en las infraestructuras, en las dotaciones, incluso, en la seguridad ciudadana. Resulta urgente acometer la creaci\u00f3n de un ente metropolitano, con competencias de planeamiento, dejando el urbanismo de desarrollo a los diversos ayuntamientos. Este ente metropolitano se sit\u00faa entre el Gobierno de Navarra y los ayuntamientos, y debe contar con financiaci\u00f3n propia, enlazada con la Carta de Capitalidad de Pamplona.<\/p>\n<p>P.- Hola. \u00bfQu\u00e9 beneficios nos ofrece una hipot\u00e9tica alcald\u00eda del PSOE? \u00bfQu\u00e9 balance hace del mandato de Yolanda Barcina? Usted , como arquitecto, \u00bfpodr\u00eda garantizar el crecimiento y las mejoras urban\u00edsticas y arquitect\u00f3nicas en la ciudad?<\/p>\n<p>R.- El Partido Socialista representa la opci\u00f3n progresista y moderada que necesita Pamplona, frente al bloque de la derecha, entregado a la pol\u00edtica de crispaci\u00f3n del PP y que s\u00f3lo quiere mantenerse en el poder, y al bloque nacionalista, de nueva imagen, que pretende ocultar su origen variopinto y se ofrece como la \u00fanica alternativa, queriendo suplantar nuestro espacio pol\u00edtico. La se\u00f1ora Barcina representa un ciclo ya acabado, en el que ha habido un d\u00e9ficit importante en pol\u00edticas sociales y en participaci\u00f3n ciudadana. Una nueva legislatura de UPN-PP s\u00f3lo supondr\u00eda ahondar en la fractura social en la que este partido se ha embarcado en los \u00faltimos meses y con la que ha pretendido dividir a los ciudadanos, algo que no hab\u00eda ocurrido jam\u00e1s. Pamplona tiene por delante un desarrollo importante, ligado a la implantaci\u00f3n de la estaci\u00f3n del Tren de Alta Velocidad, que va a traer el Ministerio de Fomento. El plan incluye m\u00e1s de 8.000 viviendas, que regenerar\u00e1n el barrio de Echavacoiz. Por otra parte, proponemos una serie de dotaciones en edificios de gran valor arquitect\u00f3nico, como el Museo de la ciudad, la Casa de la Moneda del Reyno de Navarra y la creaci\u00f3n de un gran equipamiento cultural en el centro funcional de la ciudad: el Centro de Arte y Cultura Contempor\u00e1nea, en el solar de la antigua estaci\u00f3n de autobuses.<\/p>\n<p>P.- \u00bfCree que Navarra es mooneda de cambio en las presuntas conversaciones con ETA y que alg\u00fan d\u00eda formar\u00e1 parte del Pais Vasco?\u00bfCree que peligra la unidad espa\u00f1ola?<\/p>\n<p>R.- Navarra nunca ha estado en ninguna mesa de negociaci\u00f3n, algo que hemos reiterado en repetidas ocasiones desde el Partido Socialista. Por nuestra parte, ni ha existido peligro ni existir\u00e1 jam\u00e1s ninguna aventura pol\u00edtica que modifique el estatus actual de Navarra como comunidad hist\u00f3rica, propia y diferenciada, ligada a Espa\u00f1a. En este sentido, quiero recordarle el manifiesto firmado recientemente por toda la lista del PSN-PSOE al Parlamento de Navarra.<\/p>\n<p>P.- Muchos navarros no nos creemos que si usted llegase a gobernar gracias al apoyo de los nacionalistas de Nafarroa Baiz defender\u00eda la integridad y autonom\u00eda de Navarra frente al anexionismo imperialista euskaldun. \u00bfCelebraria un referendum sobre la anexion de Navarra?<\/p>\n<p>R.- Quiero recordarle que, en estos momentos, nuestro \u00fanico inter\u00e9s pasa por conseguir los mejores resultados posibles el pr\u00f3ximo domingo, con los que liderar un cambio tranquilo en Pamplona y en Navarra. As\u00ed conseguiremos impulsar las pol\u00edticas sociales, la movilidad sostenible, la seguridad ciudadana y otros aspectos que el Gobierno actual ha descuidado. Hablar ahora de posibles pactos o acuerdos es poco menos que querer condicionar el sentido de los votos de los ciudadanos, en beneficio de los que buscan mantenerse en el poder o aspirar a conseguirlo. El PSN garantiza la integridad y autonom\u00eda de Navarra frente a proyectos desintegradores. Respecto al refer\u00e9ndum, reitero el manifiesto firmado por la lista electoral al Parlamento, en sentido contrario a alg\u00fan tipo de anexi\u00f3n.<\/p>\n<p>P.- Quitando los 10 d\u00edas de San Ferm\u00edn, \u00bfno le da la sensaci\u00f3n de que Pamplona es una ciudad aburrida, fr\u00eda y cerrada?<\/p>\n<p>R.- En los \u00faltimos a\u00f1os, Pamplona ha visto languidecer su tradicional esp\u00edritu cr\u00edtico y participativo; muchos colectivos sociales y culturales se quejan repetidamente de la aton\u00eda y grisura de esta ciudad en los \u00faltimos tiempos. Pamplona debe abrirse a la modernidad cultural, debe colocarse en las agendas del turismo cultural y de los eventos a nivel nacional e interancional. Pamplona es mucho m\u00e1s que los 9 (le recuerdo que son 9 y no 10) d\u00edas de San Ferm\u00edn. Precisamente, hemos lanzado una campa\u00f1a con el lema P+k9, para reivindicar que el esp\u00edritu de acogida, de alegr\u00eda y de creatividad que suponen los Sanfermines se extienda a todo el resto del a\u00f1o. Pamplona debe ser una ciudad abierta, social y participativa, moderna e innovadora. Debe ser referencia de convivencia e integraci\u00f3n social, donde todos caben y nadie sobra.<\/p>\n<p>P.- \u00bfSu partido apoyar\u00e1\/adoptar\u00e1 medidas de ense\u00f1anza obligatoria del vasco\/euskera o su ultizacion obligatoria en los servicios publicos (y por tanto la necesidad de conocer la lengua por los empleados municipales etc)? <\/p>\n<p>R.- Nuestra pol\u00edtica ling\u00fc\u00edstica se basa en atender la demanda real existente en la sociedad navarra. Esto incluye la ense\u00f1anza en castellano, en euskera y en otros idiomas comunitarios. Nunca impondremos una ense\u00f1anza exclusiva en un determinado idioma. Creemos en la diversidad social y cultural, y en el derecho de las personas a elegir el idioma en el que quieren expresarse. Consideramos que el idioma es un instrumento de comunicaci\u00f3n para el entendimiento y no para la divisi\u00f3n.<\/p>\n<p>P.- Javier,- Quisiera conocer tus propuestas concretas para el casco viejo y saber si para ti ocupa un lugar prioritario.<\/p>\n<p>R.- He nacido y vivido en el Casco Viejo, y sigo trabajando en \u00e9l. El Casco Viejo debe ser un barrio como los dem\u00e1s, con viviendas modernas, aparcamientos de residentes, un potente comercio tradicional y las dotaciones adecuadas a su car\u00e1cter central e hist\u00f3rico. Para ello, proponemos varios aparcamientos perif\u00e9ricos en las Huertas de Santo Domingo, Cuesta del Labrit y Paseo de Sarasate. Tambi\u00e9n, un polideportivo y varios museos espec\u00edficos, que concentren el atractivo cultural de la ciudad. Queremos sacar al mercado la gran cantidad de viviendas vac\u00edas, mediante la mediaci\u00f3n municipal y con el objetivo de cubrir la demanda de viviendas en alquiler asequibles a un usuario joven. Tenemos varias propuestas para activar y dinamizar el comercio tradicional.<\/p>\n<p>P.- \u00bfCu\u00e1les son los principales problemas de Pamplona para usted?<\/p>\n<p>R.- En primer lugar, debemos recuperar la excelencia de los programas sociales, de asistencia a los mayores y cubrir la demanda de escuelas infantiles. La congesti\u00f3n de tr\u00e1fico debe ser resulta con la implantaci\u00f3n del tranv\u00eda como medio principal de transporte, silencioso, ecol\u00f3gico y de gran eficacia. Tenemos que resolver los accesos a la ciudad, la cohesi\u00f3n entre los diversos barrios, para lograr una Pamplona equilibrada, donde no haya barrios de primera y de segunda. Proponemos adem\u00e1s la creaci\u00f3n de la Polic\u00eda de barrio, con la incorporaci\u00f3n de 120 nuevos agentes y la figura del guarda de parque, cercano al ciudadano y que contribuya a mantener la excelencia de los parques y espacios verdes urbanos, por los que esta ciudad es reconocida.<\/p>\n<p>P.- Se\u00f1or Torrens: Soy catal\u00e1n y estudi\u00e9 el bachillerato en los a\u00f1os 50, en plena dictadura franquista, en Igualada (Barcelona). Mi profesor de literatura e hosoria era navarro. Un gran hombre, el Sr. Alecha, y, aunque era bajito ten\u00eda una personalidad extraordinaria: activo, estudioso, temperamental y humano. \u00bfPodr\u00eda decirme qu\u00e9 cualidades o caracter\u00edsticas definen a la mujer y al hombre navarro, en general? Gracias por su respuesta.<\/p>\n<p>R.- Me alegro que las caracter\u00edsticas de los navarros, su tenacidad, su calidez humana y su esp\u00edritu acogedor, sean reconocidas fuera de nuestra Comunidad. Creo que el rasgo fundamental de los navarros es precisamente su capacidad de acogida, su esp\u00edritu integrador, su inter\u00e9s por la convivencia y un orgullo y un amor especial a la diversidad que caracteriza a esta Comunidad.<\/p>\n<p>P.- \u00bfC\u00f3mo lograr\u00e1 cambiar el lugar de encuentro de j\u00f3venes navarros del bar al centro cultural? <\/p>\n<p>R.- Creo que los j\u00f3venes son un colectivo solidario, interesado en los dem\u00e1s, como lo demuestra su participaci\u00f3n en asociaciones y ONGs, y que necesitan programas de ocio alternativo, como lleva experiment\u00e1ndose en otras ciudades, como Gij\u00f3n, con su programa pionero Abierto hasta el amanecer; programas que incluyen actividades de ocio, culturales y deportivas durante las noches de los fines de semana. Creemos en la creatividad, en el esp\u00edritu de innovaci\u00f3n y en su potencial como ciudadanos cr\u00edticos, que constituyen el futuro esperanzador de esta ciudad.<\/p>\n<p>P.- Buenas, se\u00f1or Torrens. \u00bfCree que la negativa herencia que arrastra el PSOE en Navarra desde los inicios de los 90 condiciona el voto de algunas personas?<\/p>\n<p>R.- Es cierto que el Partido Socialista ha necesitado una apertura a la sociedad, que precisamente se ha puesto de manifiesto sobre todo de cara a estas elecciones. Esta actitud nos ha llevado a una renovaci\u00f3n esencial de los contenidos del programa, basado fundamentalmente en la atenci\u00f3n a las personas como ciudadanos, la preeminencia de los servicios sociales, el acceso a una vivienda digna, la movilidad sostenible y un deseo de solidaridad y trabajo consensuado con los ayuntamientos que forman el \u00e1rea metropolitana de Pamplona.<\/p>\n<p>P.- Hola, soy un navarro residente en Madrid, pero sigo con atenci\u00f3n el cauce del proceso electoral en Navarra. \u00bfQu\u00e9 alternativas ofrece el PSOE al proyecto de UPN? B\u00e1sicamente, ambos coinciden en su propuesta institucional y las diferencias son m\u00ednimas.<\/p>\n<p>R.- Ambos partidos creemos en una Navarra hist\u00f3rica, propia y diferenciada, pero UPN, con la c\u00fapula del PP, ha confundido el Paseo de Sarasate con el Paseo de la Castellana, y ha buscado el enfrentamiento de unos navarros con otros, siguiendo una estrategia electoral del PP ajena por completo a los intereses de nuestra Comunidad. El PSN-PSOE rechaza estos planteamientos de confrontaci\u00f3n identitaria y desde la autonom\u00eda consolidada de Navarra busca hacer una pol\u00edtica social moderna y participativa. Queremos una Navarra y una Pamplona que sean referente de convivencia, cohesi\u00f3n social e integraci\u00f3n cultural de todos los ciudadanos que viven en ella.<\/p>\n","protected":false},"excerpt":{"rendered":"<p>El arquitecto pamplon\u00e9s concurre a los comicios como independiente, elegido a propuesta del secretario de los socialistas, Carlos Chivite, as\u00ed como del candidato a la presidencia del Gobierno, Fernando Puras. Torrens ha charlado con los lectores sobre sus propuestas electorales.<\/p>\n","protected":false},"author":1,"featured_media":0,"comment_status":"open","ping_status":"open","sticky":false,"template":"","format":"standard","meta":{"footnotes":""},"categories":[],"tags":[],"class_list":["post-1159","post","type-post","status-publish","format-standard","hentry"],"_links":{"self":[{"href":"https:\/\/intervius.com\/index.html\/wp-json\/wp\/v2\/posts\/1159","targetHints":{"allow":["GET"]}}],"collection":[{"href":"https:\/\/intervius.com\/index.html\/wp-json\/wp\/v2\/posts"}],"about":[{"href":"https:\/\/intervius.com\/index.html\/wp-json\/wp\/v2\/types\/post"}],"author":[{"embeddable":true,"href":"https:\/\/intervius.com\/index.html\/wp-json\/wp\/v2\/users\/1"}],"replies":[{"embeddable":true,"href":"https:\/\/intervius.com\/index.html\/wp-json\/wp\/v2\/comments?post=1159"}],"version-history":[{"count":0,"href":"https:\/\/intervius.com\/index.html\/wp-json\/wp\/v2\/posts\/1159\/revisions"}],"wp:attachment":[{"href":"https:\/\/intervius.com\/index.html\/wp-json\/wp\/v2\/media?parent=1159"}],"wp:term":[{"taxonomy":"category","embeddable":true,"href":"https:\/\/intervius.com\/index.html\/wp-json\/wp\/v2\/categories?post=1159"},{"taxonomy":"post_tag","embeddable":true,"href":"https:\/\/intervius.com\/index.html\/wp-json\/wp\/v2\/tags?post=1159"}],"curies":[{"name":"wp","href":"https:\/\/api.w.org\/{rel}","templated":true}]}}