{"id":1154,"date":"2007-05-17T00:00:00","date_gmt":"2006-11-06T00:00:00","guid":{"rendered":"https:\/\/intervius.com\/index.html\/?p=1154"},"modified":"2006-11-06T00:00:00","modified_gmt":"2006-11-06T00:00:00","slug":"Chesus_Bernal1154","status":"publish","type":"post","link":"https:\/\/intervius.com\/index.html\/Chesus_Bernal1154\/","title":{"rendered":"Ches\u00fas Bernal"},"content":{"rendered":"<p>Pregunta.- El desplome del laboratorio en el tunel de Canfranc, a parte de ser una desgracia, \u00bfes un claro ejemplo los \u00faltimos 8 a\u00f1os de gesti\u00f3n PSOE-PAR?. Quieren hacer algo internacional (de cara a la galeria iba a ser: &#8220;poner en Arag\u00f3n un laboratorio de referencia internacional&#8221;), y con las primeras filtraciones de agua, se hunde la c\u00fapula. \u00bfA quien exigir\u00eda responsabilidades, al constructor, a la DGA, a la universidad?. Saludos y Entalto Arag\u00f3n.<\/p>\n<p>Respuesta.- El responsable directo es el Gobierno de Arag\u00f3n que tiene que ver si la responsabilidad final es de la empresa adjudicataria. S\u00ed representa un poco el modelo de vender humo, propuestas de cara a la galer\u00eda que fallan por la base. <\/p>\n<p>P.- \u00bfCu\u00e1l es el posicionamiento de CHA respecto al derecho de autodeterminaci\u00f3n del pueblo aragon\u00e9s?<\/p>\n<p>R.- El derecho est\u00e1 reconocido por las Naciones Unidas. Nosotros entendemos que la manera concreta de plasmar ese derecho es a trav\u00e9s del voto construyendo un Arag\u00f3n en el contexto de la UE y en un Estado Federal. <\/p>\n<p>P.- Muy buenos d\u00edas Sr. Bernal. \u00bfEstamos preparados para tener un verdadero gobierno de izquierdas en el pa\u00eds en vez de uno de centro derechas como el que tenemos? \u00bfQue es lo que NO sacrificar\u00eda del programa de CHA en una posible coalici\u00f3n con el PSOE? Muchas gracias<\/p>\n<p>R.- Evidentemente, estamos preparados. Ser\u00eda lo m\u00e1s normal. Hace 4 a\u00f1os ya deber\u00eda haber sido as\u00ed, ya que los esca\u00f1os y los votos eran m\u00e1s. Sin embargo, el PSOE prefiri\u00f3 pactar con la derecha. Espero que esta vez, al PSOE no le quede otra salida que articular un gobierno con la izquierda. No sacrificar\u00edamos: ni la necesidad de contar con una ley de la monta\u00f1a ni con una ley de lenguas ni la ley de servicios sociales. <\/p>\n<p>P.- \u00bf Qu\u00e9 cree que necesita la comunidad de Arag\u00f3n?<\/p>\n<p>R.- Sobre todo m\u00e1s Rasmia, m\u00e1s defensa de lo propio y del papel que Arag\u00f3n debe jugar en el contexto del Estado y de la UE. En definitiva, m\u00e1s transformaci\u00f3n, dinamismo, frente al conformismo y quietud. <\/p>\n<p>P.- El nuevo Estatuto de Autonom\u00eda de Arag\u00f3n, \u00bfequipara a Arag\u00f3n a las comunidades aut\u00f3nomas de su entorno?<\/p>\n<p>R.- En absouto. Hay 4 ejes en los que Arag\u00f3n sale perdiendo en relaci\u00f3in con las dem\u00e1s comundades. El primero: la determinaci\u00f3n de las inversiones del Estado en infraestructuras y equipamientos. Dos: los derechos relacionados con el agua. Tres: Arag\u00f3n tiene 15 competencias menos que otras comunidades. Cuatro: el reconocimineto de nuestra identidad hist\u00f3rica y de nuestra pluralidad lingu\u00edstica. <\/p>\n<p>P.- \u00bfCu\u00e1les son las propuestas de CHA en materia educativa?<\/p>\n<p>R.- En educaci\u00f3n, la apuesta por la ense\u00f1anza p\u00fablica para garantizar una inversi\u00f3n del 6% del PIB y una apuesta por la educaci\u00f3n de calidad igualadora, democr\u00e1tica, laica, integradora y aragonesa. La dignificaci\u00f3n de la actividad docente, la apuesta por la ense\u00f1anza p\u00fablica, el desarrollo de todas las competencias educativas y la adaptaci\u00f3n a las necesidades espec\u00edficas de Arag\u00f3n mediante el apoyo decidido a la escuela rural implantando una cultura de la calidad. <\/p>\n<p>P.- que habria que cambiar para que Aragon este en primera linea con el resto de counidades autonomas historicas?<\/p>\n<p>R.- Lo primero, un gobierno que est\u00e9 dispuesto a dar un impulso de modernizaci\u00f3n, dinamismo, de progreso que haga pol\u00b4liticas progresistas desde la izquierda. <\/p>\n<p>P.- Va a desarrollar la policia autonomica ? habra posibilidad de incorporacion de aragoneses que actualmente pertenecen a otros cuerpos policiales autonomicos?<\/p>\n<p>R.- S\u00ed. Es una de las apuestas decididas. Y s\u00ed es posible la concurrencia a un nuevo cuerpo de personas que pertenecen a otros cuerpos policiales. <\/p>\n<p>P.- \u00bfqu\u00e9 medidas piensa plantear para la revitalizaci\u00f3n de las comarcas deprimidas de Arag\u00f3n, tan despobladas?<\/p>\n<p>R.- Nosotros hemos hecho una apuesta por la vida en el territorio, es deicr, somos firmes defensores de la apuesta por lo p\u00fablico, que es la \u00fanica garatn\u00eda que permita desde el \u00faltimo rinc\u00f3n de Arag\u00f3n que sea posible acceder a unos servicios publicos de calidad en educaci\u00f3n, atenci\u00f3n sanitaria o en servicios sociales. Es necesario para ello de un desarrollo sostenible y arm\u00f3nico en todo el territorio consiguiendo de verdad que haya vida en nuestros pueblos. <\/p>\n<p>P.- Mi pregunta es referente al crecimiento de la oferta tur\u00edstica del Pirineo y el impacto ambiental que ello conlleva: \u00bfQu\u00e9 pol\u00edtica pretende llevar a cabo sobre la ampliaci\u00f3n de las estaciones de esqu\u00ed?<\/p>\n<p>R.- Nosotros somos partidarios de que la apuesta por la nieve no sea un pretexto para la especulaci\u00f3n. Es neceasrio establecer un marco jur\u00eddico a trav\u00e9s de la ley de la monta\u00f1a, de la ley urban\u00edstica y de la ley de ordenaci\u00f3n del territorio. No se puede matar la gallina de los huevos de oro: Estamos obligados a manterner el patrimonio natural que hemos recibido de generaciones anteriores para trasladarlo a las pr\u00f3ximas generaciones. No se puede permitir que tras la excusa de la nieve se escondan proyectos de urbanizaciones, crecimientos urba\u00edsticos r\u00e1pidos y desastres como ESPELUNCIECHA. Por lo tanto, nuestra apuesta por el desarrollo sostenible y arm\u00f3nico supone poner un freno al mero urbanismo especulativo. <\/p>\n<p>P.- Buenos dias se\u00f1or Bernal. \u00bfCuales son sus proyectos en cuestion de deportes, y sobre todo en la cuestion de juegos escolares?<\/p>\n<p>R.- Somos partidarios de actualizar la ley del deporte y adaptar la gesti\u00f3n p\u00f2l\u00edtica a la realidad territorial aragonesa. Es necesario un nuevo plan de instalaciones deportivas y sobre todo impulsar una actividad accesible a toda la ciudadan\u00eda adaptada a cada periodo de la vida. Creeemos que el deporte tiene mucho que ver con el cuidado de la salud. En cuanto a los juegos escolares. Tras el desastre acaecido en esta legislatura creemos urgente reformar los actuales juegos escolares de Arag\u00f3n. <\/p>\n<p>P.- CHA (como el resto de partidos) apoya la Expo 2008, pero la Expo est\u00e1 provocando una subida en los precios de la vivienda haci\u00e9ndola cada vez m\u00e1s inaccesible a importantes sectores de la poblaci\u00f3n. \u00bfQu\u00e9 contramedidas se plantean desde la DGA?<\/p>\n<p>R.- Los \u00faltimos datos del Ministerio de la Vivienda indican que este a\u00f1o ha comenzado a descender el precio de la vivienda. En todo caso, hemos logrado en los 4 a\u00f1os de gesti\u00f3n de CHA al frente del urbanismo en Zaragoza hacer de esta ciudad la ciudad n\u00famero uno de Espa\u00f1a en vivienda protegida. En los 8 a\u00f1os anteriores el Gobierno PP-PAR construy\u00f3 en la ciudad de Zaragoza 750 viviendas de Protecci\u00f3n oficial. Por contra, en los \u00faltimos 4, en que materia ha dependido de CHA, se han construido 10.500 viviendas. Sabemos que todav\u00eda no es suficiente pero estamos en el buen camino para dar respuesta al deseo de emancipaci\u00f3n de los jovenes y a la parte de la sociedad que dispone de menos recursos. Adem\u00e1s, queremos poner en marcha un importante volumen de alquiler para jovenes y contribuir a la rehabilitaci\u00f3n de los cascos hist\u00f3ricos. <\/p>\n","protected":false},"excerpt":{"rendered":"<p>Este Doctor en Filolog\u00eda Rom\u00e1nica y actual profesor titular de Filolog\u00eda Francesa en la Universidad de Zaragoza basa su campa\u00f1a en la mejora de Arag\u00f3n y de su sociedad. Ches\u00fas Bernal, que lleva como candidato de la Chunta Aragonesista a la presidencia desde 1995, ha aportado a su campa\u00f1a para las elecciones del 27-M nuevas ideas como la de llegar a los ciudadanos las claves de su programa a trav\u00e9s de su Blog. Sobre los cambios que va a realizar, en caso de ser elegido, ha hablado con los lectores.<\/p>\n","protected":false},"author":1,"featured_media":0,"comment_status":"open","ping_status":"open","sticky":false,"template":"","format":"standard","meta":{"footnotes":""},"categories":[],"tags":[],"class_list":["post-1154","post","type-post","status-publish","format-standard","hentry"],"_links":{"self":[{"href":"https:\/\/intervius.com\/index.html\/wp-json\/wp\/v2\/posts\/1154","targetHints":{"allow":["GET"]}}],"collection":[{"href":"https:\/\/intervius.com\/index.html\/wp-json\/wp\/v2\/posts"}],"about":[{"href":"https:\/\/intervius.com\/index.html\/wp-json\/wp\/v2\/types\/post"}],"author":[{"embeddable":true,"href":"https:\/\/intervius.com\/index.html\/wp-json\/wp\/v2\/users\/1"}],"replies":[{"embeddable":true,"href":"https:\/\/intervius.com\/index.html\/wp-json\/wp\/v2\/comments?post=1154"}],"version-history":[{"count":0,"href":"https:\/\/intervius.com\/index.html\/wp-json\/wp\/v2\/posts\/1154\/revisions"}],"wp:attachment":[{"href":"https:\/\/intervius.com\/index.html\/wp-json\/wp\/v2\/media?parent=1154"}],"wp:term":[{"taxonomy":"category","embeddable":true,"href":"https:\/\/intervius.com\/index.html\/wp-json\/wp\/v2\/categories?post=1154"},{"taxonomy":"post_tag","embeddable":true,"href":"https:\/\/intervius.com\/index.html\/wp-json\/wp\/v2\/tags?post=1154"}],"curies":[{"name":"wp","href":"https:\/\/api.w.org\/{rel}","templated":true}]}}