{"id":1153,"date":"2007-05-14T00:00:00","date_gmt":"2006-11-06T00:00:00","guid":{"rendered":"https:\/\/intervius.com\/index.html\/?p=1153"},"modified":"2006-11-06T00:00:00","modified_gmt":"2006-11-06T00:00:00","slug":"Carlos_Gomez_Gil1153","status":"publish","type":"post","link":"https:\/\/intervius.com\/index.html\/Carlos_Gomez_Gil1153\/","title":{"rendered":"Carlos G\u00f3mez Gil"},"content":{"rendered":"<p>Pregunta.- \u00bfQu\u00e9 opini\u00f3n le merece la falta de una pol\u00edtica mundial de control de natalidad, (principalmente en los pa\u00edses donde existe m\u00e1s pobreza y mayor n\u00famero de hijos por muje)r que, dicen quienes parecen entender, paliar\u00eda en parte los problemas mundiales? Es algo que NUNCA aparece en debates ni en prensa y, por l\u00f3gica, creo que deber\u00eda ser una prioridad. <\/p>\n<p>Respuesta.- \u00a1Hola, Mary! Es evidente que las pol\u00edticas demogr\u00e1ficas deben de ser un elemento central dentro de las pol\u00edticas globales de desarrollo, y en ello vienen insistiendo desde hace a\u00f1os algunas agencias de Naciones Unidas especializadas. Sin embargo, siendo cierta la trascendencia de estas cuestiones, creo que mucho m\u00e1s relevante a\u00fan es luchar contra la pobreza y sus causas para evitar que en el siglo XXI la gente siga muri\u00e9ndose de hambre, padeciendo enfermedades end\u00e9micas que est\u00e1n llevando a pa\u00edses enteros a tener esperanzas de vida de hace d\u00e9cadas, y en definitiva, a mantener a centenares de millones de personas en situaciones de extrema miseria. En definitiva, las pol\u00edticas demogr\u00e1ficas deben insertarse dentro de unas estrategias de desarrollo amplias, profundas y duraderas. Y tienes raz\u00f3n que no solemas dar la relevancia que todo ello tiene, posiblemente porque no interese reflexionar sobre el gigantesco drama que esta situaci\u00f3n acarrea y las responsabilidades globales que de ello se derivan.<\/p>\n<p>P.- Hola Carlos; Despu\u00e9s de ver c\u00f3mo en una ciudad como Valencia tienen a los inmigrantes bajo el puente de Ademuz, \u00bfcrees que los ayuntamientos hacen todo lo posible por integrar a los inmigrantes?<\/p>\n<p>R.- \u00a1Hola, Sol! La situaaci\u00f3n de los inmigrantes que duermen desde hace meses bajo el puente de Ademuz, en Valencia, creo que es toda una met\u00e1fora de las pol\u00edticas de inmigraci\u00f3n que se llevan a cabo en esta regi\u00f3n, y en general de una forma de hacer pol\u00edtica. No se tiene empacho en anunciar espect\u00e1culos multimillonarios, visitas, giras, galas, regatas, actuaciones y dem\u00e1s espect\u00e1culos, mientras se incumple algo tan b\u00e1sico como facilitar una acogida y un alojamiento a estas personas que ejemplifican la lucha por la vida en \u00c1frica. Mientras tanto, se utiliza la inmigraci\u00f3n para hacer electoralismo, anunciando campa\u00f1as vac\u00edas, present\u00e1ndose planes inexistentes y abandonando a la poblaci\u00f3n inmigrante a su suerte. Cuando vemos esta situaci\u00f3n deber\u00edamos de pensar en la pol\u00edtica, en las decisiones que debieran cambiar estos hechos y gobernar a favor de las personas, y m\u00e1s en momentos como \u00e9ste.<\/p>\n<p>P.- \u00bfQue podemos hacer con las capas sociales m\u00e1s defavorecidas de la sociedad espa\u00f1ola que ven mermadas sus ayudas por la llegadas de inmigrantes?<\/p>\n<p>R.- Capito, el descenso generalizado de ayudas y de los dispositivos sociales forma parte de una pol\u00edtica de reducci\u00f3n del estado del bienestar y de su progresiva privatizaci\u00f3n, que toma fuerza en toda Europa desde la d\u00e9cada de los 70 y que lleg\u00f3 a Espa\u00f1a con m\u00e1s retraso. La carfencia e insuficiencia de estas pol\u00edticas y recursos sociales se debe a que desde el poder pol\u00edtico se prefieren apoyar otras iniciativas (muchas veces econ\u00f3micas, cuando no simplemente electoralistas opublicitarias), en lugar de invertir en las personas para mejorar su bienestar y reducir la desigualdad. Los inmigrantes, son tambi\u00e9n sujetos de derechos (menguados)y deberes y tambi\u00e9n son merecedores de estos servicios b\u00e1sicos que, por otra parte, contribuyen a financiar con sus impuestos directos e indirectos, y con el esfuerzo de su trabajo. No olvidemos que adem\u00e1s, son contribuyentes netos al Estado, ya que ingresan m\u00e1s que gastan, y que en algunos de los servicios que utilizan, gracias a la llegada de inmigrantes se han podido apuntalar y evitar su reducci\u00f3n, como sucede en la educaci\u00f3n. Adem\u00e1s, son personas que en muchas ocasiones est\u00e1n en mayor situaci\u00f3n de pobreza estructural. Por tanto, hay que reclamar m\u00e1s y mejores servicios sociales para toda la poblaci\u00f3n.<\/p>\n<p>P.- \u00bfC\u00f3mo se podr\u00eda combatir el fen\u00f3meno social que lleva a la poblaci\u00f3n aut\u00f3ctona a vincular inmigraci\u00f3n con delincuencia, sobre todo en las comarcas del sur de Alicante donde se responsabiliza a los grupos organizados extranjeros del aumento de la inseguridad? <\/p>\n<p>R.- Aitana, la globalizaci\u00f3n de la delincuencia es un fen\u00f3meno cierto, y consecuencia de una progresiva apertura de fronteras y acceso a medios de transporte r\u00e1pidos, c\u00f3modos y baratos. Europa ha avanzado hacia una uni\u00f3n que no es s\u00f3lo econ\u00f3mica, sino tambi\u00e9n de perosonas y culturas, facilitando la libre circulaci\u00f3n y tr\u00e1nsito, con todo lo que ello conlleva. Creo que hay que explicar de forma pormenorizada que ls inmigraci\u00f3n relevante que ha llegado hasta Espa\u00f1a en los \u00faltimos a\u00f1os ha venido a trabajar, como demuestran las elevadas tasas de afiliaci\u00f3n a la Seguridad Social, y su presencia absolutamente esencial en sectores clave de nuestra econom\u00eda. Ello no es obst\u00e1culo para que hayan venido tambi\u00e9n personas de otros pa\u00edses, que no son inmigrantes como tal, sino simples delincuentes, que han venido a extender sus actividades criminales, pero que no debemos por tanto confundir con ese grueso de personas que est\u00e1n trabajando, conviviendo y haciendo una vida normalizada con la poblaci\u00f3n. Aunque no nos enga\u00f1emos, hay tambi\u00e9n mucho inter\u00e9s en vincular una cosa a la otra, porque resulta pol\u00edtica y socialmente rentable, y en estas tierras sabemos mucho de ello.<\/p>\n<p>P.- \u00bfQu\u00e9 opina de las medidas tomadas por el Ayuntamiento de Alicante para integrar a la populosa comunidad extranjera? <\/p>\n<p>R.- Pues la verdad es que me gustar\u00eda conocerlas, porque no creo que existan como tales. Yo recuerdo todav\u00eda c\u00f3mo hace poco m\u00e1s de un a\u00f1o, el primer teniente de alcalde, Pedro Romero, declar\u00f3 con profusi\u00f3n que &#8220;todos los problemas de la ciudad eran culpa de los inmigrantes&#8221;, y no solo no se retract\u00f3 de ello, sino que insisti\u00f3 d\u00edas despu\u00e9s. Por otra parte, tenemos muy presente la pol\u00edtica de criminalizaci\u00f3n de la comunidad argelina, el rechazo de este ayuntamiento a la apertura de una nueva l\u00ednea de ferry con Argelia, el cierre de la mezquita y su traslado al almac\u00e9n de la empresa de limpieza, la moratoria en la apertura de establecimientos regentados por inmigrantes, etc, etc. Por si fuera poco, en una ciudad como Alicante no existe un Plan de Inmigraci\u00f3n, un foro de participaci\u00f3n de los inmigrantes, y en los barrios \u00e9stos han venido estando abandonados a su suerte. Mientras los inmigrantes se han ido concentrando en determinados barrios, y los t\u00e9cnicos sociales han hecho lo que han podido, con unos recursos cada vez m\u00e1s menguados, el ayuntamiento ha asistido con pasividad a sus responsabilidades, y solo se acuerda de los inmigrantes para pedir dinero, como esos 100 euros por inmigrante en que valor\u00f3 hace poco a cada uno de ellos para pedir este dinero a Zapatero. En fin, Alicante no creo que sea ejemplar precisamente en esta materia.<\/p>\n<p>P.- \u00bfCree que se deber\u00eda impulsar un debate profundo sobre la inmigraci\u00f3n y sus efectos en Espa\u00f1a? <\/p>\n<p>R.- Sin ninguna duda, Pere. Creo que hay que hacer mucha m\u00e1s pedagog\u00eda, un mayor esfuerzo por explicar causas y consecuencias y porque cada uno de los que tienen responsabilidad en estos temas la ejerza, en lugar de dejar que sea el mercado o la sociedad de forma abstracta quienes tengan que acomodar a la inmigraci\u00f3n y los dilemas que plantean. Creo que es una gran asignatura pendiente en toda Espa\u00f1a.<\/p>\n<p>P.- Bon dia. Vivo en el barrio de Orriols (la parte antigua, no el muro de cemento fashion nuevo), donde se concentra un gran n\u00famero de inmigrantes. Lo que b\u00e1sicamente he notado es que hay una buena integraci\u00f3n hecha por los vecinos (nunca por el no-gobierno Rita que tenemos), aunque les falta conciencia ciudadana. No hay carteles que les ense\u00f1en a que por ejemplo, la basura de vidrio va al contenedor apropiado. \u00bfC\u00f3mo considera se debe educar mejor en la ciudadan\u00eda a estos nuevos valencianos?<\/p>\n<p>R.- Le agradezco su pregunta. Considero especialmente relevante la dimensi\u00f3n vecinal y ciudadana de la inmigraci\u00f3n, y por tanto, plantea cuestiones capitales. Las grandes pol\u00edticas de inmigraci\u00f3n y extranjer\u00eda se hacen desde los Estados, pero es en las ciudades y municipios donde se lleva a cabo la convivencia real de estas personas, y ha sido la sociedad, en barrios y pueblos, quien ha tenido que asumir un mayor esfuerzo para acoger, convivir y compartir con la poblaci\u00f3n inmigrante que ha llegado recientemente. Yo no creo que sea gente rara o de otro planeta, sino que debemos evitar marginalizar, segregar o apartarlos en las viviendas m\u00e1s deterioradas, en los barrios m\u00e1s marginales o las zonas m\u00e1s decr\u00e9pitas, porque la marginaci\u00f3n genera a\u00fan m\u00e1s marginaci\u00f3n. Por tanto, una apuesta por la convivencia plena en la ciudad y los barrios, con un mayor protagonismo de las asociaciones y entidades vecinales, as\u00ed como por unas pol\u00edticas municipales, amplias, contundentes y pluridimensionales, evitar\u00e1 situaciones de marginalidad, aunque me temo que el Ayuntamiento de Valencia no es un ejemplo de preocupaci\u00f3n por ello. Claro que si alg\u00fan d\u00eda los inmigrantes corren en F\u00f3rmula 1 puede que todo cambie&#8230;<\/p>\n<p>P.- He le\u00eddo algunos trabajos tuyos y la verdad es que tus an\u00e1lisis son tan interesantes como valientes, algo que no se da habitualmente. Quer\u00eda preguntarte si consideras que la llegada de cayucos hasta Canarias es puntual o es un fen\u00f3meno de mucho mayor alcance. Gracias<\/p>\n<p>R.- Gracias, Rosa!, de verdad. En modo alguno es algo puntual, sino que evidencia un gigantesco drama que se da en el continente africano desde hace muchas d\u00e9cadas, y que debiera de haber estallado hace tiempo, ya que la situaci\u00f3n en la que viven 800 millones de personas es cada vez m\u00e1s insostenible. Europa cre\u00eda que con cerrar sus fronteras y elevar las vallas, el problema se resolv\u00eda, pero ello solo genera m\u00e1s frustaci\u00f3n y aumenta el drama, desplazando estas migraciones dram\u00e1ticas hacia otros sitios, mientras fracasan acuerdos como los ACP o el acuerdo de Coton\u00fa. Africa exige una actuaci\u00f3n decidida dela comunidad internacional sobre todo el continente, m\u00e1s all\u00e1 de declaraciones ampulosas.<\/p>\n<p>P.- \u00bfQu\u00e9 soluci\u00f3n le dar\u00eda usted a la inmigraci\u00f3n, es decir si usted gobernara qu\u00e9 har\u00eda con los inmigrantes o pa\u00edses portadores? Gracias<\/p>\n<p>R.- Ronda, yo no tengo ninguna soluci\u00f3n para las migraciones y no creo que exista, ya que es consecuencia misma de nuestra convivencia global, y una de las opciones que tiene el ser humano, recogida como tal en la Declaraci\u00f3n Universal de Derechos Humanos. Otra cosa es tratar de evitar que aumenten los gigantescos dramas que se dan en muchos pa\u00edses y que empujan a una parte importante de su poblaci\u00f3n a salir hacia otros pa\u00edses para buscar una vida para ellos y sus familias. Para ello se necesita POLITICA MUNDIAL, una pol\u00edtica con may\u00fasculas, que intervenga sobre numerosos ejes y que abandone la protecci\u00f3n de intereses econ\u00f3micos, pol\u00edticos y estrat\u00e9gicos de los pa\u00edses occidentales. Y dicho esto, tamb\u00e9n tengo que decir que los problemas de los pa\u00edses de donde se producen las migraciones contempor\u00e1neas tampoco se solucionan procurando que toda la poblaci\u00f3n abandone el pa\u00eds, muy al contrario, ello est\u00e1 generando situaciones de una extrema dificultad, especialmente para generar estructuras econ\u00f3micas y de desarrollo nuevas.<\/p>\n<p>P.- El puerto de Alicante prev\u00e9 trasladar la estaci\u00f3n mar\u00edtima del centro de la ciudad al sur de las instalaciones con lo que se desplazar\u00e1 todo el contingente de magreb\u00edes que semanalmente llega a Alicante procedente del ferry a Or\u00e1n. \u00bfConsidera la medida acertada? <\/p>\n<p>R.- Hola, Izaskun! Veo que est\u00e1s muy bien informada, y me atrever\u00eda a decir que tambi\u00e9n sensibilizada. Desde hace tiempo, veo en las autoridades portuarias un doble lenguaje: se habla de pontenciar el puerto, de atraer buques de crucero y de aumentar los amarres, pero se trata de esconder y ahora de llevar lejos a estos pasajeros, como si nos avergonzara su presencia, llev\u00e1ndolos al extremo m\u00e1s alejado del puerto y fuera de la ciudad. Nos olvidamos que estos pasajeros pagan tambi\u00e9n por sus billetes, y cantidades muy elevadas, mucho m\u00e1s que otros pasajeros que eso s\u00ed, no proceden de \u00c1frica. Creo que en todo ello subyace una cierta dosis de cinismo, olvidando la importancia econ\u00f3mica que para la ciudad tiene tambi\u00e9n el que Alicante sea un nudo de comunicaci\u00f3n con Argelia. No comparto por tanto la medida, y no creo que se haga precisamente para facilitar la vida a estas PERSONAS.<\/p>\n<p>P.- Buenas tardes, \u00bf Por qu\u00e9 no se castiga con m\u00e1s fuerza a los empresarios que tienen trabajando a inmigrantes ilegales, ya que no se puede hacer nada por evitar que entren en nuestro pais&#8230;? Muchos los tienen trabajando un a\u00f1o a cambio de arreglarles los papeles, pero sin pagarles. Gracias.<\/p>\n<p>R.- Pues tienes toda la raz\u00f3n, Marian! Esta Comunidad ha venido sobresaliendo desde hace a\u00f1os por tener las m\u00e1s alevadas tasas de econom\u00eda sumergida y tambi\u00e9n de trabajo en situaci\u00f3n irregular, que en los \u00faltimos a\u00f1os se ha cebado sobre la poblaci\u00f3n inmigrante. Muchos de ellos han trabajado y trabajan en sectores y empleos absolutamente esenciales (hasta en la construcci\u00f3n de Terra M\u00edtica se utilizaron inmigrantes sin papeles desde alguna contrata), y los abusos que se cometen sobre ellos no se suceden solo sobre los irregulares, como muchos creen, sino tambi\u00e9n sobre los inmigrantes que tienen permisos de residencia. De hecho, el que Alicante tenga uno de los mayores niveles de aut\u00f3nomos de Espa\u00f1a no se debe precisamente a que en esta ciudad los inmigrantes sean todos unos emprendedores, como a veces se lee en alg\u00fan medio, sino que encubre situaciones de abusos persistentes que todav\u00eda se dan. Creo que falta una actuaci\u00f3n mucho m\u00e1s contundente sobre empresarios que han basado su actividad en el abuso sobre este sector.<\/p>\n<p>P.- \u00bfQu\u00e9 se est\u00e1 haciendo en los centros educativos para que los ni\u00f1os inmigrantes aprendan la lengua y se puedan integrar as\u00ed en las clases con ni\u00f1os valencianos? Muchas gracias.<\/p>\n<p>R.- En numerosos lugares de la Comunidad se est\u00e1n dando clases en valenciano para inmigrantes y tambi\u00e9n para sus hijos. Hay que tener en cuenta que el castellano es la lengua vehicular clave para muchos de ellos, aunque una vez que adquieren un mayor arraigo y una mayor estabilidad en nuestros barrios y pueblos es cuando empiezan a aprender y practicar valenciano. En mi propioa Universidad, desde hace a\u00f1os se vienen promoviendo clases y otras actividades espec\u00edficas en valenciano para inmigrantes.<\/p>\n<p>P.- \u00bfExiste alg\u00fan modo de colaborar activamente este verano para atender a los immigrantes que llegan en pateras? Imagino que su n\u00famero se incrementar\u00e1 este verano y no s\u00e9 si hay efectivos suficientes&#8230;<\/p>\n<p>R.- Pues la verdad es que lo desconozco, Ainhoa. Ello se hace desde alguna OIG que tienen firmados convenios muy importantes con el Gobierno para prestar esta asistencia y disponer de los medios que ello requiere. En cualquier caso, puedes ponerte en contacto con Cruz Roja, o M\u00e9dicos del Mundo, organizaciones que suelen atender en primer l\u00ednea a los inmigrantes que acuden a nuestro pa\u00eds en pateras o cayucos.<\/p>\n<p>P.- \u00bfPor qu\u00e9 las autoridades gubernamentales cogen a los inmigrantes ilegales de los refugios canarios y los env\u00edan a la pen\u00ednsula, sobre todo a Valencia, para despu\u00e9s bajarlos del avi\u00f3n, darles un bocadillo y unos pocos euros, y soltarlos a su suerte, en lugar de repatriarlos directamente desde Canarias? Cuando se les acaba el dinero, como es normal, se ponen a robar. Por culpa de esta medida est\u00e1 aumentando la inseguridad y la delincuencia en Valencia, \u00bfqu\u00e9 soluci\u00f3n ve usted a este problema<\/p>\n<p>R.- Pablo, la repatriaci\u00f3n y devoluci\u00f3n de inmigrantes a sus pa\u00edses de origen es algo sumamente complejo y con frecuencia dif\u00edcil. Por un lado, muchos inmigrantes se desprenden de su documentaci\u00f3n para que no se pueda conocer de d\u00f3nde proceden. En otras ocasiones, son las autoridades de los pa\u00edses de procedencia, o de los puertos de d\u00f3nde han salido estos barcos, quienes impiden o dificultan los retornos y devoluciones. Tengamos en cuentaa que desde muchos gobiernos, se estimula que la gente emigre, ya que ello supone que se reduce la presi\u00f3n sore problemas como el empleo en el pa\u00eds y sobre todo, se estimula el env\u00edo de unas valiosas remesas que son capaces de alimentar de forma notable y sin contrapartidas la balanza de pagos del pa\u00eds. Sin embargo, no coincido contigo en que estos inmigrantes se pongan a robar. Muchoss de ellos son los que vemos vendiendo CDs o con puestos callejeros, ya que es una poblaci\u00f3n que sabe que su valor es su propio trabajo, y que lo necesitan para obtener dinero con el que mantenerse y enviar una parte a sus familias. En general, son inmigrantes que van dando tumbos hasta que pueden regularizar su situaci\u00f3n, y asi viene siendo desde hace a\u00f1os.<\/p>\n<p>P.- Hola carlos; He le\u00eddo tus respuestas, y viendo tus razonamientos, me gustar\u00eda saber qu\u00e9 opinas cuando Barber\u00e1 pone como ejemplo de pol\u00edticas sociales a Sarkozy (QUe llam\u00f3 escoria a los grupos de violentos de Par\u00eds) o a Rajoy en Las Palmas prometiendo que \u00e9l no permitir\u00e1 regulaciones masivas<\/p>\n<p>R.- Hola, Jes\u00fas. Me lo pones f\u00e1cil, porque creo que tanto una como el otro son alumnos de Sarkozy, como bien han explicado, aunque un tanto retrasados. El conocimiento y la percepci\u00f3n que Rita Barber\u00e1 tiene sobre las pol\u00edticas sociales no creo que sea precisamente muy elocuente. Simplemente con comparar la atenci\u00f3n que se ofrece a la poblaci\u00f3n inmigrante en Valencia, y a otros colectivos desfavorecidos, y compararlo con los dispositivos existentes en otras ciudades (incluso con algunas donde gobierna el PP), se puede confirmar lo que digo. Tratar de expulsar a inmigrantes que viven desde hace meses bajo un puente a manguerazos no creo que sea un ejemplo de pol\u00edtica social, aunque claro, a lo mejor pensaba en acudir a los &#8220;suburbios&#8221; de Valencia en plan Sarkozy, y llamar escoria a los j\u00f3venes. En el caso de Rajoy su afirmaci\u00f3n es mucho m\u00e1s elocuente de su pol\u00edtica, ya que \u00e9l mismo, cuando estuvo de Ministro del Interior, protagoniz\u00f3 algunos de los procesos extraordinarios de regularizaci\u00f3n m\u00e1s ca\u00f3ticos de la historia reciente, pero ahora se puede mentir, porque todo vale!<\/p>\n<p>P.- \u00bfQu\u00e9 opina de la pol\u00edtica de inmigraci\u00f3n en Estados Unidos? Gracias!<\/p>\n<p>R.- Gema, Estados Unidos no tienen una pol\u00edtica de inmigraci\u00f3n como tal, sino que simplemente pretende por un lado aparentar dureza y control con todo eso de las vallas y dem\u00e1s, mientras inyecta en su econom\u00eda millones de inmigrantes irregulares que permiten mantener sectores econ\u00f3micos esenciales en el pa\u00eds. Creo que es elocuente el hecho de que ahora se vayan a regularizar a 10 millones de irregulares (cuando se dec\u00eda que el pa\u00eds ten\u00eda mano dura contra la inmigraci\u00f3n ilegal), pero a golpe de talonario, poniendo unas elevadas tasas econ\u00f3micas de hasta 6.000 d\u00f3lares para poder optar a un permiso provisional.<\/p>\n<p>P.- Hola. Me gustar\u00eda saber si tiene una explicaci\u00f3n a que el voto de los inmigrantes vaya a parar al PP despu\u00e9s de las proclamas anti-inmigraci\u00f3n que sueltan en cada mitin<\/p>\n<p>R.- No tengo tan claro lo que dices por una raz\u00f3n muy sencilla: los inmigrantes no votan. Solo los ciudadamos europeos (con unos requisitos especiales) pueden optar a ese voto, pero hasta la fecha en Espa\u00f1a, los inmigrantes no votan!<\/p>\n<p>P.- Hola Carlos, una de las razones por las que dej\u00e9 de lado mi implicaci\u00f3n social fue el darme cuenta de que luch\u00e1bamos y supongo que luch\u00e1is contra situaciones que son &#8220;f\u00e1cilmente&#8221; solucionables pero en los que la voluntad por solucionarlas era y es nula. Es decir la maquinaria propagand\u00edstica contra la que hay que luchar es demasiado fuerte y nosotros ten\u00edamos y tenemos poca financiaci\u00f3n. \u00bfNo crees que habr\u00eda que cambiar de estrategia? Porque, \u00bfc\u00f3mo competir con la f\u00f3rmula 1?<\/p>\n<p>R.- Pues raz\u00f3n no te falta, Alfonso. Tu comentario es muy atinado, y la pol\u00ectica del &#8220;pan y circo&#8221; es demoledora en estos momentos. El problema es que si todos nos quedamos en casa, esto nunca cambiar\u00e1, por dif\u00edcil que ello sea.<\/p>\n","protected":false},"excerpt":{"rendered":"<p>La inmigraci\u00f3n forma parte de las principales preocupaciones de los espa\u00f1oles. Los partidos pol\u00edticos integrados por inmigrantes han proliferado en la Comunidad Valenciana. Las dram\u00e1ticas traves\u00edas de las pateras despiertan las conciencias de muchos, pero son pocos los que se consideran &#8220;militantes solidarios&#8221;, como nuestro entrevistado de hoy. Carlos G\u00f3mez, soci\u00f3logo de la Universidad de Alicante y experto en migraciones en el Mar Mediterr\u00e1neo y componente de la red MEDIMIGRA, especialistas en inmigraci\u00f3n en el Mediterr\u00e1neo, ha charlado con los lectores sobre las pol\u00edticas de inmigraci\u00f3n e integraci\u00f3n en la Comunidad Valenciana.<\/p>\n","protected":false},"author":1,"featured_media":0,"comment_status":"open","ping_status":"open","sticky":false,"template":"","format":"standard","meta":{"footnotes":""},"categories":[],"tags":[],"class_list":["post-1153","post","type-post","status-publish","format-standard","hentry"],"_links":{"self":[{"href":"https:\/\/intervius.com\/index.html\/wp-json\/wp\/v2\/posts\/1153","targetHints":{"allow":["GET"]}}],"collection":[{"href":"https:\/\/intervius.com\/index.html\/wp-json\/wp\/v2\/posts"}],"about":[{"href":"https:\/\/intervius.com\/index.html\/wp-json\/wp\/v2\/types\/post"}],"author":[{"embeddable":true,"href":"https:\/\/intervius.com\/index.html\/wp-json\/wp\/v2\/users\/1"}],"replies":[{"embeddable":true,"href":"https:\/\/intervius.com\/index.html\/wp-json\/wp\/v2\/comments?post=1153"}],"version-history":[{"count":0,"href":"https:\/\/intervius.com\/index.html\/wp-json\/wp\/v2\/posts\/1153\/revisions"}],"wp:attachment":[{"href":"https:\/\/intervius.com\/index.html\/wp-json\/wp\/v2\/media?parent=1153"}],"wp:term":[{"taxonomy":"category","embeddable":true,"href":"https:\/\/intervius.com\/index.html\/wp-json\/wp\/v2\/categories?post=1153"},{"taxonomy":"post_tag","embeddable":true,"href":"https:\/\/intervius.com\/index.html\/wp-json\/wp\/v2\/tags?post=1153"}],"curies":[{"name":"wp","href":"https:\/\/api.w.org\/{rel}","templated":true}]}}