{"id":11524,"date":"2013-07-11T00:00:00","date_gmt":"2006-11-06T00:00:00","guid":{"rendered":"https:\/\/intervius.com\/index.html\/?p=11524"},"modified":"2006-11-06T00:00:00","modified_gmt":"2006-11-06T00:00:00","slug":"Carlos_Boyero11524","status":"publish","type":"post","link":"https:\/\/intervius.com\/index.html\/Carlos_Boyero11524\/","title":{"rendered":"Carlos Boyero"},"content":{"rendered":"<p>Pregunta.- Carlos, \u00bfconoces una serie americana que se llama Shameless?. La ha estado poniendo el plus \u00faltimamente y es magn\u00edfica. Un saludo<\/p>\n<p>Respuesta.- Detesto repetirme, pero no me dejan otra opci\u00f3n. Que no veo series en televisi\u00f3n, que espero a que las editen en DVD o BluRay. O sea, paso mi existencia esperando a Godot. Ayer compr\u00e9 en BluRay una pel\u00edcula excelente que no hab\u00eda visto titulada El vuelo. Estuve a punto de tirarla por la ventana. La distribuidora le ha colocado siete tr\u00e1ilers muy largos de pel\u00edculas suyas. Y es imposible salt\u00e1rselos con el mando. Es asqueroso, es una estafa. Cuando se lanzan al mercado esos BluRays cuestan entre 20 y 25 euros. \u00bfQui\u00e9n co\u00f1o va a comprarlos? Como entiendo a los piratas. L\u00e1stima de mi incapacidad para aprender cosas nuevas. Si alg\u00fan d\u00eda veo la serie que usted me recomienda, le contar\u00e9 lo que me ha parecido. <\/p>\n<p>P.- Concha garcia campoy<\/p>\n<p>R.- Me parec\u00eda una mujer hermosa, una persona agradable y respetuosa y una aut\u00e9ntica profesional. Siempre tuve buena relaci\u00f3n con ella. Siento mucho su enfermedad y su muerte.<\/p>\n<p>P.- Carlos, si usted fuera jefe, qu\u00e9 ser\u00eda, de los de palmadita en el hombro, l\u00e1tigo en ristre o algo intermedio?<\/p>\n<p>R.- Nunca he sido jefe, jam\u00e1s ser\u00e9 jefe. Por vocaci\u00f3n y por incapacidad biol\u00f3gica y mental. Si lo fuera, que no lo ser\u00e9, intentar\u00eda ser justo, ser profesional. No soportar\u00eda a los vagos ni a los pelotas ni a los trepas. Promocionar\u00eda el talento. No me ensa\u00f1ar\u00eda con los becarios. Pero como nunca lo ser\u00e9, a lo peor era todo lo contrario. Pero me gusta tener un buen concepto de m\u00ed ante posibilidades ut\u00f3picas.<\/p>\n<p>P.- Al levantarse en las ma\u00f1anas, qu\u00e9 partes del cuerpo le duelen?<\/p>\n<p>R.- \u00bfConoce un poema de Leonard Cohen que empieza diciendo: &#8220;me duelen las partes con las que antes jugaba&#8221;? Pues eso. Desde hace tiempo, entre el caf\u00e9 y la ducha, mi cerebro recuerda demasiadas cosas del pasado. Tambi\u00e9n sensaciones de infancia. Unas veces duelen, en otras sonr\u00edo, alguna vez me emociono. Cosas de la vejez.<\/p>\n<p>P.- Don Carlos, buenas tardes. Villa primero en el Valencia, luego en el Barcelona y ahora en el Atl\u00e9tico de Madrid. Puro mercadeo esto del f\u00fatbol no le parece? Saludos<\/p>\n<p>R.- Siempre lo ha sido. \u00bfO pensaba usted esa cosa tan tonta de que se trata solo de un deporte? Yo espero que le vaya bien y que marque goles. Desde su lesi\u00f3n parece hundido y no solo f\u00edsicamente. Es un buen jugador. Y solo tiene 31 a\u00f1os. Y parece haberse cuidado. <\/p>\n<p>P.- Carlos, \u00bft\u00fa como interpretas el final de \u00c9rase una vez en Am\u00e9rica?<\/p>\n<p>R.- Como usted. Desolaci\u00f3n pura y dura, la revelaci\u00f3n despu\u00e9s de 40 a\u00f1os de retiro, de que las pocas personas en las que cre\u00edas te traicionaran, te utilizaron. La tragedia de Robert De Niro, ese hombre huido que al igual que el personaje de Proust lleva demasiado tiempo acost\u00e1ndose temprano e intentando olvidar, es de las m\u00e1s pavorosas que ha contado nunca el cine. \u00bfSabe que yo detesto las pel\u00edculas de Sergio Leone, que el spagueti western me parece una de las m\u00e1s grandes estupideces que le ha ocurrido al cine? Pero amo \u00c9rase una vez en Am\u00e9rica. <\/p>\n<p>P.- Buenas tardes Carlos, soy un gran admirador de Lino Ventura y de Jean Pierre Melville..ambos trabajaron en dos maravillosas pelis..El ej\u00e9rcito de las sombras y Hasta el \u00faltimo aliento&#8230;creo que Ventura es un actor muy poco referenciado y en estas pelis del maestro Melville y tantas y en otras, aportaba a sus personajes una integridad y sobriedad may\u00fascula&#8230;.gracias<\/p>\n<p>R.- \u00bfRecuerda la frase con la que se inicia El ej\u00e9rcito de las sombras: &#8220;Amargos recuerdos, regresad, vosotros sois mi juventud&#8221;? Es tan compleja y terrible como la del arranque de El silencio de un hombre: &#8220;No hay soledad m\u00e1s temible que la del samur\u00e1i, salvo la del tigre en la selva&#8221;. Como usted adoro el cine de Melville y Lino Ventura me parece uno de los actores m\u00e1s poderosos, sobrios e inquietantes que ha dado el cine europeo. Era un g\u00e1nster del que te pod\u00edas fiar si hab\u00eda hecho un trato contigo, era un profesional, era un hombre. Le aconsejar\u00eda que viera dos interpretaciones extraordinarias de Lino Ventura. Son las de A todo riesgo (Claude Sautet es otro de los directores franceses que prefiero) y \u00daltimo domicilio conocido, dirigida por aquel escritor formidable llamado Jos\u00e9 Giovanni.<\/p>\n<p>P.- Disculpe, si le parece improcedente mi pregunta, pero tengo curiosidad por saber si alguna vez, productores o adl\u00e1teres, le han intentado &#8220;primar&#8221;por hacer una buena cr\u00edtica de sus pel\u00edculas. Muchas gracias y un cordial saludo.<\/p>\n<p>R.- No, de lo cual deduzco que no son gilipollas. Pero s\u00ed han intentado acorralarme en mi trabajo despu\u00e9s de algunas malas. En vano, por supuesto. De cualquier forma, tengo escasa relaci\u00f3n con el mundo del cine. Solo me trato con viejos amigos que se dedicaron a \u00e9l.<\/p>\n<p>P.- En su opini\u00f3n, \u00bfcu\u00e1l es el actor de Hollywood m\u00e1s injustamente maltratado y olvidado en la actualidad? \u00bfTal vez Robert Walker (Extra\u00f1os en un tren)?<\/p>\n<p>R.- \u00bfMaltratado y olvidado por qui\u00e9n? Yo guardo privilegiada y agradecida memoria de todos los actores y actrices que me hicieron feliz. Y por supuesto me da igual lo que piense el resto del mundo. No oigo hablar mucho del actor y la actriz secundarios (en su caso la palabra secundario parece un chiste malo) m\u00e1s grandes del cine norteamericano. Se llamaban Walter Brennan y Thelma Ritter. No desfallecieron en ninguna pel\u00edcula ni en los papeles m\u00e1s diversos. Siempre trabajaban en estado de gracia.<\/p>\n<p>P.- Buenos d\u00edas Carlos. \u00bfCu\u00e1ndo le\u00edste por primera vez Platero y yo, fue en tu infancia o m\u00e1s adelante? \u00bfQu\u00e9 impresi\u00f3n te caus\u00f3? Un saludo<\/p>\n<p>R.- En la infancia. Y por obligaci\u00f3n. No palpito con su recuerdo. Seguramente por esa obligaci\u00f3n. No he vuelto a leerlo. Pero s\u00ed algunos poemas de Juan Ram\u00f3n Jim\u00e9nez. Me parece un poeta espl\u00e9ndido.<\/p>\n<p>P.- \u00bfHa visto ya el trailer de Blue Jasmine, lo \u00faltimo de Woody Allen? Si es as\u00ed, \u00bfcree que tiene alguna posibilidad en los Oscar del a\u00f1o que viene?<\/p>\n<p>R.- \u00bfY a m\u00ed qu\u00e9 me importan los Oscar del a\u00f1o que viene o del anterior? Lo \u00fanico que deseo es que este hombre genial recupere su pulso, bastante perdido en la floja A Roma con amor. <\/p>\n<p>P.- Carlos, tengo 14 a\u00f1os y mi padre todav\u00eda me suelta alguna bofetada. Me dan ganas de devolv\u00e9rselas, pero no s\u00e9 qu\u00e9 hacer. La verdad es que siempre tiene raz\u00f3n, me las merezco. Usted qu\u00e9 har\u00eda?<\/p>\n<p>R.- No s\u00e9 si me est\u00e1 vacilando o si la pregunta es sincera. Lo de que tiene raz\u00f3n y se merece esas hostias, me desconcierta. Cada uno puede hablar de sus propias experiencias. Y no le voy a contar las m\u00edas, evidentemente.<\/p>\n<p>P.- \u00bfle tiene ganas Pedro J a Rajoy?<\/p>\n<p>R.- Imagino que s\u00ed. Pero no es el \u00fanico. Aunque tal vez cambien las razones.<\/p>\n<p>P.- Qu\u00e9 significan para ti las palabras: te quiero<\/p>\n<p>R.- Algo que conviene no derrochar ni utilizar en vano. Pero que te hace sentir muy bien cuando esa sensaci\u00f3n es real. Y por supuesto debe ser compartida siempre. Si no es as\u00ed, es mejor no pronunciarlo.<\/p>\n<p>P.- Hola Carlos. Un amigo me ha recomendado que dedique este verano a las cinco temporadas de A dos metros bajo tierra, y, de paso, lea alg\u00fan libro de Beigbeder. Debo fiarme? Gracias.<\/p>\n<p>R.- Es una serie muy buena. Y con los mejores t\u00edtulos de cr\u00e9dito de la historia de la televisi\u00f3n. Le va a fascinar esa familia de funerarios. La invent\u00f3 Alan Ball, tambi\u00e9n guionista de la pel\u00edcula American Beauty. S\u00ed, ese hombre tan inteligente tambi\u00e9n es capaz de parir esa inacabable tonter\u00eda titulada True blood. Le he perdido el respeto. Pero cada dos o tres a\u00f1os volver\u00e9 a ver A dos metros bajo tierra. No he le\u00eddo al tal Beigbeder. No me suena de nada.<\/p>\n<p>P.- Una f\u00e1cil: \u00bfa qui\u00e9n pondr\u00eda usted para dirigir y protagonizar una pel\u00edcula sobre el asunto B\u00e1rcenas? Gracias por su paciencia y buen gusto, se\u00f1or Boyero.<\/p>\n<p>R.- Berlanga hubiera hecho una comedia extraordinaria con ella. De acuerdo, el pavo y todo lo que le rodea, hablo del PP, son demasiado s\u00f3rdidos, no tienen ni puta gracia. Pero tampoco la ten\u00eda la pena de muerte ni la caridad y Berlanga hizo con ellas dos obras maestras tituladas El verdugo y Pl\u00e1cido. Nadie ha hablado en el cine de la realidad de este pa\u00eds con tanta inteligencia, lucidez, sarcasmo y gracia como Berlanga. <\/p>\n","protected":false},"excerpt":{"rendered":"<p>El cr\u00edtico de cine y columnista hablar\u00e1 con los lectores de pel\u00edculas, literatura, f\u00fatbol y todo lo imaginable.<br \/>\nM\u00e1s entrevistas digitales<br \/>\n.<\/p>\n","protected":false},"author":1,"featured_media":0,"comment_status":"open","ping_status":"open","sticky":false,"template":"","format":"standard","meta":{"footnotes":""},"categories":[],"tags":[],"class_list":["post-11524","post","type-post","status-publish","format-standard","hentry"],"_links":{"self":[{"href":"https:\/\/intervius.com\/index.html\/wp-json\/wp\/v2\/posts\/11524","targetHints":{"allow":["GET"]}}],"collection":[{"href":"https:\/\/intervius.com\/index.html\/wp-json\/wp\/v2\/posts"}],"about":[{"href":"https:\/\/intervius.com\/index.html\/wp-json\/wp\/v2\/types\/post"}],"author":[{"embeddable":true,"href":"https:\/\/intervius.com\/index.html\/wp-json\/wp\/v2\/users\/1"}],"replies":[{"embeddable":true,"href":"https:\/\/intervius.com\/index.html\/wp-json\/wp\/v2\/comments?post=11524"}],"version-history":[{"count":0,"href":"https:\/\/intervius.com\/index.html\/wp-json\/wp\/v2\/posts\/11524\/revisions"}],"wp:attachment":[{"href":"https:\/\/intervius.com\/index.html\/wp-json\/wp\/v2\/media?parent=11524"}],"wp:term":[{"taxonomy":"category","embeddable":true,"href":"https:\/\/intervius.com\/index.html\/wp-json\/wp\/v2\/categories?post=11524"},{"taxonomy":"post_tag","embeddable":true,"href":"https:\/\/intervius.com\/index.html\/wp-json\/wp\/v2\/tags?post=11524"}],"curies":[{"name":"wp","href":"https:\/\/api.w.org\/{rel}","templated":true}]}}