{"id":11513,"date":"2013-07-02T00:00:00","date_gmt":"2006-11-06T00:00:00","guid":{"rendered":"https:\/\/intervius.com\/index.html\/?p=11513"},"modified":"2006-11-06T00:00:00","modified_gmt":"2006-11-06T00:00:00","slug":"Diego_A-_Manrique11513","status":"publish","type":"post","link":"https:\/\/intervius.com\/index.html\/Diego_A-_Manrique11513\/","title":{"rendered":"Diego A. Manrique"},"content":{"rendered":"<p>Pregunta.- Joaqu\u00edn Sabina apoyando la candidatura de Madrid 2020. \u00bfLo he so\u00f1ado o es que Joaqu\u00edn se ha vuelto loco?<\/p>\n<p>Respuesta.- Chi lo sa? Hace muchos a\u00f1os que Joaqu\u00edn hace cosas raras (y me gustar\u00eda pensar que se trata de llevar la contra, pero no&#8230;.). Dudo de que Joaqu\u00edn crea que Madrid necesita unos JJOO pero ya me creo cualquier cosa: le veremos actuando en Eurovegas. La verdad es que ver a Sabina encabezando semejante cartel me hizo pensar que, en realidad, no tiene mucho respeto por su propia m\u00fasica.<\/p>\n<p>P.- Estimado tocayo, Una pregunta acerca de un tema que no acabo de entender muy bien. \u00bfPor qu\u00e9 Sabina goza de animadversi\u00f3n por muchos grupos y cr\u00edticos espa\u00f1oles? Lo digo a ra\u00edz del fotomat\u00f3n de Efe Eme, donde a\u00fan no he visto a nadie que le prefiera a Calamaro, por ejemplo. \u00bfCrees que puede ser porque muchos se quedan con la caricaturara en lugar de con su genio? Si cantara en ingl\u00e9s, \u00a1ay! Saludos<\/p>\n<p>R.- Hay algo en Sabina que provoca un rechazo instintivo en muchas personas, incluso personas sensibles que deber\u00edan reconocer que tiene dos o tres docenas de canciones soberbias. Su grandeza y su error m\u00e1ximo es desinteresarse del mundo musical. Ni oye discos ni va a conciertos ni se preocupa mucho por la calidad musical de sus discos (las letras son otra cosa). Por el contrario, Calamaro s\u00ed era un apasionado de la m\u00fasica, suya o ajena. Por lo menos, antes de su derrape hacia el delirio egoc\u00e9ntrico. <\/p>\n<p>P.- Manrique \u00bfc\u00f3mo viviste el desastre del Maracan\u00e1? \u00a13-0 y pudieron ser m\u00e1s!<\/p>\n<p>R.- Lo viv\u00ed en mi cama, con un buen libro. Sospech\u00e9 lo que estaba pasando al comprobar que los vecinos estaban demasiado silenciosos. Cuando me enter\u00e9 al d\u00eda siguiente, no me sorprendi\u00f3. He estado en el viejo Maracan\u00e1, en visita tur\u00edstica, y acojonaba, produc\u00eda v\u00e9rtigo. Y eso que estaba vac\u00edo.<\/p>\n<p>P.- Vamos, Manrique, no te evadas. Un libro para las vacaciones,que comienzo la pr\u00f3xima quincena.<\/p>\n<p>R.- Pues pod\u00eda ser el libro del domingo. Le\u00eda &#8220;Telegraph Avenue&#8221;, de Michael Chabon, en Mondadori; era la segunda vez pero incluso me gust\u00f3 m\u00e1s. Una docena de tramas que se van liando y un escritor con fabulosos poderes descriptivos. Mucha m\u00fasica (jazz, soul y jazz-funk) y bastante cine\/personajes del subg\u00e9nero blaxploitation.<\/p>\n<p>P.- Diego, \u00bfcu\u00e1l es tu opini\u00f3n sobre los Arctic Monkeys? \u00bfCrees que se convertir\u00e1n en un grupo de culto de aqu\u00ed a 10 \u00f3 20 a\u00f1os?<\/p>\n<p>R.- Me arrebataron en sus inicios. Intent\u00e9 entrevistarlos -en La Riviera- y no funcion\u00f3, lo que me dej\u00f3 frustrado y me confirm\u00f3 lo de siempre: puedes ser glorioso creador de canciones y carecer de elocuencia fuera del micro. No estoy seguro de la l\u00ednea &#8220;stoner&#8221; que han seguido despu\u00e9s pero conservo cierta esperanza de que retomen la m\u00fasica m\u00e1s contundente, m\u00e1s sociol\u00f3gicamente fiable.<\/p>\n<p>P.- Estamos preparando un documental sobre los Smiths en Espa\u00f1a. Como t\u00fa les entrevistaste, nos gustar\u00eda hablar contigo. Tambi\u00e9n saber si hay alguien que sepa algo sobre los acuerdos con Rough Trade (es triste que Mario Pacheco ya no nos pueda ayudar)<\/p>\n<p>R.- Buena idea, Guillermo. Mi entrevista fue \u00fanicamente con Morrissey y result\u00f3 un despiporre (&#8220;no tengo problemas con la familia real brit\u00e1nica&#8230;no hay problema que no se pueda arreglar con una botellita de ars\u00e9nico&#8221;). He o\u00eddo muchos rumores sobre el p\u00e9simo ambiente dentro del grupo en aquellos d\u00edas pero debo confesar que yo no not\u00e9 nada. Muerto Mario, deber\u00edas hablar con Geoff Travis, el capo de Rough Trade, que tambi\u00e9n estaba all\u00ed, seg\u00fan recuerdo. Tal vez te pueda ayudar Mark Kitcatt, que entonces trabajaba en Rough Trade, y que luego se instal\u00f3 en Madrid: lleva Everlasting Records.<\/p>\n<p>P.- El otro d\u00eda, COQUE MALLA hizo un programa en Radio 3. Y os ret\u00f3, dijo que a ver qu\u00e9 periodista musical era capaz de estar hora y media en un escenario. \u00bfCoges el guante?<\/p>\n<p>R.- Lo escuch\u00e9, lo escuch\u00e9. Supongo que era una &#8220;boutade&#8221;: los artistas hacen un programa de higos a brevas y ya se creen tocados por la gracia de la radiofon\u00eda. Respecto a su reto&#8230;.como periodista musical, he aguantado sobre muchos escenarios hora y media o m\u00e1s, en funciones de conferenciante. En realidad \u00bfqu\u00e9 estamos comparando? Cada uno hace lo suyo.<\/p>\n<p>P.- Es Prince un artista complejo de entrevistar?.Con que \u00e1lbum de su discograf\u00eda se quedar\u00eda?<\/p>\n<p>R.- Ya lo creo que era complejo! Fue a finales de los noventa, cuando ten\u00eda una mansi\u00f3n en Marbella. Exig\u00eda saber cu\u00e1l era tu estatura (por lo visto, no le gustaba sentirse empeque\u00f1ecido por el entrevistador). Me avisaron adem\u00e1s que es posible que me cachearan antes del encuentro: no quer\u00eda ning\u00fan tipo de grabadora, bol\u00edgrafo o cuaderno de notas. Adem\u00e1s, me pusieron a prueba con una entrevista a su esposa de entonces, Mayte Garc\u00eda. Y nos lo pasamos tan bien que el gorila de turno debi\u00f3 transmitir un informe negativo&#8230;no sali\u00f3 la entrevista con Su Majestad.<\/p>\n<p>P.- Veo en tu blog que recomiendas que se investigue qu\u00e9 se hace en los festivales al aire libre. No s\u00e9 pero a mi me parece que no se necesita ning\u00fan estudio: se va a lo que se va.<\/p>\n<p>R.- Tu apodo suena hoy un tanto sarc\u00e1stico, con los rumores que corren alrededor del FIB. A lo que preguntas: una cosa es que todos tengamos una idea nebulosa de lo que ocurre en un festival y otra disponer de informes m\u00e1s o menos fiables que retraten lo que realmente pasa. Mi teor\u00eda: lo musical no siempre siempre es m\u00e1s lo importante en los festivales. Los peri\u00f3dicos deber\u00edan mandar a reporteros todo terreno o incluso a periodistas econ\u00f3micos para que informen de lo que ocurre delante y detr\u00e1s de los escenarios.<\/p>\n<p>P.- Para cuando un especial de Moris\u00bf. Ma\u00f1ana compro tu libro en Donosti.<\/p>\n<p>R.- Gracias, Jirafero. Lo que sugieres&#8230;me faltan muchos discos de la discograf\u00eda argentina de Moris, as\u00ed que no me atrever\u00eda.<\/p>\n<p>P.- \u00bfQue te parece ver a Ramonc\u00edn en el concierto independentista de Barcelona?<\/p>\n<p>R.- No me sorprendi\u00f3. De Ramonc\u00edn siempre me asombr\u00f3 su habilidad para el contorsionismo pol\u00edtico. No recuerdo ahora las fechas pero s\u00ed que me asombraba que iba al Pa\u00eds Vasco y se mostraba simpatizante de Herri Batasuna y que, volviendo a Madrid, aparec\u00eda en actos del PSOE. Seguro que ten\u00eda una explicaci\u00f3n maravillosa pero me chocaba que los socialistas estuvieran encantados de aparecer con un tipo que era tan colega de los que defend\u00edan la &#8220;socializaci\u00f3n del sufrimiento&#8221;.<\/p>\n<p>P.- \u00bfLa mujer de Tom Waits influye mucho en su carrera? O firman juntos los discos por las cosas del dinero<\/p>\n<p>R.- \u00bfKathleen Brennan? Influencia decisiva: cambio a la vida moderada, se supone tambi\u00e9n que le empuj\u00f3 hacia proyectos vanguardistas de prestigio etc etc. Otra cosa es la fiabilidad de los cr\u00e9ditos Brennan-Waits. Ella se niega a conceder entrevistas y Tom se pone muy, muy evasivo cuando se le pregunta por m\u00e9todos de trabajo. Un misterio que tardaremos en desvelar, me temo.<\/p>\n<p>P.- Una propuesta: \u00bfSer\u00eda posible introducir clases magistrales en tu blog acerca de la m\u00fasica y lo estilos de m\u00fasica?. Por ejemplo: llevo tiempo divagando acerca de la relaci\u00f3n entre el freakbeat, la m\u00fasica mod y el soul. Creo que una de las personas mejor preparadas para ello eres t\u00fa. Ah\u00ed lo dejo.<\/p>\n<p>R.- Curioso, Sam. No estaba pensando en t\u00e9rminos de &#8220;clases magistrales&#8221; o algo tan elevado pero si llevo meses apartando discos para hacer un Amplificador sobre ese momento tan raro en el que lo mod evoluciona hacia el freakbeat y el rhythm and blues se solidifica en soul. Espero terminarlo antes de que. acabe el verano<\/p>\n<p>P.- Hola, Diego. \u00bfRecomiendas el libro de Grace Morales sobre Mecano?<\/p>\n<p>R.- Desde luego. He estado hoje\u00e1ndolo y tiene muy buena pinta, me apetece mucho. Mecano todav\u00eda no ha salido del cuello de botella de los &#8220;haters&#8221; y la prosa acr\u00edtica de los fans: hay materia para tratar.<\/p>\n<p>P.- Por primera vez en mi vida, tengo que hacer de DJ en la sala de unos amigos. \u00bfMe das algunos consejos para salir vivo del intento?<\/p>\n<p>R.- En esas circunstancias, hay que ser capaz de LEER al personal que tienes delante, lo que espera y lo que necesita (sin que sepa que existe). Yo sol\u00eda ser un poco mosca cojonera: si pinchaba ante un p\u00fablico retro, como me ocurri\u00f3 una vez en Santiago de Compostela, me deleit\u00e9 en ponerles discos con m\u00e1quinas y cajas de ritmo; con p\u00fablico m\u00e1s &#8220;clubber&#8221;, me encantaba poner rock duro. Y en ambos casos casos funcion\u00f3 la herej\u00eda.<\/p>\n<p>P.- Hola Diego. Me parece bochornoso que no dejen entrar a menores acompa\u00f1ados por adultos a los conciertos que se celebran en discotecas (por ej. La Riviera &#8211; Madrid -). Le pas\u00f3 a mi hija, que no pudo ver a Loquillo\/Leiva\/Roth \u00bfEs \u00e9ste el m\u00e9todo de crear cultura musical en los m\u00e1s j\u00f3venes?. Lo dicho, una verg\u00fcenza<\/p>\n<p>R.- Pocas muestras tan asombrosas de la estupidez de nuestra clase pol\u00edtica como la prohibici\u00f3n de entrar a menores de 18 a\u00f1os en un local donde se sirva alcohol. Aparentemente, no se han enterado de la posibilidad de controlar DNIs en barras. Y estamos hablando de un pa\u00eds donde el alcohol forma parte de las celebraciones familiares y de las festividades locales, sin olvidar el invento nacional del botell\u00f3n. Durante un tiempo, pens\u00e9 que respond\u00eda al odio de los peperos por la m\u00fasica rock. Pero es que no tiene ninguna l\u00f3gica: evitan que los adolescentes se acerquen a la m\u00fasica en vivo y les empujan directamente a las fiestas de pastillas, tipo Madrid Arena. Glorioso.<\/p>\n<p>P.- \u00bfHas escuchado alguna banda sonora de las pel\u00edculas de Jes\u00fas Franco? Son una delicia.<\/p>\n<p>R.- Debo reconocer que no me fijaba mucho en las bandas sonoras&#8230;pero s\u00ed que me llamaba la atenci\u00f3n la abundancia de seud\u00f3nimos jazz\u00edsticos en los cr\u00e9ditos de sus pel\u00edculas. Hasta que sali\u00f3 aquella recopilaci\u00f3n de &#8220;Vampyros lesbos&#8221;, con la maravillosa portada de Soledad Miranda, y comprobamos que aquella m\u00fasica funcionaba fuera de su contexto cinematogr\u00e1fico.<\/p>\n<p>P.- C\u00f3mo surgi\u00f3 la idea de crear el Programa Sonideros en Radio 3.Crees que ha cumplido las expectativas trazadas?.Gracias por dise\u00f1ar una radio 3 m\u00e1s abierta y plural.<\/p>\n<p>R.- &#8220;Sonideros&#8221; fue una apuesta por dar espacio a especialistas, no profesionales del micro, que programaran -el domingo por la tarde- m\u00fasica diferente a la que sonaba el resto de la semana en la emisora. El personal fue elegido por Lara L\u00f3pez y un servidor. \u00bfSi cumpl\u00eda las expectativas? Bueno, no todos entendieron la necesidad de diferenciarse pero, en general, si que aportaron m\u00fasicas y artistas que no eran los habituales. Se deber\u00edan engrasar mejor las conversaciones pero lo importante son los discos.<\/p>\n<p>P.- Estoy leyendo el muy recomendable &#8220;The Musics All That Matters: A History of Progressive Rock&#8221; de Paul Stamp. Se echa de menos esfuerzos similares para revisar el tan denostado rock progresivo en nuestro pais.<\/p>\n<p>R.- Curioso que lo menciones. Hay un libro que public\u00f3 el Ministerio de Cultura (\u00a1yes!) en 2008 y se llamaba &#8220;M\u00e1s all\u00e1 del rock&#8221;. Se supone que inclu\u00eda cap\u00edtulos sobre el prog rock en Espa\u00f1a y en Latinoam\u00e9rica pero no lo podr\u00eda jurar: como suele ocurrir con los tomos editados por instituciones, nunca me lo he encontrado. Si alguien lo conoce, podr\u00eda darnos su comentario en la edici\u00f3n del chat en el blog. Gracias anticipadas.<\/p>\n<p>P.- Saludos Diego, Busqu\u00e9 tus art\u00edculos del Triunfo de a\u00f1os ha, y vi que tambi\u00e9n escribiste, con solvencia, sobre temas de ra\u00edz sociopol\u00edtica. \u00bfTe hubiera gustado seguir por esa senda?<\/p>\n<p>R.- S\u00ed, me hubiera gustado. Pero hubo un incidente que me ech\u00f3 para atr\u00e1s. Escrib\u00ed un texto que retrataba el descontrol en el Vietnam del Sur abandonado por Estados Unidos. Anticipaba que la guerra civil -o lo que fuera- se iba a decantar a favor de Vietnam del Norte. Efectivamente, a las pocas semanas entraban los norvietnamitas en Saigon. Me felicitaron pero luego me dio mala conciencia: en realidad, me basaba esencialmente en informaci\u00f3n proporcionada por la embajada del Vietnam del Norte en Par\u00eds. No era precisamente periodismo equilibrado y me sent\u00ed muy mal.<\/p>\n<p>P.- \u00daltimamente asusto y torturo a mis familiares con vinilos de Mari Trini, Cecilia, Manzanita, Miguel R\u00edos, que me parecen excelentemente producidos.\u00bf Qu\u00e9 pas\u00f3 en la industria espa\u00f1ola para que el sonido de los 80 fuera tan opaco y neutro? <\/p>\n<p>R.- Astuta observaci\u00f3n. Los setenta fueron grandes a\u00f1os para el pop espa\u00f1ol, con productores espl\u00e9ndidos que incluso sacaban buen sonido de los estudios que ten\u00edan las discogr\u00e1ficas, a veces junto a sus edificios de oficina. Se alcanz\u00f3 un gran nivel con Rafael Trabuchelli, Jos\u00e9 Luis de Carlos, Juan Carlos Calder\u00f3n, Carlos Narea y tantos otros. Como tantas etapas de la m\u00fasica pop espa\u00f1ola, necesitan una cr\u00f3nica fiable ahora que todav\u00eda hay supervivientes de la epopeya.<\/p>\n","protected":false},"excerpt":{"rendered":"<p>Uno de los m\u00e1s respetados cr\u00edticos musicales charla cada dos martes con los lectores de bandas, discos y de su blog en EL PA\u00cdS, Planeta Manrique.<br \/>\nM\u00e1s entrevistas digitales<\/p>\n","protected":false},"author":1,"featured_media":0,"comment_status":"open","ping_status":"open","sticky":false,"template":"","format":"standard","meta":{"footnotes":""},"categories":[],"tags":[],"class_list":["post-11513","post","type-post","status-publish","format-standard","hentry"],"_links":{"self":[{"href":"https:\/\/intervius.com\/index.html\/wp-json\/wp\/v2\/posts\/11513","targetHints":{"allow":["GET"]}}],"collection":[{"href":"https:\/\/intervius.com\/index.html\/wp-json\/wp\/v2\/posts"}],"about":[{"href":"https:\/\/intervius.com\/index.html\/wp-json\/wp\/v2\/types\/post"}],"author":[{"embeddable":true,"href":"https:\/\/intervius.com\/index.html\/wp-json\/wp\/v2\/users\/1"}],"replies":[{"embeddable":true,"href":"https:\/\/intervius.com\/index.html\/wp-json\/wp\/v2\/comments?post=11513"}],"version-history":[{"count":0,"href":"https:\/\/intervius.com\/index.html\/wp-json\/wp\/v2\/posts\/11513\/revisions"}],"wp:attachment":[{"href":"https:\/\/intervius.com\/index.html\/wp-json\/wp\/v2\/media?parent=11513"}],"wp:term":[{"taxonomy":"category","embeddable":true,"href":"https:\/\/intervius.com\/index.html\/wp-json\/wp\/v2\/categories?post=11513"},{"taxonomy":"post_tag","embeddable":true,"href":"https:\/\/intervius.com\/index.html\/wp-json\/wp\/v2\/tags?post=11513"}],"curies":[{"name":"wp","href":"https:\/\/api.w.org\/{rel}","templated":true}]}}