{"id":1149,"date":"2007-05-17T00:00:00","date_gmt":"2006-11-06T00:00:00","guid":{"rendered":"https:\/\/intervius.com\/index.html\/?p=1149"},"modified":"2006-11-06T00:00:00","modified_gmt":"2006-11-06T00:00:00","slug":"Marcelino_Iglesias1149","status":"publish","type":"post","link":"https:\/\/intervius.com\/index.html\/Marcelino_Iglesias1149\/","title":{"rendered":"Marcelino Iglesias"},"content":{"rendered":"<p>Pregunta.- \u00bfQu\u00e9 fue de la Ley de Lenguas de Arag\u00f3n? \u00bfOtra promesa que ha acabado por caer en saco roto?<\/p>\n<p>Respuesta.- La Ley de lenguas es un imperativo del Estatuto de Arag\u00f3n que tenemos preparada y no quise presentar con esta legislatura para que no coincidiera con el debate del Estatuto de Autonom\u00eda de Catalu\u00f1a, era imposible hacer el debate en ese momento, lo haremos tan pronto empiece la siguiente legislatura.<\/p>\n<p>P.- Se\u00f1or Presidente, qu\u00e9 opini\u00f3n le merece el hecho de que para la Expo de Zaragoza no vayan a estar realizados los proyectos del nuevo barrio del AVE, con la reordenaci\u00f3n del espacio del Portillo, ni el tranv\u00eda, ni la Romareda, ni la segunda estaci\u00f3n del AVE, etc. Le rogar\u00eda que me diera un motivo para volver a votar al PSOE. Gracias.<\/p>\n<p>R.- Ese no es un proyecto de la Expo, es un proyecto distinto, estar\u00e1 avanzado, pero no terminado. Es un proyecto de recuperaci\u00f3n de los viejos terrenos ferroviarias, es un proyecto que se terminar\u00e1 m\u00e1s tarde, no es un proyecto de la Expo.<\/p>\n<p>P.- Buenos dias se\u00f1or Iglesias. \u00bfCu\u00e1les son sus proyectos en cuestion de deportes, y sobre todo en juegos escolares?<\/p>\n<p>R.- Los festivales de esqu\u00ed y monta\u00f1a para toda la juventud, los hemos hecho en los Pirineos. En juegos escolares tenemos todos los a\u00f1os los que desarrollamos en Arag\u00f3n, y estamos hablando con todas nuestras escuelas para fomentar la pr\u00e1ctica deportiva y tambi\u00e9n el respeto al adversario. En esas l\u00edneas seguiremos trabajando.<\/p>\n<p>P.- \u00bfPor qu\u00e9 prefiere que se desborde el Ebro y acabe con mucha flora del entorno antes que dar el agua sobrante a los murcianos?<\/p>\n<p>R.- El agua de una gran avenida no se puede trasvasar. El Ebro es un r\u00edo que tiene que desarrollarse en su propia cuenca, generar riqueza en su propia cuenca y para las zonas que tienen menos agua hay soluciones alternativas mucho m\u00e1s baratas y que contaminan mucho menos que hacer un gran trasvase. El ejemplo de la utilizaci\u00f3n del agua en las zonas como Canarias y Baleares es el ejemplo de c\u00f3mo sin hacer trasvases se puede resolver bien el problema del agua. A Canarias y Baleares van 22 millones de turistas al a\u00f1o y no tienen problemas. Hacer trasvases como lo demuestra el Tajo-Segura supone complicar y dificultar mucho m\u00e1s la soluci\u00f3n al problema.<\/p>\n<p>P.- Buenos d\u00edas: \u00bfCree necesario un nuevo estatuto para Arag\u00f3n? \u00bfCree que ser\u00eda positivo para la Comunidad o no lo ve como una prioridad a corto plazo? <\/p>\n<p>R.- Ya hemos aprobado un nuevo Estatuto era imprescindible porque quer\u00edamos tener el mismo nivel auton\u00f3mico que ten\u00edan nuestros vecinos y porque en Arag\u00f3n m\u00e1s autonom\u00eda es m\u00e1s progreso y m\u00e1s bien estar. <\/p>\n<p>P.- Si decidiera votarle a usted, al final, \u00bfmi voto ser\u00eda para un gobierno progresista, de izquierdas, o para un gobierno conservador, de centro?<\/p>\n<p>R.- Si deciden votarme a m\u00ed y tengo votos suficientes, ser\u00e1 un Gobierno socialista que desarrollar\u00e1 su programa. S\u00f3lo si no tengo votos suficientes me ver\u00e9 obligado a pactar, pero yo espero y trabajo para tener los votos suficientes para gobernar solo.<\/p>\n<p>P.- \u00bfTiene previsto dar ayudas para que los pueblos peque\u00f1os, de Arag\u00f3n, que todav\u00eda no tienen cobertura de telefon\u00eda m\u00f3vil la tendr\u00e1n pr\u00f3ximamente? Gracias.<\/p>\n<p>R.- S\u00ed estamos en un plan no s\u00f3lo de telefon\u00eda m\u00f3vil, tambi\u00e9n con las nuevas tecnolog\u00edas y la expansi\u00f3n de la banda ancha a todo el territorio, adem\u00e1s de la TDT, que esperamos tener cubierto todo el territorio en el a\u00f1o 2010.<\/p>\n<p>P.- Enhorabuena por estos cuatro a\u00f1os y esperemos que sean muchos m\u00e1s, mi pregunta ser\u00eda \u00bfPara cu\u00e1ndo estar\u00e1 lista la autov\u00eda Huesca-Pamplona?, ya que me toca viajar mucho a Barbastro y esa carretera es peligrosa y lenta. saludos<\/p>\n<p>R.- El a\u00f1o 2010 estar\u00e1 lista la carretera entre Lleida y Jaca y en el 2012 el eje completo Pamplona-Lleida. <\/p>\n<p>P.- \u00bfCu\u00e1l es el pacto natural PSOE-CHA o PSOE-PA? Gracias.<\/p>\n<p>R.- El pacto natural para m\u00ed ser\u00eda que tuvi\u00e9ramos mayor\u00eda suficiente, si hay que pactar hay que estar atento a lo que dicen los ciudadanos en las elecciones y adem\u00e1s les har\u00e9 caso. <\/p>\n<p>P.- \u00bfCu\u00e1ndo van a postar ustedes porque Teruel tenga nonexion directa con Madrid por tren que son 200 Kms y no por Zaragoza que son 500 Kms ?<\/p>\n<p>R.- La conexi\u00f3n directa va a ser en un primer momento por autov\u00eda a trav\u00e9s de Cuenca. Ahora estamos terminando la conexi\u00f3n Teruel con Valencia, este verano y Valencia Zaragoza dentro de un a\u00f1o estar\u00e1 terminada. La conexi\u00f3n con Madrid en una primera fase ser\u00e1 a trav\u00e9s de autov\u00eda y no renunciaremos en un futuro a la alta velocidad, pero el primer paso es autov\u00eda.<\/p>\n<p>P.- Medidas para fomentar la creaci\u00f3n de empleo en Arag\u00f3n para j\u00f3venes titulados (licenciados, ingenieros) para la pr\u00f3xima legislatura<\/p>\n<p>R.- Estamos desarrollando proyectos donde est\u00e1n entrando a trabajar muchos titulados y especialmente en ingenier\u00edas en nuestros parques tecnol\u00f3gicos. Por ejemplo, en el parque tecnol\u00f3gico trabajar\u00e1n 500 personas, en todos los institutos de investigaci\u00f3n que desarrollamos 8 nuevos polos hemos pasado de 1.300 investigadores a m\u00e1s de 3.000. En la ciudad del motor en Teruel trabajar\u00e1n muchos ingenieros. Todos los titulados de la Polit\u00e9cnica de Zaragoza encuentran trabajo en los primeros 5 meses despu\u00e9s de su titulaci\u00f3n. Tambi\u00e9n hay cinco proyectos de log\u00edstica que hacemos en Arag\u00f3n a trav\u00e9s de los master que estamos haciendo con el M y T y con el Zaragoza Logistic Center, son nuevas especialidades muy interesantes para ingenieros nuevos. <\/p>\n<p>P.- Sr. Iglesias: Como vecinos que somos: \u00bfcuales han sido y debieran ser las relaciones entre Aragon y Catalu\u00f1a?<\/p>\n<p>R.- La relaci\u00f3n quiero que sea la mejor y trabajo para ello. Aunque siempre tenemos alguna cuesti\u00f3n que produce alg\u00fan roce. Pero mi voluntad es que las relaciones con los vecinos, tanto valencianos, vascos, navarros, franceses&#8230; con todos queremos tener una buena relaci\u00f3n, pero siempre hay alguna cosita por pulir.<\/p>\n<p>P.- \u00bfPor qu\u00e9 en Arag\u00f3n no hay sentimiento de independencia y por qu\u00e9 no se pide como en el Pa\u00eds Vasco y Catalu\u00f1a, acaso no tenemos los mismos derechos que Ellos? Gracias.<\/p>\n<p>R.- Hombre tener ese sentimiento no es ninguna ventaja, la ventaja es compartir bien como es el caso con Arag\u00f3n, nuestra pertenencia a Arag\u00f3n y Espa\u00f1a con naturalidad. Creo que es uno de nuestros grandes activos, el no tener problemas identidario es un valor en el siglo XXI. Creo que tendremos grandes ventajas para nuestro crecimiento y desarrollo.<\/p>\n<p>P.- \u00bfQu\u00e9 postura va a tomar el gobierno de arag\u00f3n en relaci\u00f3n al embalse de mularroya?<\/p>\n<p>R.- Estamos apoyando ese embalse y lo queremos hacer porque es un embalse que est\u00e1 dentro de los pactos que hemos acordado en las obras hidr\u00e1ulicas y que es fundamental para garantizar el agua en pueblos tan importantes como Ricla, \u00c9pila&#8230; esto es la margen derecha del Ebro donde tenemos poca agua, tenemos poca pluviometr\u00eda y por tanto necesitamos regular para tener agua en verano. Es un embalse que vamos a hacer y estamos trabajando en los proyectos. <\/p>\n<p>P.- El futuro del transporte urbano (Tranvia\/Metro) en Zaragoza est\u00e1 siendo utilizado, como otros proyectos, como arma pol\u00edtica contra el adversario, entre otros por sus socios de Gobierno. \u00bfCu\u00e1l cree Ud. que es el mejor modelo?. Gracias y suerte.<\/p>\n<p>R.- Un modelo mixto en Zaragoza estamos de acuerdo con el Ayuintamiento en que haya tranv\u00eda ligero en todas las calles que lo permitan, calles modernas con amplitud, y en la parte m\u00e1s antigua de la ciudad, en el casco antiguo tendr\u00e1 que que haber alguna l\u00ednea de metro. Los dos sistemas es la soluci\u00f3n combinar estos dos sistemas: metro y tranv\u00eda ligero. <\/p>\n<p>P.- Mi pregunta es: \u00bfSe terminar\u00e1n esta Legislatura los Centros de D\u00eda que est\u00e1n empezados y se pondr\u00e1n en funcionamiento, naturalmente con el apoyo del Gobierno de Arag\u00f3n?<\/p>\n<p>R.- Estamos trabajando en muchos Centros de D\u00eda, la legislatura ya ha terminado. Lo que vamos a insistir es en la pr\u00f3xima legislatura una pol\u00edtica m\u00e1s favorable y atenci\u00f3n a la gente mayor en sus familias. Preferimos la atenci\u00f3n de las familias y la atenci\u00f3n en el Centro de D\u00eda antes que las residencias. Las residencias creo que son la \u00faltima opci\u00f3n, cuando no hay garant\u00edas de tener la atenci\u00f3n en su propia casa. Queremos que la gente est\u00e9 en su casa, apoy\u00e1ndoles con ayuda a domicilio, y en esa l\u00ednea trabajar\u00e9. <\/p>\n<p>P.- Si es elegido Presidente, \u00bfva a seguir permitiendo el derroche de recursos que suponen operaciones impulsadas por el Sr. Biel como las Comarcas, la RTVA, y la existencia de determinadas empresas u organismos p\u00fablicos (INAGA, SODEMASA&#8230;) que para nada han mejorado la gesti\u00f3n de servicios p\u00fablicos?<\/p>\n<p>R.- La apuesta por las Comarcas no la he entendido como un derroche, la hemos hecho por unanimidad, todos los partidos pol\u00edticos han estado de acuerdo y en una comunidad tan extensa como la nuestra, m\u00e1s grande que B\u00e9lgica, Holanda&#8230; apostar por el territorio es fundamental. Los medios p\u00fablicos de comunicaci\u00f3n son una herramienta esencial y adem\u00e1s van a ser una palanca para desarrollar en Arag\u00f3n. El sector de la industria audiovisual que nos ayudar\u00e1 a crear nuevos puestos de trabajo y generar\u00e1 econom\u00eda suficiente para financiar lo que nos cuesta la radio y la televisi\u00f3n. <\/p>\n<p>P.- \u00bfNo cree que el Gobierno Central ha dejado, una vez m\u00e1s, de lado a Arag\u00f3n, sobre todo en el tema Infraestructuras, y que usted no le ha apretado las tuercas como deber\u00eda haber hecho?<\/p>\n<p>R.- Ese es un debate que se nos acusa siempre, en los \u00faltimos a\u00f1os hemos hecho un gran despliegue. Por ejemplo el tren de alta velocidad a Madrid en poco m\u00e1s de una hora y la llegada de aqu\u00ed a fin de a\u00f1o del tren a Barcelona en poco m\u00e1s de una hora tambi\u00e9n, cambia todo. Las nuevas autov\u00edas que conectan todos los pueblos de la provincia de Huesca con Barcelona, Bilbao&#8230; cambian nuestra situaci\u00f3n y generan en Arag\u00f3n una nueva centralidad que nos coloca en el centro del 83 % de la econom\u00eda nacional. En el centro de Valencia, Barcelona, el Pa\u00eds Vasco y Navarra, m\u00e1s las regiones del sur de Francia. Esto son m\u00e1s de 20 millones de consumidores que est\u00e1n alrededor de 300 kil\u00f3metros de nosotros y \u00e9sto en alta velocidad es una hora con ese nuevo mapa pasamos de ser perif\u00e9ricos a ser centrales. Y en eso estamos trabajando. <\/p>\n","protected":false},"excerpt":{"rendered":"<p>El actual presidente regional se presenta como candidato a la reeeleci\u00f3n en Arag\u00f3n. Marcelino Iglesias, que comenz\u00f3 en la pol\u00edtica como alcalde de su localidad natal, Bonansa, consigui\u00f3 en 2003 el gobierno de Arag\u00f3n. En esta ocasi\u00f3n, el socialista ha charlado con los lectores sobre su campa\u00f1a y c\u00f3mo compagina su labor de presidente con la campa\u00f1a electoral.<\/p>\n","protected":false},"author":1,"featured_media":0,"comment_status":"open","ping_status":"open","sticky":false,"template":"","format":"standard","meta":{"footnotes":""},"categories":[],"tags":[],"class_list":["post-1149","post","type-post","status-publish","format-standard","hentry"],"_links":{"self":[{"href":"https:\/\/intervius.com\/index.html\/wp-json\/wp\/v2\/posts\/1149","targetHints":{"allow":["GET"]}}],"collection":[{"href":"https:\/\/intervius.com\/index.html\/wp-json\/wp\/v2\/posts"}],"about":[{"href":"https:\/\/intervius.com\/index.html\/wp-json\/wp\/v2\/types\/post"}],"author":[{"embeddable":true,"href":"https:\/\/intervius.com\/index.html\/wp-json\/wp\/v2\/users\/1"}],"replies":[{"embeddable":true,"href":"https:\/\/intervius.com\/index.html\/wp-json\/wp\/v2\/comments?post=1149"}],"version-history":[{"count":0,"href":"https:\/\/intervius.com\/index.html\/wp-json\/wp\/v2\/posts\/1149\/revisions"}],"wp:attachment":[{"href":"https:\/\/intervius.com\/index.html\/wp-json\/wp\/v2\/media?parent=1149"}],"wp:term":[{"taxonomy":"category","embeddable":true,"href":"https:\/\/intervius.com\/index.html\/wp-json\/wp\/v2\/categories?post=1149"},{"taxonomy":"post_tag","embeddable":true,"href":"https:\/\/intervius.com\/index.html\/wp-json\/wp\/v2\/tags?post=1149"}],"curies":[{"name":"wp","href":"https:\/\/api.w.org\/{rel}","templated":true}]}}