{"id":1147,"date":"2007-05-14T00:00:00","date_gmt":"2006-11-06T00:00:00","guid":{"rendered":"https:\/\/intervius.com\/index.html\/?p=1147"},"modified":"2006-11-06T00:00:00","modified_gmt":"2006-11-06T00:00:00","slug":"Dani_Martin1147","status":"publish","type":"post","link":"https:\/\/intervius.com\/index.html\/Dani_Martin1147\/","title":{"rendered":"Dani Mart\u00edn"},"content":{"rendered":"<p>Pregunta.- Hola Dani. Ahora que est\u00e1s triunfando como actor no nos ir\u00e1s a dejar mucho tiempo sin disco nuevo de El Canto del loco \u00bfno? \u00bfQu\u00e9 planes ten\u00e9is con la banda?<\/p>\n<p>Respuesta.- Febrero de 2008, salida de nuevo disco. Un beso grande<\/p>\n<p>P.- hola!soy una fan francesa del canto del loco. gracias a tu y a tus compa\u00f1eros me he reconciliado con mis raices espa\u00f1olas! que fue el mas dificil en el rodaje de la serie? hoy dia no he visto cuenta atras, pero estoy muy contenta que tf1, que es importante aqui, ha adquirido los derechos.ahora estoy muy impacienta de ver la serie y tambien escuchar el proximo album! hasta luego ! <\/p>\n<p>R.- Lo m\u00e1s dif\u00edcil es madrugar tanto, mantener mucho la concentraci\u00f3n, pero me siento un afortunado. Un beso grande.<\/p>\n<p>P.- Como actor , al lado de quien te gustaria actuar? y como musico , con que grupo o solista te gustaria actuar? <\/p>\n<p>R.- Con Javier Bardem y con Los Ronaldos.<\/p>\n<p>P.- Hola!Soy una chica italiana fan de ecdl. Te querr\u00eca preguntar qu\u00e8 sensaciones sentiste cuando viste la serie por primera vez? qu\u00e8 pensaste? Y c\u00f2mo pasaste el d\u00eca del estreno? Enhorabuena por todo! <\/p>\n<p>R.- No me gusta verme mucho porque veo mis defectos, que tengo bastantes como todos los seres humanos, gracias a Dios y lo vi con mis padres. <\/p>\n<p>P.- triunfando en los escenarios y en la television&#8230; aun le quedan sue\u00f1os por cumplir al ex repartidor de la furgoneta?<\/p>\n<p>R.- Triunfar en los escenarios y en la televisi\u00f3n es \u00fanicamente triunfar en el trabajo. Partiendo de la base de que odio la palabra &#8220;triunfo&#8221;, me queda pensar y disfrutar a diario de la gente que me quiere y que tengo a mi lado, que es mi verdadero \u00e9xito y que se complementa con lo otro. Y lo que me queda por hacer en la vida es seguir aprendiendo mucho.<\/p>\n<p>P.- Hola Dani!!!Me gustar\u00eda que nos dieses tre razones para ver la serie &#8220;Cuenta Atr\u00e1s&#8221;!!!Un saludo y enhorabuena!!!<\/p>\n<p>R.- Diferente, hecha con el 100% del coraz\u00f3n y cabe la posibilidad de que nos hayamos equivocado en algo. Besos<\/p>\n<p>P.- Ola DANI ME gustas muxo kmo tio y kmo kantante! eres el mejor y me encanta tu manera de ver el mundo. por eso t kiero preguntar esto: as pensado alguna vez en formalizarte y crear una familia? t gustaria eso para el futuro?<\/p>\n<p>R.- Yo creo que ser\u00eda el \u00e9xito m\u00e1s grande de un ser humano y es uno de mis deseos. <\/p>\n<p>P.- Corso no es un policia corriente,se toma la justicia un poco por su mano&#8230;\u00bfNo crees que da una cierta imagen de policia corrupto?Sammy_loka<\/p>\n<p>R.- Corso, si algo es, es anticorrupto. \u00c9l no coge nada que no le pertenece. Lo \u00fanico, que utiliza sus m\u00e9todos pensando siempre m\u00e1s en la persona y en lo humano que en la ley.<\/p>\n<p>P.- hola! \u00bfpodrias decirme tu director,pelicula y actores preferidos? gracias!<\/p>\n<p>R.- Mi director favorito es Bigas Luna; mi pel\u00edcula favorita &#8220;El golpe&#8221;; y mis actores favoritos, Al Pacino, Robert De Niro y Bardem. <\/p>\n<p>P.- Enhorabuena por este \u00e9xito, Daniel!! \ud83d\ude09 Creo que t\u00fa no sol\u00eds madrugar tanto normalmente, no? C\u00f3mo llevas esos madrugones para ir a grabar? Imagino que lo haces con muchas ganas.. BEsos!<\/p>\n<p>R.- A veces con muchas ganas y a veces no. Un besito.<\/p>\n<p>P.- \u00bfTe has inspirado en algun personaje concreto para tu papel en la serie como Corso?<\/p>\n<p>R.- He buscado en cosas m\u00edas que puedan tener con \u00e9l y creo que lo he comparado con mucha gente y de ah\u00ed he sacado cosas.<\/p>\n<p>P.- HOLA!! YO NO SUELO HACER ESTO PERO ES UN FAVOR&#8230; SOY UNA ENFERMERA DE 27 A\u00d1OS QUE TRABAJO EN UN HOSPITAL EN LA PLANTA DE PEDIATRIA Y ME HAN PEDIDO &#8220;MIS NI\u00d1OS&#8221; QUE POR FAVOR TE DIJERA QUE SIGAS SIEMPRE SIENDO ESE &#8220;PINXO DE TORTILLA&#8221; QUE NOS GUSTA A TODOS, QUE NO SE TE SUBA NADA A LA BOLA Y QUE SI TE QUEDA ALGUN SUE\u00d1O M\u00c1S POR CUMPLIR&#8230;AH! Y QUE SI NOS PODR\u00cdAS ESCRIBIR ALGO (alteakx@hotmail.com) PARA PONERLO EN NUESTRO &#8220;PANEL DE AMIGOS&#8221;&#8230;. UN BESO Y MUXAS GRACIAS!! PD:ENHORABUENA.<\/p>\n<p>R.- Estas son las cosas que m\u00e1s feliz me hacen porque me hacen sentir un ser humano. Ojal\u00e1 no existieran las cosas malas y feas y que si hay alg\u00fan ni\u00f1o que est\u00e1 malito ah\u00ed, que se ponga bueno y que mucho cari\u00f1o y mucho amor para todos ellos. Y que \u00a1vivan los pinchos de tortilla!<\/p>\n<p>P.- me encanta tu faceta de actor,as estudiado antes para acerlo tan bien?un beso<\/p>\n<p>R.- Gracias por lo que dices. S\u00ed, he estudiado Arte Dram\u00e1tico, pero creo que la mejor escuela es la vida y el trabajo. <\/p>\n<p>P.- Dani como haces para conseguir lo que te propones??? tio eres el puto amo eee&#8230;corso es un tio que va a dar mucho que hablar&#8230;un abrazo enorme tio!!!<\/p>\n<p>R.- Trabajo, ilusi\u00f3n, muchos cojones y buena cara siempre. Creo que con eso y un poco de buena suerte las cosas salen. Gracias<\/p>\n<p>P.- QUE SENTISTE LA PRIMERA VEZ QUE TE PUSISTE DELANTE DE UNA CAMARA? QUE EDAD TENIAS?<\/p>\n<p>R.- Ten\u00eda 14 a\u00f1os y sinceramente no me acuerdo de lo que sent\u00ed. Lo que s\u00ed que siento cada vez que me pongo delante de una es respeto. <\/p>\n<p>P.- Hola dani!!!!esto mas que una pregunta es una curiosidad \u00bfpq en la mayor\u00eda de los papaeles que haces son de tipos chulos? pero que nos encantan&#8230;.<\/p>\n<p>R.- Creo que Corso tiene m\u00e1s cosas a parte de chulo, pero hasta ahora son los papeles que me dan. <\/p>\n<p>P.- Pese a no ser gran fan de tu m\u00fasica te he visto 3 veces en concierto porque lo que m\u00e1s me atrae es tu manera de enganchar en directo&#8230;. y eso tambi\u00e9n me ha pasado con tus interpretaciones. \u00bfC\u00f3mo te preparas para enfrentar los nuevos retos de cada d\u00eda? \u00bfQu\u00e9 tiene que tener un personaje para que te decidas por \u00e9l?? Gracias y mucha suerte!!<\/p>\n<p>R.- Gracias. Creo que hay que levantarse por la ma\u00f1ana con ilusi\u00f3n y luchar por conseguir lo que quieres. Creo que hay que ser generoso y tener la suerte de tener la familia que tengo y los amigos. Y luego, para decir que s\u00ed a un personaje, simplemente me tiene que gustar la cadena que lo va a emitir, mis compa\u00f1eros y el momento.<\/p>\n<p>P.- Hola Dani,ese aspecto que das de chico malo,\u00bfes real? \u00bfte gusta hacer travesuras?<\/p>\n<p>R.- Yo creo que es una coraza de mi inseguridad y por supuesto que me gusta hacer travesuras, a todo el mundo. <\/p>\n<p>P.- Queria decirte que me gusta mucho tu m\u00fasica y tambien tu actuaci\u00f3n en la televisi\u00f3n. Cuando te dijeron que tu papel era de un policia que te pareci\u00f3 la idea? Un saludo Besos.<\/p>\n<p>R.- Que si iba vestido de polic\u00eda, no la har\u00eda. Y me encant\u00f3 la idea luego al ver c\u00f3mo era. <\/p>\n<p>P.- \u00bfPara cu\u00e1ndo vas a hacer un curso de diccci\u00f3n?<\/p>\n<p>R.- Tienes toda la raz\u00f3n. Reconozco que no tengo una buena dicci\u00f3n y cuanto antes debo ponerme con ello. Gracias.<\/p>\n<p>P.- \u00bfQu\u00e9 opinas sobre la violencia? <\/p>\n<p>R.- Me apesta. <\/p>\n<p>P.- Buenos dias Dani, me encant\u00f3 la serie, sobre todo que estuviera rodada en exteriores y todos los medios que tiene que no hace que sea cutre, como estamos acostumbrados en algunas series&#8230; Quien decide el trabajo que haces (musica, cine, TV? te asesora alguien? Un besito enorme, me encantas <\/p>\n<p>R.- Mi coraz\u00f3n. Ese es mi asesor. <\/p>\n<p>P.- Te vi en &#8220;Cuenta atr\u00e1s&#8221; y me parece que te adecuas al personaje, pero quisiera saber cu\u00e1nto has aprendido desde tus primeras actuaciones para la pantalla, desde Al salir de clase, pues por alg\u00fan lado he le\u00eddo que eres &#8220;actor metido a cantante&#8221;&#8230; Suerte!<\/p>\n<p>R.- Yo creo que la vida te hace aprender y que cada trabajo es un taller que te va dando cosas para hacer el siguiente mejor. <\/p>\n<p>P.- \u00bfEn que se diferencia esta serie de policias con otras de este mismo g\u00e9nero? \u00bfAporta algo nuevo? Me ha gustado el principio de la serie pero me resulta raro que no cantes, ja,ja,ja&#8230;.. Besos<\/p>\n<p>R.- Yo creo que es novedosa porque en Espa\u00f1a no se ha hecho algo as\u00ed. Y el formato creo que aporta mucha novedad. Y Corso no canta. jajajajaja<\/p>\n<p>P.- holaa!!dani danos algun adelanto de la serie?q pasara??? besos loko!!<\/p>\n<p>R.- Pasar\u00e1n muchas cosas y lo m\u00e1s bonito es que nos podemos sentir identificados con muchas. <\/p>\n<p>P.- \u00bfQue te parece la alta aceptaci\u00f3n que tienes por parte del mundo gay? Un saludo.<\/p>\n<p>R.- Me parece estupendo, pero no lo sab\u00eda. Respeto a todo el mundo. Ser felices.<\/p>\n<p>P.- \u00bfdani si pudieras eleigir que preferirias un oscar o un grammy?<\/p>\n<p>R.- Preferir\u00eda ser feliz y seguir teniendo lo que tengo, que es a mi gente que me quiere, que son los que se quedar\u00e1n conmigo toda la vida. Y al se\u00f1or Oscar y al se\u00f1or Grammy, los veo muy lejos. <\/p>\n<p>P.- \u00bfHas leido las cr\u00edticas de la serie? \u00bfQu\u00e9 te parecen?. besos<\/p>\n<p>R.- S\u00ed, las he le\u00eddo todas. La conclusi\u00f3n que he sacado es que tengo un problema de dicci\u00f3n y estoy totalmente de acuerdo. Debo aprender a sacar la voz y a utilizarla y a pronunciar debidamente. No estoy haciendo la serie ni nada en la vida para demostrar que soy bueno o malo, s\u00f3lo intento hacer lo que me gusta y hacerlo lo mejor posible. Lo bonito en esta vida es gustar y no gustar. No se le puede gustar a todo el mundo. As\u00ed que acepto cualquier tipo de cr\u00edtica constructiva.<\/p>\n<p>P.- La teatral chuler\u00eda que desprende tu personaje, a veces rayando en lo c\u00f3mico y pueril, es cosecha propia, o bien una interpretaci\u00f3n literal del gui\u00f3n?<\/p>\n<p>R.- Corso es animal, primario y pueril. Y da la casualidad de que yo tambi\u00e9n. No s\u00e9 si es bueno o malo, pero es.<\/p>\n<p>P.- En estos d\u00edas de campa\u00f1a electoral, \u00bfVas a ir a votar el pr\u00f3ximo 27 de Marzo? \u00bfConfias en alg\u00fan partdo pol\u00edtico?<\/p>\n<p>R.- En estos d\u00edas de campa\u00f1a electoral, \u00bfVas a ir a votar el pr\u00f3ximo 27 de Marzo? \u00bfConfias en alg\u00fan partdo pol\u00edtico?<\/p>\n<p>P.- Sin \u00e1nimo de ofender: No t parece que eres un poco chulo?<\/p>\n<p>R.- No me conoces y supongo que te referir\u00e1s al personaje. Y, si me conoces, lo que puede parecer chuler\u00eda es simplemente un escudo y nada m\u00e1s. Un beso.<\/p>\n<p>P.- \u00bfCual ha sido tu mayor Cuenta Atr\u00e1s??<\/p>\n<p>R.- El d\u00eda a d\u00eda es un examen. Yo soy una persona que da el 100%. Cada d\u00eda es mi Cuenta Atr\u00e1s. <\/p>\n<p>P.- DEJARIAS LA MUSICA POR UNA BUENA OFERTA EN EL CINE?<\/p>\n<p>R.- Jam\u00e1s voy a dejar la m\u00fasica. Amo la m\u00fasica por encima de todo. <\/p>\n<p>P.- dani es verdad que se va tu primo del grupo?<\/p>\n<p>R.- Falso total. Nuevo disco 2008.<\/p>\n<p>P.- Dicen que tu nombre no es Dani Mart\u00edn que ese es tu nombre artistico \u00bfEso es verdad?<\/p>\n<p>R.- No. Me llamo Daniel Mart\u00edn Garc\u00eda. Creo si hubiera elegido un nombre art\u00edstico, no hubiera elegido \u00e9ste, que de art\u00edstico tiene poco. <\/p>\n<p>P.- \u00bfTienes doble para alguna que otra escena de riesgo o lo haces tu todo? gracias<\/p>\n<p>R.- Intento hacerlo todo yo, pero hay gente especializada y que hace esos trabajos y, en algunos momentos, para no correr riesgos, tengo un doble.<\/p>\n<p>P.- \u00bfHab\u00e9is tenido alg\u00fan tipo de entrenamiento adicional para el papel de policia? <\/p>\n<p>R.- Estuvimos en una galer\u00eda de tiro de la Polic\u00eda Nacional y recibiendo charlas de polic\u00eda cient\u00edfica, de bal\u00edstica, etc&#8230;<\/p>\n","protected":false},"excerpt":{"rendered":"<p>Dani Mart\u00edn, protagonista de la serie Cuenta Atr\u00e1s, que Cuatro emite los martes a las 23.00h, ha charlado con los internautas.<\/p>\n","protected":false},"author":1,"featured_media":0,"comment_status":"open","ping_status":"open","sticky":false,"template":"","format":"standard","meta":{"footnotes":""},"categories":[],"tags":[],"class_list":["post-1147","post","type-post","status-publish","format-standard","hentry"],"_links":{"self":[{"href":"https:\/\/intervius.com\/index.html\/wp-json\/wp\/v2\/posts\/1147","targetHints":{"allow":["GET"]}}],"collection":[{"href":"https:\/\/intervius.com\/index.html\/wp-json\/wp\/v2\/posts"}],"about":[{"href":"https:\/\/intervius.com\/index.html\/wp-json\/wp\/v2\/types\/post"}],"author":[{"embeddable":true,"href":"https:\/\/intervius.com\/index.html\/wp-json\/wp\/v2\/users\/1"}],"replies":[{"embeddable":true,"href":"https:\/\/intervius.com\/index.html\/wp-json\/wp\/v2\/comments?post=1147"}],"version-history":[{"count":0,"href":"https:\/\/intervius.com\/index.html\/wp-json\/wp\/v2\/posts\/1147\/revisions"}],"wp:attachment":[{"href":"https:\/\/intervius.com\/index.html\/wp-json\/wp\/v2\/media?parent=1147"}],"wp:term":[{"taxonomy":"category","embeddable":true,"href":"https:\/\/intervius.com\/index.html\/wp-json\/wp\/v2\/categories?post=1147"},{"taxonomy":"post_tag","embeddable":true,"href":"https:\/\/intervius.com\/index.html\/wp-json\/wp\/v2\/tags?post=1147"}],"curies":[{"name":"wp","href":"https:\/\/api.w.org\/{rel}","templated":true}]}}