{"id":11467,"date":"2013-06-10T00:00:00","date_gmt":"2006-11-06T00:00:00","guid":{"rendered":"https:\/\/intervius.com\/index.html\/?p=11467"},"modified":"2006-11-06T00:00:00","modified_gmt":"2006-11-06T00:00:00","slug":"Juan_Mora11467","status":"publish","type":"post","link":"https:\/\/intervius.com\/index.html\/Juan_Mora11467\/","title":{"rendered":"Juan Mora"},"content":{"rendered":"<p>Pregunta.- En que se basa usted para decir que no fue falta a SADA por que viendo las im\u00e1genes fue muy dudosa y en caso de no ser falta el bal\u00f3n era para el barsa. <\/p>\n<p>Respuesta.- Me baso en las im\u00e1genes. Lo que percibo en ellas es que los brazos de Sada son lo \u00faltimo que toca el bal\u00f3n, y en la jugada no aprecio falta.<\/p>\n<p>P.- Sr. Mora: Nueva exhibici\u00f3n de alonso, y a pesar de ello, est\u00e1 a 36 puntos de Vettel. Sinceramente, este a\u00f1o cre\u00eda que, gracias a los neum\u00e1ticos, el asturiano le iba a dar una lecci\u00f3n al alem\u00e1n, pero ni as\u00ed&#8230;. \u00bfNo ser\u00e1 que Alonso no es tan tan bueno y Vettel quiz\u00e1, solo quiz\u00e1, es mejor que fernando?<\/p>\n<p>R.- Alonso es bueno y Vettel es bueno. Como la inmensa mayor\u00eda de los pilotos de F\u00f3rmula 1. Por supuesto que unos son mejores que otros, y eso se puede medir en cent\u00e9simas, pero las principales diferencias las marcan los coches, y eso ya se mide en d\u00e9cimas. Tal es as\u00ed, que yo creo que pocos dudar\u00edan en que si Alonso llevase el Red Bull ya tendr\u00eda en su haber unos cuantos t\u00edtulos.<\/p>\n<p>P.- Ha perdido ferrer la oportunida de su vida?<\/p>\n<p>R.- No, porque ganar a Nadal ahora mismo es una quimera. La hubiera perdido si enfrente hubiese tenido a otro jugador. Hay que tener en cuenta que esta final la ha alcanzado Ferrer despu\u00e9s de no haber coincidido en ninguna ronda con el mismo Nadal, con Djokovic, con Federer o con Murray.<\/p>\n<p>P.- \u00a1Hola, Mora! Perdona el tuteo pero fuimos juntos al Colegio San Pablo, de modo que, \u00a1fig\u00farate! En fin, ah\u00ed va mi pregunta: \u00bfcu\u00e1ndo vais a saltar los periodistas al cuello de los entrevistados que mienten con absoluto descaro?<\/p>\n<p>R.- \u00a1Hola, Carmona! \u00a1Cu\u00e1nto tiempo! Ja, ja. La pasada semana, por cierto, contact\u00f3 conmigo Claver. Al grano. Buena pregunta. Hombre, tenemos que guardar cierto respeto y no hacer presunci\u00f3n de que mienten. En todo caso ser\u00e1 su verdad. Ahora bien, si se trata de una mentira flagrante, para esto est\u00e1n las contrapreguntas. \u00a1Un saludo!<\/p>\n<p>P.- Juan, crees que Nadal est\u00e1 en condiciones de recupoerar el n\u00famero uno del r\u00e1nking este mismo a\u00f1o? en teor\u00eda, al no sumar puntos el a\u00f1o pasado ser\u00eda posible, no?<\/p>\n<p>R.- La diferencia es grande, y en todo caso depender\u00e1 del rendimiento que ofrezcan quienes le preceden. Pero dicho esto, Nadal va a recuperar terreno r\u00e1pidamente porque no tiene que defender puntos. Al no haber jugado ning\u00fan torneo desde el verano pasado, cualquiera que juegue le supondr\u00e1 una buena renta de puntos, y las diferencias se van a recortar r\u00e1pidamente.<\/p>\n<p>P.- Gana Nadal, Alonso es segundo, mandamos en las motos? \u00a1Cualquiera dir\u00eda que estamos en crisis! Con estos \u00e9xitos ustedes contribuyen a tapar la crisis que sufren los dem\u00e1s deportes en lugar de denunciarlo.<\/p>\n<p>R.- No tengo la impresi\u00f3n de que tapemos nada. Al menos intencionadamente. Nosotros informamos, y en la prensa deportiva se venden mejor las buenas noticias que las malas. \u00a1C\u00f3mo no hacer un despliegue con el \u00e9xito de Nadal ayer! Y cuando hay noticias no tan buenas, tambi\u00e9n informamos. Recientemente publicamos las quejas en la nataci\u00f3n, porque los recortes han afectado a la preparaci\u00f3n que est\u00e1n realizando en Sierra Nevada de cara al Mundial. Y tambi\u00e9n vamos dando cuenta de los copagos que se est\u00e1n produciendo en diversos deportes para acudir a las competiciones. De verdad, no tapamos nada, pero una de las peculiaridades de la prensa deportiva, cr\u00e9ame, es que afortunadamente est\u00e1 llena de buenas noticias, al contrario de la prensa generalista.<\/p>\n<p>P.- Despu\u00e9s de haber ganado la Dauphin\u00e9, \u00bfves a Froome favorito para llevarse el Tour? \u00bfTe ha defraudado Contador?<\/p>\n<p>R.- Tanto como favorito&#8230; Ha demostrado que va a estar ah\u00ed, como el a\u00f1o pasado, con la diferencia de que en \u00e9sta no se va a encontrar el tap\u00f3n de Wiggins. Froome es un gran corredor, pero tampoco tan excepcional como para considerarle el favorito. Ser\u00e1 en todo caso uno m\u00e1s. Como Contador, pongo por caso, quien no me ha defraudado, aunque esperaba m\u00e1s de \u00e9l, pero todo indica que ha cambiado su preparaci\u00f3n y va espec\u00edficamente dirigida hacia el Tour. Lo tiene en la cabeza, y para \u00e9l esta temporada no existe otra carrera. La sanci\u00f3n le ense\u00f1\u00f3 a tener paciencia para esperar y da la impresi\u00f3n de que es lo que est\u00e1 haciendo esta temporada.<\/p>\n<p>P.- \u00bfEs Nadal el mejor deportista espa\u00f1ol de todos los tiempos?<\/p>\n<p>R.- Como tal se le puede considerar, pues se ha convertido en el mejor embajador deportivo de Espa\u00f1a. No s\u00f3lo por sus triunfos y r\u00e9cords, sino por su car\u00e1cter y popularidad.<\/p>\n<p>P.- Todos pudimos ver en la televisi\u00f3n c\u00f3mo Rudy solt\u00f3 el codo a Tomic despu\u00e9s de un bloqueo ciertamente duro. Pero mientras esto fue en una jugada, lo de Rudy fue posterior, por lo que creo que debi\u00f3 de ser severamente castigado. Luego Rudy se queja de que le pitan por donde va, pero es que con sus provocaciones no se gana m\u00e1s que enemigos.<\/p>\n<p>R.- Si no fue castigado ser\u00eda, indudablemente, porque los \u00e1rbitros no vieron la acci\u00f3n. En todo caso, y como dice, Rudy se ha ganado la fama de provocador y esto le ha costado el desafecto de las aficiones rivales, que se vuelcan contra \u00e9l, lo cual les viene muy bien a a sus compa\u00f1eros, porque les libera de la presi\u00f3n, mientras que a \u00e9l no parece afectarle. Al contrario.<\/p>\n<p>P.- \u00bfNo cree que el espect\u00e1culo dado ayer por el Barcelona de Baloncesto, con esas protestas masivas, es deplorable, y que deber\u00eda haber sanciones serias para que no se vuelva a repetir? Muchas gracias <\/p>\n<p>R.- No fue muy deportivo, la verdad, pero como tampoco lleg\u00f3 la sangre al r\u00edo la cosa estuvo bien como qued\u00f3. Si los \u00e1rbitros se ponen a echar gente hubiera resultado ejemplarizante pero desmedido.<\/p>\n<p>P.- Cuando volver\u00e1 a ser Nadal n\u00famero uno?<\/p>\n<p>R.- Creo que para el a\u00f1o que viene a estas alturas no me har\u00e1 esta pregunta, porque ya lo ser\u00e1.<\/p>\n<p>P.- Ves a este Madrid campe\u00f3n de la ACB?<\/p>\n<p>R.- Sinceramente, s\u00ed. No me gust\u00f3 su partido de ayer, pero era el que ten\u00eda que ganar para quitarse fantasmas de encima. Le veo superior al Barcelona por talento individual. Si en alg\u00fan partido funciona como equipo en todos los cuartos, sus problemas desaparecer\u00e1n.<\/p>\n","protected":false},"excerpt":{"rendered":"<p>Porque el deporte va m\u00e1s all\u00e1 del f\u00fatbol, Juan Mora, subdirector del diario AS, ha charlado este lunes a las 11 con los internautas sobre las diversas disciplinas deportivas al margen del f\u00fatbol, con especial atenci\u00f3n al octavo Roland Garros de Nadal o la final de la Liga Endesa.<\/p>\n","protected":false},"author":1,"featured_media":0,"comment_status":"open","ping_status":"open","sticky":false,"template":"","format":"standard","meta":{"footnotes":""},"categories":[],"tags":[],"class_list":["post-11467","post","type-post","status-publish","format-standard","hentry"],"_links":{"self":[{"href":"https:\/\/intervius.com\/index.html\/wp-json\/wp\/v2\/posts\/11467","targetHints":{"allow":["GET"]}}],"collection":[{"href":"https:\/\/intervius.com\/index.html\/wp-json\/wp\/v2\/posts"}],"about":[{"href":"https:\/\/intervius.com\/index.html\/wp-json\/wp\/v2\/types\/post"}],"author":[{"embeddable":true,"href":"https:\/\/intervius.com\/index.html\/wp-json\/wp\/v2\/users\/1"}],"replies":[{"embeddable":true,"href":"https:\/\/intervius.com\/index.html\/wp-json\/wp\/v2\/comments?post=11467"}],"version-history":[{"count":0,"href":"https:\/\/intervius.com\/index.html\/wp-json\/wp\/v2\/posts\/11467\/revisions"}],"wp:attachment":[{"href":"https:\/\/intervius.com\/index.html\/wp-json\/wp\/v2\/media?parent=11467"}],"wp:term":[{"taxonomy":"category","embeddable":true,"href":"https:\/\/intervius.com\/index.html\/wp-json\/wp\/v2\/categories?post=11467"},{"taxonomy":"post_tag","embeddable":true,"href":"https:\/\/intervius.com\/index.html\/wp-json\/wp\/v2\/tags?post=11467"}],"curies":[{"name":"wp","href":"https:\/\/api.w.org\/{rel}","templated":true}]}}