{"id":1140,"date":"2007-05-13T00:00:00","date_gmt":"2006-11-06T00:00:00","guid":{"rendered":"https:\/\/intervius.com\/index.html\/?p=1140"},"modified":"2006-11-06T00:00:00","modified_gmt":"2006-11-06T00:00:00","slug":"Jose_Vicente_Mediavilla1140","status":"publish","type":"post","link":"https:\/\/intervius.com\/index.html\/Jose_Vicente_Mediavilla1140\/","title":{"rendered":"Jos\u00e9 Vicente Mediavilla"},"content":{"rendered":"<p>Pregunta.- \u00bfQu\u00e9 va a pasar con el proyectodel Parque Tecnologico de Santander?<\/p>\n<p>Respuesta.- Vamos a ampliar el Parque Cient\u00edfico y Tecnol\u00f3gico y, adem\u00e1s, justo enfrente vamos a construir un gran parque empresarial de 900.000 metros cuadrados que posibilitar\u00e1 que se instalen cientos de empresas y se generen miles de puestos de trabajo para nuestros j\u00f3venes santanderinos<\/p>\n<p>P.- \u00bfMe podr\u00edas explicar (si es posible) por qu\u00e9 no has puesto a Miriam Garc\u00eda como n\u00famero 2 en lugar de a la Lamelas (demasiado estirada para mi gusto)?<\/p>\n<p>R.- Sin entrar en valoraciones personales, te dir\u00e9 que Miriam y Ana son colaboradoras directas m\u00edas. Miriam, por supuesto, seguir\u00e1 colaborando activamente en el futuro <\/p>\n<p>P.- Me paseo por su sede en el precioso paseo Pereda y solo encuentro fotos de la zona noble de la ciudad, \u00bfse har\u00e1 de una vez por todas una profunda reestructuraci\u00f3n de las barriadas a 2 minutos del centro de la zona de Entre Huertas y R\u00edo de la Pila? \u00bfDe verdad creen que alguien pagar\u00e1 1 euro por subir 300m en el funicular?<\/p>\n<p>R.- La principal medida de nuestro programa es igualar todos los barrios de la ciudad. Todos los barrios deben contar con los mismos servicios, en definitiva, todos los ciudadanos tendr\u00e1n los mismos derechos. Desde luego, nosotros hemos impulsado la necesaria rehabilitaci\u00f3n del Cabildo de Arriba y proponemos la rehabilitaci\u00f3n de las zonas degradadas en Santander como los que usted ha nombrado y muchos otros. <\/p>\n<p>P.- \u00bfQueda alg\u00fan terreno en Santander por donde pueda crecer la ciudad de una manera sostenible?<\/p>\n<p>R.- S\u00ed. adem\u00e1s de rehabilitar las zonas degradas del centro de Santander, a\u00fan quedan terrenos para crecer de forma sostenible en la ciudad. Lo que ocurre es que discrepamos de las propuestas del Partido Popular en el sentido de que parte de esos terrenos (concretamente los que est\u00e1n enfrente del Parque Cient\u00edfico y Tecnol\u00f3gico) se destinen s\u00f3lo para la construcci\u00f3n de miles de viviendas. nosotros creemos que deben servir para generar miles de puestos de trabajo<\/p>\n<p>P.- En caso de que el PP no sacase mayor\u00eda absoluta y le ofreciesen un pacto para gobernar, \u00bfaceptar\u00eda este pacto o renovar\u00eda los acuerdos con el PSOE?<\/p>\n<p>R.- Yo no tengo un pacto con ninguna formaci\u00f3n pol\u00edtica. Mi pacto es con mis ciudadanos. Ahora bien, si fuese necesario pactar pondr\u00eda encima de la mesa los proyectos que van a mejorar la calidad de vida de los santanderinos. No en funci\u00f3n de siglas ni de cargos, sino en funci\u00f3n del bien com\u00fan de los ciudadanos. <\/p>\n<p>P.- \u00bfQu\u00e9 medidas ecol\u00f3gicas recoge su programa?<\/p>\n<p>R.- Fomentaremos el uso de las energ\u00edas renovables, implantaremos progresivamente una red de carriles bici, disminuiremos los residuos a vertedero un 20%.. Son muchas medidas que surgen de una verdadera preocupaci\u00f3n por el medio ambiente.<\/p>\n<p>P.- \u00bfQu\u00e9 es lo primero que piensa hacer en caso de salir elegido?\u00bfCu\u00e1l ser su primera medida como alcalde de Santander?<\/p>\n<p>R.- Abrir las puertas del despacho a todos los ciudadanos que quieran hablar con el alcalde y escuchar a todos los vecinos. <\/p>\n<p>P.- \u00bfQu\u00e9 medidas para mejorar el transporte piensa tomar? Dentro de la ciudad uno se puede mover relativamente bien, pero si quieres salir a las afueras, todo se complica. Adem\u00e1s el FEVE es una porquer\u00eda de tren. \u00bfPara cuando el AVE a Santander?<\/p>\n<p>R.- El tr\u00e1fico y la falta de aparcamiento es uno de los grandes problemas que sufrimos los santanderinos. Problemas que el PP ni siquiera ha mejorado. Para nosotros es claro que uno de los problemas del transporte es la falta de conexi\u00f3n de los barrios con la ciudad. Nuestra propuesta pasa por crear una red de tranv\u00edas que conectar\u00e1 toda la ciudad, potenciar el uso del transporte ampliando la l\u00edneas y la frecuencia de los autobuses en los casos que sea necesario. En cuanto al aparcamiento, daremos una tarjeta de la O.L.A. gratuita a los residentes y a los comerciantes y crearemos una red de aparcamientos para residentes distribuidos por toda la ciudad. Mi deseo es que el AVE llegue cuanto antes a Santannder. <\/p>\n<p>P.- \u00bfQue haria para mejorar la ciudad?<\/p>\n<p>R.- Tantas cosas&#8230; Primero invertir\u00eda en los barrios que han estado durante a\u00f1os totalmente olvidados. Propiciar\u00eda actividades de ocio, l\u00fadicas y de entretenimiento para impulsar el centro de Santander. Y, sobre todo, dar\u00eda oportunidades a los j\u00f3venes en materia de vivienda y empleo. En el futuro una de cada dos viviendas que se construya ser\u00e1 una vivienda asequible. TAmbi\u00e9n potenciaremos la vivienda en r\u00e9gimen de alquiler protegido. En definitiva, crear una ciudad para vivir e invertir, en la que ning\u00fan joven se tenga que marchar de la ciudad, como pasa hoy.<\/p>\n<p>P.- Tengo a\u00fan dudoso mi voto, pero verdaderamentesus propuestas y figura como candidato me atraen. \u00bfCree sinceramente que con su alcald\u00eda disminuir\u00e1 las diferencias de equipamiento entre la fachada de Santander y su interior?. Un saludo<\/p>\n<p>R.- Estoy convencido, ese es nuestro objetivo. Te invito a nuestra oficina para que veas todos nuestro proyectos. Es el tiempo del cambio en Santander , que supondr\u00e1, sobre todo, equiparar los distintos barrios, para que no haya ciudadanos de primera y de segunda. Queremos que cada barrio de Santander cuente con un centro c\u00edvico, donde se pueda hacer teatro, gimnasia, navegar en internet&#8230; Todo en beneficio de nuestros ciudadanos. <\/p>\n<p>P.- \u00bfQu\u00e9 recuerdos tiene de Benito Huerta?<\/p>\n<p>R.- Muy gratos. Una gran persona y un extraordinario abogado.<\/p>\n<p>P.- \u00bfLe parece que el proyecto de Parque de la Vaguada de las Llamas, lleno de cemento y absolutamente artificial, es el adecuado para la zona? \u00bfConoce los estudios que hablan de que las playas de El Sardinero pueden desaparecer en 50 a\u00f1os y que manipular la zona de las Llamas lo va a acelerar?<\/p>\n<p>R.- Lo primero es decir que estamos a favor de que haya un parque en la Vaguada de Las Llamas en beneficio de los ciudadanos. Pero, eso s\u00ed, estamos totalmente en contra de haber despilfarrado 5.000 millones de pesetas en la construcci\u00f3n de ese parque. Con ese dinero nosotros hubi\u00e9ramos construido un excelente parque en Las Llamas y, adem\u00e1s, hubi\u00e9rmos podido construir centros c\u00edvicos, residencias para nuestros mayores, guarder\u00edas para nuestros hijos, piscinas&#8230; Tantas cosas necesarias para uso y disfrute de nuestros vecinos. No debemos olvidar que a\u00fan no est\u00e1 concluido y que se quieren gastar otros 7.000 millones m\u00e1s. Eso sin mencionar lo que costar\u00e1 su mantenimiento. <\/p>\n<p>P.- Tengo entendido que el Director-Gerente del Hospital Universitario Marqu\u00e9d de Valdecilla no ha aceptado su ofrecimiento para visitar la Instituci\u00f3n y escuchar las necesidades que podr\u00eda llegar a solucionar, \u00bfes esto cierto? \u00bfotras instituciones han reaccionado de la misma manera? \u00bfcual es su parecer?. Gracias y \u00a1adelante.!<\/p>\n<p>R.- S\u00ed, es cierto y adem\u00e1s estoy totalmente indignado. El 28 de mayo, cuando sea alcalde, si los ciudadanos de Santander as\u00ed lo desean, lo primero que har\u00e9 ser\u00e1 visitar Valdecilla para potenciar las relaciones entre el Hospital y el Ayuntamiento de Santander y dar soluci\u00f3n a problemas tan importantes como el acceso a Valdecilla y otros muchos que nos interesan a los santanderinos en relaci\u00f3n a nuestro Hospital. <\/p>\n<p>P.- Sr. Mediavilla: Un punto importante de su campa\u00f1a est\u00e1 siendo apostar por el &#8220;Santander de los barrios&#8221;, \u00bfsignifica eso que hay una percepci\u00f3n mayoritaria en la ciudadania de que en la ciudad de Santander hay dos formas de tratar a los vecinos y m\u00e1s concretamente a sus barrios? \u00bfC\u00f3mo piensa desarrollar esa idea y sus actuaciones prioritarias para potenciar este &#8220;Santander de los barrios&#8221;?<\/p>\n<p>R.- En las visitas que he realizado en estos \u00faltimos meses por los barrios de Santander, los vecinos me han traslado y yo lo he podido comprobar que existen barrios de primera y de segunda, vecinos de primera y de segunda. Eso no es de recibo en pleno siglo XXI. Yo quiero que todos nos sintamos y seamos iguales en Santander, que sea una ciudad para todos. Abordaremos un plan de choque de equiparaci\u00f3n de todos nuestros barrios y, en definitiva, tarnsformaremos Santander como lo han hecho ciudades como Oviedo, Pamplona, Vitoria&#8230;<\/p>\n<p>P.- Defina con una palabra a De la Serna y con otra a Ignacio Diego. Gracias<\/p>\n<p>R.- Ignacio Diego representa la oposici\u00f3n y as\u00ed va a seguir siendo. I\u00f1igo de la Serna representa el pasado <\/p>\n<p>P.- \u00bfNo cree que es hora ya de que se quite la estatua de Franco de la plaza del Ayuntamiento? Los del PP defienden mucho la Constituci\u00f3n pero siempre han gobernado Santander y nunca han quitado este s\u00edmbolo preconstitucional. Un saludo.<\/p>\n<p>R.- Para m\u00ed es un tema m\u00e1s simb\u00f3lico que importante para los vecinos. Hay cuestiones mucho m\u00e1s importantes que resolver inmediatamente dentro de la ciudad. Aunque, como comprender\u00e1 no me gusta nada que en la principal plaza de mi ciudad siga ese s\u00edmbolo presidiendo la misma. Con la remodelaci\u00f3n de la plaza y el aparcamiento subterr\u00e1neo desaparecer\u00e1. <\/p>\n","protected":false},"excerpt":{"rendered":"<p>Licenciado en Derecho, el candidato del Partido Regionalista de Cantabria basa su campa\u00f1a en tres premisas para Santander: Cambio, ilusi\u00f3n y modernidad. Sobre sus proyectos para la ciudad y para responder a las preguntas de los votantes, Vicente Mediavilla ha charlado con los lectores.<\/p>\n","protected":false},"author":1,"featured_media":0,"comment_status":"open","ping_status":"open","sticky":false,"template":"","format":"standard","meta":{"footnotes":""},"categories":[],"tags":[],"class_list":["post-1140","post","type-post","status-publish","format-standard","hentry"],"_links":{"self":[{"href":"https:\/\/intervius.com\/index.html\/wp-json\/wp\/v2\/posts\/1140","targetHints":{"allow":["GET"]}}],"collection":[{"href":"https:\/\/intervius.com\/index.html\/wp-json\/wp\/v2\/posts"}],"about":[{"href":"https:\/\/intervius.com\/index.html\/wp-json\/wp\/v2\/types\/post"}],"author":[{"embeddable":true,"href":"https:\/\/intervius.com\/index.html\/wp-json\/wp\/v2\/users\/1"}],"replies":[{"embeddable":true,"href":"https:\/\/intervius.com\/index.html\/wp-json\/wp\/v2\/comments?post=1140"}],"version-history":[{"count":0,"href":"https:\/\/intervius.com\/index.html\/wp-json\/wp\/v2\/posts\/1140\/revisions"}],"wp:attachment":[{"href":"https:\/\/intervius.com\/index.html\/wp-json\/wp\/v2\/media?parent=1140"}],"wp:term":[{"taxonomy":"category","embeddable":true,"href":"https:\/\/intervius.com\/index.html\/wp-json\/wp\/v2\/categories?post=1140"},{"taxonomy":"post_tag","embeddable":true,"href":"https:\/\/intervius.com\/index.html\/wp-json\/wp\/v2\/tags?post=1140"}],"curies":[{"name":"wp","href":"https:\/\/api.w.org\/{rel}","templated":true}]}}