{"id":11342,"date":"2013-04-19T00:00:00","date_gmt":"2006-11-06T00:00:00","guid":{"rendered":"https:\/\/intervius.com\/index.html\/?p=11342"},"modified":"2006-11-06T00:00:00","modified_gmt":"2006-11-06T00:00:00","slug":"Yoani_Sanchez11342","status":"publish","type":"post","link":"https:\/\/intervius.com\/index.html\/Yoani_Sanchez11342\/","title":{"rendered":"Yoani S\u00e1nchez"},"content":{"rendered":"<p>Pregunta.- Un cordial saludo, Yoani. Me interesar\u00eda saber tu opini\u00f3n sobre la izquierda europea, desde los partidos socialistas a la izquierda antisistema. \u00bfD\u00f3nde te sit\u00faas t\u00fa ideol\u00f3gicamente?<\/p>\n<p>Respuesta.- La verdad es que me considero una persona transversal, postmoderna, renuente a definirse en las cl\u00e1sicas alineaciones pol\u00edticas. No obstante, creo que en general la izquierda europea ha sido demasiado c\u00f3mplice del totalitarismo cubano. Tal vez por miop\u00eda, por deseos de creer que la utop\u00eda se hab\u00eda instalado en nuestra Isla del Caribe o por simple anti imperialismo, del m\u00e1s maniqueo. <\/p>\n<p>P.- Hola Yoani, \u00bfde qu\u00e9 manera contemplar\u00edas una resoluci\u00f3n de un posible conflicto futuro entre las dos Cubas, la de Miami y la de la propia Cuba? Saludo<\/p>\n<p>R.- Despu\u00e9s de haber pasado por Miami hace apenas unos d\u00edas, estoy m\u00e1s convencida de que la soluci\u00f3n de los grandes problemas nacionales tendr\u00e1 que pasar necesariamente por el trabajo conjunto de esas &#8220;dos Cubas&#8221;, como t\u00fa las llamas. Basta ya de llamarnos, cubanos de adentro o de afuera, somos cubanos y punto. Los exiliados cubanos jugar\u00e1n un papel importante en la transici\u00f3n: necesitamos de sus conocimientos empresariales y democr\u00e1ticos. Necesitamos de esa porci\u00f3n de Cuba que ellos han conservado en la distancia.<\/p>\n<p>P.- Con los viajes que has hecho a diferentes pa\u00edses, \u00bfc\u00f3mo comparas los sistemas pol\u00edticos?<\/p>\n<p>R.- Sigo pensando que en Cuba vivimos bajo un capitalismo de Estado, de clan familiar, sin derecho a la protesta. Donde el gobierno, gana elevadas plusval\u00edas y es adem\u00e1s el due\u00f1o de la mayor\u00eda de los medios de producci\u00f3n. En otros pa\u00edses he visto muchas diferencias, muchas injusticias, pero sin embargo -a diferencia de nuestra naci\u00f3n- en muchos de esos lugares hay una sensaci\u00f3n de que todo tiempo futuro tendr\u00e1 que ser mejor, algo que los cubanos ya hemos perdido hace tiempo.<\/p>\n<p>P.- Hola soy cubano y vivo en Madrid hace unos a\u00f1os, mi pregunta para la invitada es: Si realmente el ciudadano cubano est\u00e1 listo para un cambio y si es consciente de todo lo que conlleva el mismo? Porque una cosa es lo que pensamos dentro y otra muy distinta la dura realidad, Y felicitarle por su gran valor e inteligencia, <\/p>\n<p>R.- Preparados, lo que es preparados para un cambio, no estamos. Pero nunca se est\u00e1 preparado para lo nuevo. \u00bfEst\u00e1n a caso las madres preparadas para tener un beb\u00e9, amamantarlo cada d\u00eda, despertarse cada madrugada? A ser madre se aprende siendo madre, a ser libre, siendo libre.<\/p>\n<p>P.- Hola primero quiero felicitarte por tan ejemplar trabajo quiero saber que significa para ti la influencia de las redes sociales en el escenario politico y social de muchos paises y como crees que se desenvolvera la situacion en Venezuela seg\u00fan tu experiencia en tu pais, que consejo nos darias a los millones de venezolanos que queremos un cambio<\/p>\n<p>R.- Aunque no creo que s\u00f3lo la tecnolog\u00eda nos har\u00e1 libres, considero que las redes sociales y los nuevos artilugios tecnol\u00f3gicos ayudar\u00e1n mucho en el prop\u00f3sito de tener sociedades m\u00e1s democr\u00e1ticas, plurales y participativas. En mi caso, los blogs, Twitter, Facebook y los tel\u00e9fonos m\u00f3viles han sido un camino de entrenamiento ciudadano. Le recomiendo a los venezolanos que no se dejen encerrar en la jaula. Yo que vivo dentro de una de ellas, les aseguro que vale m\u00e1s el riesgo de volar en libertad, que el menguado alpiste que dan cuando se cierran los barrotes.<\/p>\n<p>P.- \u00bfNos puedes decir qui\u00e9n financia tu viaje por tantos pa\u00edses?<\/p>\n<p>R.- Claro que s\u00ed. Pero primero debo decirte que la respuesta a esa pregunta la encontrar\u00e1s en infinidad de entrevistas que he dado a lo largo de mi viaje. Si buscas en Google, con solo un clic, podr\u00e1s escuchar todas esas respuestas. Eso es si realmente quieres saber, sino&#8230; sino nunca estar\u00e1s conforme con lo que te diga&#8230; Me fui a Brasil con un boleto cuyo monto se recaud\u00f3 v\u00eda Internet, de manera p\u00fablica y transparente. T\u00fa mismo hubieras podido contribuir de forma abierta y ciudadana en caso de estar interesado. A Rep\u00fablica Checa viaj\u00e9 invitada por el Festival de Cine One World, que claro est\u00e1 cubri\u00f3 todos los gastos, como es perfectamente normal en este tipo de eventos. Despu\u00e9s a M\u00e9xico invitada por la Universidad Iberoamericana, a New York por el Baruch College, a Holanda por Amnist\u00eda Internacional&#8230; a Miami por mi hermana exiliada que ahorr\u00f3 durante dos a\u00f1os para invitarme, a Per\u00fa por unas amigas que conoc\u00ed en La Habana cuando hac\u00eda de gu\u00eda de la ciudad y he llegado aqu\u00ed a Espa\u00f1a con una invitaci\u00f3n de la Editorial Anaya donde publiqu\u00e9 un libro, de El Pa\u00eds donde escribo frecuentemente y de muchos amigos que me leen y me apoyan. No me ha faltado un plato de comida ni un techo&#8230; porque sabes&#8230; soy millonaria en amigos&#8230; pero no se lo digas a nadie&#8230;<\/p>\n<p>P.- Si en Cuba hay tanta represi\u00f3n, falta de libertad de expresi\u00f3n y encarcela a los disidentes, \u00bfc\u00f3mo es que tu est\u00e1s libre, y puedes criticar tan libremente al r\u00e9gimen?<\/p>\n<p>R.- Precisamente para que me hagan esa pregunta. Es cierto que hay una gran represi\u00f3n, yo misma he sido v\u00edctima de muchas formas de esa represi\u00f3n: golpes, arrestos arbitrarios, difamaci\u00f3n sin derecho a r\u00e9plica, impedimento de salir de mi propio pa\u00eds en 20 ocasiones, amenaza a mi familia y vigilancia contante. No voy a dejar que me arrebaten la peque\u00f1a victoria lograda al obligar al gobierno de Ra\u00fal Castro a que me dejaran salir. Esa es la victoria alcanzada despu\u00e9s de mucha insistir. No es un gesto magn\u00e1nimo de ellos, es el resultado de la presi\u00f3n ciudadana.<\/p>\n<p>P.- Hola. \u00bfEn Cuba echan a los ciudadanos y ciudadanas de las casas en las que viven de manera violenta dej\u00e1ndolos en la calle? Aqu\u00ed s\u00ed<\/p>\n<p>R.- S\u00ed, en Cuba tambi\u00e9n. Lea todas las denuncias de desalojo que hay en la red procedentes de mi pa\u00eds, reportes de deportaciones obligatoria de ciudadanos del oriente del pa\u00eds que son encontrados en La Habana y declarados &#8220;ilegales&#8221; en su propio pa\u00eds. Disculpe, pero recuerde aquel refr\u00e1n de &#8220;mal de muchos, consuelo de tontos&#8221;, el hecho de que ustedes tengan graves problemas no debe ser motivo para que nosotros nos callemos los nuestros.<\/p>\n<p>P.- Buenas tardes: \u00bfsigue pensando que Gabriel Garc\u00eda M\u00e1rquez no merec\u00eda el nobel? Muchas gracias <\/p>\n<p>R.- Nunca he dicho eso. Busque la cita textual y despu\u00e9s pregunte. No se deje llevar por campa\u00f1as de difamaci\u00f3n&#8230; investigue la fuente. Admiro la literatura del Gabo y soy una gran lectora de su obra, nadie como \u00e9l para merecer el Nobel. Guardo con much\u00edsimo celo mi ejemplar, de mil lecturas, de Cien a\u00f1os de Soledad.<\/p>\n<p>P.- \u00bfNo cree usted que si en Cuba se viviera tan mal el pueblo se hubiera alzado? No responda diciendo que existe represi\u00f3n, en el franquismo tambi\u00e9n exist\u00eda y la gente sal\u00eda a la calle.<\/p>\n<p>R.- El miedo es la clave de la no rebeld\u00eda. Los cubanos expresan su inconformidad emigrando&#8230; verifique las cifras de cu\u00e1ntos se han ido.<\/p>\n<p>P.- Hola Yoani, cu\u00e9ntame como vuelves a tu pa\u00eds habiendo visto c\u00f3mo se vive fuera.<\/p>\n<p>R.- Volver\u00e9, porque para m\u00ed &#8220;la vida no est\u00e1 en otra parte sino en otra Cuba&#8221; y esa Cuba quiero ayudar a construirla desde adentro.<\/p>\n<p>P.- \u00bfConsidera al sistema neoliberal actualmente hegem\u00f3nico en gran parte del mundo una alternativa adecuada para sustituir al sistema actual en Cuba?<\/p>\n<p>R.- El sistema actual cubano ya es profundamente neoliberal&#8230; nos pagan en una moneda que no funciona para sobrevivir, el \u00fanico sindicato permitido est\u00e1 en manos del \u00fanico gobierno permitido, no hay derecho a huelga, los despidos abundan&#8230; quiere algo m\u00e1s liberal?<\/p>\n<p>P.- \u00bfConsidera realmente que la mayor\u00eda de la poblaci\u00f3n cubana desea un cambio hacia un sistema capitalista?\u00bfCual cree usted que debe ser el modelo para la isla?<\/p>\n<p>R.- Y he dicho que Cuba vive en el capitalismo hace mucho, mucho rato. Basta de creerse la propaganda del &#8220;socialismo&#8221; cubano, que es tan despiadado como el peor de los capitalismos. Creo que la gran mayor\u00eda de los cubanos quiere vivir bajo un sistema m\u00e1s participativo, con menos prohibiciones y m\u00e1s opciones.<\/p>\n<p>P.- Buenas Yoani, Hace unos a\u00f1os estuve en Cuba y mucha gente ten\u00eda como modelo de transici\u00f3n a la espa\u00f1ola&#8230; Ahora que mucha gente est\u00e1 d\u00e1ndose cuenta de que realmente nuestra Transici\u00f3n no fue tan ideal, \u00bfqu\u00e9 aspectos crees que habr\u00eda que destacar, tanto positiva como negativamente que puedan extrapolarse a la realidad cubana? Gracias y un abrazo.<\/p>\n<p>R.- Creo que lo \u00fanico positivo que ha tenido la demora de la transici\u00f3n cubana es que podremos aprender de los errores cometidos por otros. Tenemos adem\u00e1s la oportunidad de empezar desde cero. Definir con tiempo una buena ley de partidos y de financiamiento transparente de estos garantizar\u00e1 mucho la pol\u00edtica de la Cuba futura. Por otro lado ninguna transici\u00f3n es igual a otra. Encontraremos nuestro propio camino&#8230; sin copiar a nadie, eso espero.<\/p>\n<p>P.- \u00bfCondena usted la imposici\u00f3n de sanciones econ\u00f3micas de Estados Unidos contra Cuba?<\/p>\n<p>R.- He dicho mi posici\u00f3n hasta en el mism\u00edsimo senado de Estados Unidos, por tanto llueve usted sobre mojado con la pregunta. Considero que el embargo norteamericano es el gran pretexto que tiene ahora mismo el gobierno cubano para explicar desde el descalabro econ\u00f3mico hasta la falta de libertades. Creo que debe terminar cuanto antes.<\/p>\n<p>P.- \u00bfEst\u00e1 usted a favor de la devoluci\u00f3n de la base naval de Guant\u00e1namo que ocupa Estados Unidos?<\/p>\n<p>R.- La Base Naval de Guant\u00e1namo volver\u00e1 alg\u00fan d\u00eda a ser de los cubanos, pero OJO&#8230; de los cubanos.. no del actual gobierno de Cuba que es algo bien diferente. Cuando seamos un pa\u00eds democr\u00e1tico, con respeto a la pluralidad, muy probablemente ese tema estar\u00e1 en la lista de las prioridades.<\/p>\n<p>P.- Yoani, luchas valientemente por unas libertades sociales. Antes del 59, las desigualdades eran bestiales en Cuba. Ahora, las diferencias entre blancos y los dem\u00e1s son menores, aunque todav\u00eda falta. Salvo los privilegiados del sistema, los cubanos viven con sanidad, educaci\u00f3n, tienen casa por degradada que sea, y comen a diario. En latinoam\u00e9rica, hay miseria y m\u00e1s de 100 millones no tienen nada que tienen los cubanos. \u00bfC\u00f3mo debe ser el desarrollo econ\u00f3mico de Cuba para evitar acabar como ellos?<\/p>\n<p>R.- La verdad es que lo de la falta de diferencias sociales es algo que ya es cosas del pasado. La Cuba actual se divide entre aquellos que tienen acceso a la moneda convertible y los otros que tienen que vivir s\u00f3lo de su salario. Es una Cuba dura, brutal, con grandes niveles de pobreza. El problema principal es que &#8220;Robin Hood&#8221; sabe quitarle las riquezas a los ricos para distribuirlas entre los pobres, pero no sabe crear riquezas&#8230; cuando estas se agotan&#8230; todos terminamos igual de pobres.<\/p>\n<p>P.- Yoani es la opositora Yoani, porque ella se lo ha propuesto, o porque la dictadura castrista con su persecuci\u00f3n la ha hecho famosa. \u00bfSe propuso alguna vez llegar a donde ha llegado? <\/p>\n<p>R.- Todo hombre es fruto de su coyuntura. \u00bfHabr\u00eda sido Fidel Castro el hombre que fue sin la existencia de Batista? No lo creo&#8230; Por otro lado m\u00e1s que un opositor, que es una postura que lleva mucho m\u00e1s m\u00e9rito y que tan decorosamente merecen otros activistas cubanos, me considero una cronista de la realidad. El problema es que en Cuba la realidad es profundamente opositora. La relaidad en nuestra Isla es la negaci\u00f3n constante del discurso oficial.<\/p>\n<p>P.- Saludos, Yoani. Me inquietar\u00eda saber si en alguna ocasi\u00f3n se ha planteado, como proyecto, realizar una incursi\u00f3n por las peque\u00f1as poblaciones del interior de la isla -lugares donde el yugo y el oscurantismo pol\u00edtico y econ\u00f3mico son m\u00e1s agresivos- con el fin de radiografiar las diferencias sociales existentes respecto de la Habana, teniendo en cuenta que se dispone de escas\u00edsima informaci\u00f3n al respecto. <\/p>\n<p>R.- Lo hago muy a menudo. En eso peque\u00f1os pueblitos imparto cursos para ense\u00f1ar a activistas y ciudadanos en general a usar Twitter desde su tel\u00e9fono m\u00f3vil sin acceso a Internet. Mi peque\u00f1a gratificaci\u00f3n: que ahora en muchos de esos poblados alejados hay gente narrando lo que le ocurre, en trozos de 140 caracteres, gracias a esos cursos. Mi lema es &#8220;n\u00e1rrate a ti mismo&#8221;<\/p>\n<p>P.- \u00bfQu\u00e9 te parece la reacci\u00f3n de Henrique Capriles ante las dudas sobre la limpieza de las elecciones del pasado domingo en Venezuela? \u00bfCrees que existe alguna posibilidad de que Maduro acepte un resultado adverso en caso de que el recuento del CNE sea positivo para la oposici\u00f3n?<\/p>\n<p>R.- Muy justo el pedido de reconteo de votos. No creo que Nicol\u00e1s Maduro vaya aceptar un resultado adverso, pero no hay peor batalla que la que no se libra.<\/p>\n<p>P.- \u00bfC\u00f3mo propones evitar en un sistema parlamentario las desigualdades sociales y econ\u00f3micas, viendo que bajo sistema parlamentario en el mundo occidental hay un abismo entre pobres y ricos que lejos de cerrarse se hace cada vez mayor?<\/p>\n<p>R.- Las diferencias sociales en Cuba son abismales. Por ejemplo entre un jerarca de verdeolivo y un ciudadano com\u00fan hay un abismo tan grande como entre un rey y un simple obrero en cualquier sociedad que t\u00fa conoces, e incluso la diferencia puede llegar a ser mayor de la que t\u00fa ves en tus sociedades. Pues la casta gobernante cubana tiene poder sobre la vida y sobre la muerte, sobre la educaci\u00f3n de nuestros hijos, sobre el m\u00e9dico que nos atiende en cada consulta, sobre nuestra libertad de movimiento&#8230; El sistema parlamentario en nuestro caso ir\u00eda m\u00e1s encaminado a reducir esas diferencias, a darle al cubano de a pie la capacidad de no permitir esa &#8220;casta de iluminados&#8221; que hoy tienen tanto poder sobre cada detalle de nuestra vida cotidiana.<\/p>\n<p>P.- \u00bfQu\u00e9 le parece el periodismo que se hace fuera de Cuba? \u00bfEra c\u00f3mo se lo esperaba?<\/p>\n<p>R.- Me ha parecido un periodismo con luces y sombras, moderno, en crisis, pero toda crisis es un parto. Toda crisis implica un nuevo nacimiento. Lamentablemente dentro de Cuba, lo que se hace desde la esfera oficial no puede llamarse siquiera &#8220;periodismo&#8221; y por otro lado mis colegas periodistas independientes, bloggers y periodistas ciudadanos corren demasiado riesgos con cada palabra que escriben, con cada denuncia que hacen. Aspiro a que un d\u00eda el periodismo no nos cueste la libertad ni el linchamiento medi\u00e1tico a los cubanos.<\/p>\n","protected":false},"excerpt":{"rendered":"<p>La bloguera y colaboradora de EL PA\u00cdS contestar\u00e1 a las preguntas de los lectores sobre su trabajo y vida en Cuba y la situaci\u00f3n del pa\u00eds.<br \/>\nFoto: Claudio \u00c1lvarez<br \/>\nBlog Cuba Libre<br \/>\nM\u00e1s entrevistas digitales<\/p>\n","protected":false},"author":1,"featured_media":0,"comment_status":"open","ping_status":"open","sticky":false,"template":"","format":"standard","meta":{"footnotes":""},"categories":[],"tags":[],"class_list":["post-11342","post","type-post","status-publish","format-standard","hentry"],"_links":{"self":[{"href":"https:\/\/intervius.com\/index.html\/wp-json\/wp\/v2\/posts\/11342","targetHints":{"allow":["GET"]}}],"collection":[{"href":"https:\/\/intervius.com\/index.html\/wp-json\/wp\/v2\/posts"}],"about":[{"href":"https:\/\/intervius.com\/index.html\/wp-json\/wp\/v2\/types\/post"}],"author":[{"embeddable":true,"href":"https:\/\/intervius.com\/index.html\/wp-json\/wp\/v2\/users\/1"}],"replies":[{"embeddable":true,"href":"https:\/\/intervius.com\/index.html\/wp-json\/wp\/v2\/comments?post=11342"}],"version-history":[{"count":0,"href":"https:\/\/intervius.com\/index.html\/wp-json\/wp\/v2\/posts\/11342\/revisions"}],"wp:attachment":[{"href":"https:\/\/intervius.com\/index.html\/wp-json\/wp\/v2\/media?parent=11342"}],"wp:term":[{"taxonomy":"category","embeddable":true,"href":"https:\/\/intervius.com\/index.html\/wp-json\/wp\/v2\/categories?post=11342"},{"taxonomy":"post_tag","embeddable":true,"href":"https:\/\/intervius.com\/index.html\/wp-json\/wp\/v2\/tags?post=11342"}],"curies":[{"name":"wp","href":"https:\/\/api.w.org\/{rel}","templated":true}]}}