{"id":11329,"date":"2013-04-15T00:00:00","date_gmt":"2006-11-06T00:00:00","guid":{"rendered":"https:\/\/intervius.com\/index.html\/?p=11329"},"modified":"2006-11-06T00:00:00","modified_gmt":"2006-11-06T00:00:00","slug":"Juan_Diego_Botto_11329","status":"publish","type":"post","link":"https:\/\/intervius.com\/index.html\/Juan_Diego_Botto_11329\/","title":{"rendered":"Juan Diego Botto"},"content":{"rendered":"<p>Pregunta.- \u00bfPor qu\u00e9 has hecho primero una obra de teatro y luego un libro? \u00bfEl proceso normal no suele ser al rev\u00e9s?<\/p>\n<p>Respuesta.- Decid\u00ed volcar mi inquietud sobre la inmigraci\u00f3n y el exilio en una obra de teatro porque es el medio en el que me siento c\u00f3modo como autor. Fue un editor de Espasa qui\u00e9n me invit\u00f3 a publicar los textos de la obra e incluir una reflexi\u00f3n m\u00e1s amplia sobre estos temas y c\u00f3mo se originaron los textos.<\/p>\n<p>P.- Perdona el desconocimiento pero&#8230; \u00bfEs tu primer libro? \u00bfCu\u00e1l fue la motivaci\u00f3n de escribir? \u00bfTienes la idea de continuar con ello?. Gracias. Eres un magn\u00edfico actor<\/p>\n<p>R.- Gracias Jaime. S\u00ed es mi primer libro de No Ficci\u00f3n. Antes hab\u00eda publicado una breve pieza teatral. Las ganas de hablar de algunos temas que en muchas ocasiones pasan desapercibidos fue lo que me impuls\u00f3 a escribirlo. Es un tema que no me es ajeno.<\/p>\n<p>P.- Saludar a Juan Diego y decirle que vi la obra en Valencia, que me parecio preciosa, sensible, divertida y dura a la vez, adem\u00e1s de que su personaje es maravilloso. Le recomiendo a los oyentes que no se la pierdan, es lo mejor del a\u00f1o en teatro. Besos y gracias por esta maravilla.<\/p>\n<p>R.- Gracias Alina. Ahora puedes leerla. Espero que tambi\u00e9n disfrutes el libro<\/p>\n<p>P.- \u00bfQu\u00e9 opini\u00f3n te merecen las nuevas formas de reivindicaci\u00f3n como pueden ser los escraches? \u00bfNo son un poco invasivas?<\/p>\n<p>R.- El primer escrache que recuerdon se realiz\u00f3 en Argentina. Fue una iniciativa de la organizaci\u00f3n H.I.J.O.S. (hijos de padres y madres desaparecidos en la dictadura) Como estaban vigentes la leyes de impunidad, era imposible juzgar a los genocidas y torturadores, pero s\u00ed era posible se\u00f1alarlos publicamente. La gente de H.i.J.O.S. fue a la casa de un conocido torturador y repartieron octavillas en el barrio se\u00f1alando que en el 5c viv\u00eda un represor. En cuanto a las acciones de la PAH creo que es una forma de se\u00f1alar que el hecho de que est\u00e9n echando a gente de sus casas no es un mal que cae del cielo sino una decisi\u00f3n pol\u00edtica, una decisi\u00f3n con responsables. Se puede legislar para no sea as\u00ed, pudo hacerlo el PSOE y puede ahora hacerlo el gobierno<\/p>\n<p>P.- Buenos d\u00edas Juan Diego, me encantar\u00eda haber tenido la oportunidad de disfrutar de la obra de Teatro, &#8220;Un trozo invisible de este mundo&#8221;, \u00bfno vais a ampliar fechas? \u00bfninguna visita a Extremadura?<\/p>\n<p>R.- DE momento no tenemos fechas en extremadura pero conf\u00edo en que pronto cerremos alguna plaza all\u00ed, pero puedes ir adelant\u00e1ndote con el libro&#8230;Abrazo<\/p>\n<p>P.- Es evidente que el exilio te marc\u00f3, lo demuestras muy bien en el libro. Qu\u00e9 nos recomiendas a los muchos que ahora nos tenemos que exiliar, aunque sea por motivos econ\u00f3micos y no pol\u00edticos. Gracias<\/p>\n<p>R.- Digo en el libro en un momento que el primer derecho que se les conculca a los migrantes es el derecho a no migrar, a no abandonar su familia y su cultura. La gesti\u00f3n de esta cr\u00edsis, que m\u00e1s parece una profunda estafa, est\u00e1 profundizando la desigualdad entre ricos y pobres en este pa\u00eds y creando un mont\u00f3n de j\u00f3venes muy preparados que no encuentran trabajo. No soy de dar recomendaciones ni consejos pero quiz\u00e1 sea el momento de valorar la fortaleza y coraje de quienes llevan unos a\u00f1os entre nosotros&#8230;<\/p>\n<p>P.- \u00bfDe qu\u00e9 momento de tu carrera te sientes m\u00e1s orgulloso? \u00bfY algo que preferir\u00edas que no hubiese ocurro?<\/p>\n<p>R.- Hay muchas pel\u00edculas, muchos trabajos que destacar\u00eda y de los que he aprendido mucho. Es posible que este trabajo de ahora, la obra de teatro &#8220;Un trozo invisible de este mundo&#8221; sea el proceso creativo m\u00e1s satisfactorio. Primero porque me pilla en un momento profesional de mucha estabilidad en el que disfruto m\u00e1s que nunca de actuar, y segundo porque es el proyectyo m\u00e1s personal al que me he enfrentado y por tanto en el que m\u00e1s implicado estoy. Algo que preferir\u00eda que no hubiera ocurrido?? s\u00ed, cuando hice&#8230;..<\/p>\n<p>P.- Soy muy seguidor de las pel\u00edculas de Montxo Armend\u00e1riz. Creo que has trabajado varias veces con \u00e9l. \u00bfC\u00f3mo es el como director? \u00bfTe acuerdas de alguna an\u00e9cdota?<\/p>\n<p>R.- Montxo es uno de los mejores directores con los que he trabajado y creo que uno de los mejores de este pa\u00eds. He tenido la suerte de trabajar tres veces a sus \u00f3rdenes. Su rigor, su amor por el trabajo, su mirada l\u00facida hacen que uno siempre aprenda a su lado. Ejemplifica lo del rigor el hecho de que en Historias del Kronen repetimos alguna toma cerca de 30 veces&#8230;<\/p>\n<p>P.- \u00bfLos pr\u00f3ximos 20 a\u00f1os de cultura van a ser peores que los \u00faltimos 20?<\/p>\n<p>R.- Decia F.G.Lorca que : &#8220;Un pueblo que ayuda y no fomenta su teatro si no est\u00e1 muerto, est\u00e1 moribundo&#8221; creo esa frase es extrapolable al conjunto de la cultura. No hay apuesta por la sostenibilidad de los proyectos culturales en este pa\u00eds. El teatro, el cine, la m\u00fasica, las artes pl\u00e1sticas est\u00e1n, siendo sometidas a un mont\u00f3n de obstaculos. El 21% de IVA ha sido la puntilla. Depender\u00e1 de todos los ciudadanos, los que trabajamos en la cultura y quienes la disfrutan, que los pr\u00f3ximos 20 a\u00f1os no sean los peroes. Debemos pelear para que no nos arrebaten ese espacio tan necesario. Porque la cultura no es un mero espacio para matar el tiempo, es una imprescindible forma de conocimiento, de reflexi\u00f3n, de riqueza social. Es una necesidad como la vivienda y o la educaci\u00f3n.. <\/p>\n<p>P.- \u00bfQu\u00e9 diferencias hay entre mentalizarse para escribir y mentalizarse para actuar? Ojal\u00e1 supiese hacer alguna de las dos cosas. Un beso guapo<\/p>\n<p>R.- Actuar es un acto social, colectivo. Aunque lo que interpreto en esta obra son mon\u00f3logos, el teatro necesita de los espectadores, son ellos quienes dan sentido al hecho teatral, quienes completan y terminan la obra. Escribir es una cosa m\u00e1s solitaria. Uno escribe en soledad y eso hace que las experiencias sean completamente diferentes. Un beso Helena<\/p>\n<p>P.- \u00bfPor qu\u00e9 deber\u00eda leer Invisibles?<\/p>\n<p>R.- No tienes ning\u00fan DEBER de hacerlo. De hecho creo que nunca se DEBER\u00cdA leer nada (salvo quiz\u00e1 Dostoyevski) pero podr\u00edas tener ganas de hacerlo por su reflexi\u00f3n acerca del exilio y la inmigraci\u00f3n, porque es algo escrito desde el coraz\u00f3n, Porque recoge los textos de la obra de teatro y hay sentido del humor y drama&#8230; Y si lo haces espero que lo disfrutes y te guste. abrazo<\/p>\n<p>P.- Hola que sensaci\u00f3n te produce que en Espa\u00f1a est\u00e9 gobierno y algunos jueces est\u00e9n en contra de resolver la memoria hist\u00f3rica ,gracias <\/p>\n<p>R.- Espa\u00f1a es el segundo pa\u00eds del mundo con m\u00e1s fosas comunes por desenterrar despu\u00e9s de Camboya. El \u00fanico de Europa que no ha acometido esa tarea. Trsites records. Los muertos atragantados en la memoria de nuestra transici\u00f3n, los muertos que no cupieron en los documentales hagiogr\u00e1fricos sobre la &#8220;mod\u00e9lica transici\u00f3n&#8221; y la &#8220;her\u00f3ica Monarqu\u00eda&#8221; seguir\u00e1n durmiendo en el coraz\u00f3n de sus familiares, los m\u00e1s de 100.000 familiares que desean reecontrase con sus desaparecidos. En ocasiones las leyes no son leg\u00edtimas, en ocasiones los que ejecutan las leyes no son parciales ni justos.<\/p>\n<p>P.- Hace un tiempo estuve viendo tu filmograf\u00eda. \u00a1No me puedo creer que no tengas un Goya! Eres genial. \u00bfQu\u00e9 vamos a poder encontrar en el libro? \u00bfEs una novela?<\/p>\n<p>R.- El libro es un ensayo sobre el exilio y la inmigraci\u00f3n en el que se incluyen los textos de la obra de teatro &#8220;Un trozo invisible de este mundo&#8221;. Es una especie de radiograf\u00eda de c\u00f3mo se pasa de una idea a una obra de teatro. Relato el viaje que tuve desde que me abordaron algunas emociones hasta que las convert\u00ed en una pieza teatral. Relato la gente con la que habl\u00e9, sus vidas, sus peque\u00f1os actos de hero\u00edsmo, algunas injusticias cotidianas que pasan desapercibidas para muchos medios que acostumbran a mirar siempre hacia arriba y nunca hacia la calle. En \u00e9l vuelco algunos recuerdos de infancia y otros actuales. Espero que te guste<\/p>\n<p>P.- Lo siento, no he visto la obra (aunque s\u00e9 de qu\u00e9 va) y no comprar\u00e9 el libro (caro, seguro, con el nuevo IVA) y probablemente no lo leer\u00e9 (ni prestado en biblioteca, si tuvieran presupuesto para nuevas adquisiciones), Ni ganas tengo ya de VER despu\u00e9s de VER tanto y VER que es imposible abrir los ojos a quien no quiere VER. \u00bfRealmante sirve el esfuerzo de querer mostrar? \u00bfcompensa? \u00bfcu\u00e1les son los resultados? \u00bfqu\u00e9 me puedes decir para convencerme para leerlo? Gracias y sigue peleando.<\/p>\n<p>R.- No lo veas, No lo compres, que no te lo presten. No tengo inter\u00e9s en convencerte. Estoy seguro que ya has visto todo lo que necesitabas ver en la vida y aprendido todo lo que necesitabas aprender. Yo por mi parte, sigo sin ver lo suficiente, sin conocer los suficiente, sin haber viajado, ni vivido lo suficiente. Para mi, de hecho, creo que nunca habr\u00e1 suficiente. Yo por mi parte creo que simpre puede aparecer algo que me ense\u00f1e algo nuevo, que me haga cambiar de opini\u00f3n, que me conmueva, que me haga re\u00edr, llorar, disfrutar, amar. Yo por mi parte creo que siempre hay que incidir en que las cosas se pueden cambiar. Me niego a participar de ese cinismo que se supone que acompa\u00f1a la madurez, m\u00e1s que nunca creo que merece la pena estar en la calle y dar las batallas y mostrar lo que se sabe o se cree y aprender lo que saben y creen otros y luchar por lo uno cree que es justo. \u00bfse pueda ganar? esa no es la pregunta adecuada. La pregunta ser\u00eda: \u00bfmerece la pena no pelear por lo que crees? y si el libro cayera en tus manos&#8230;. espero que te guste. Abrazo fuerte Sandra<\/p>\n","protected":false},"excerpt":{"rendered":"<p>El conocido actor presenta el libro Invisible. Un texto lleno inmigraci\u00f3n, compromiso y sue\u00f1os. Juan Diego Botto ha charlado con los oyentes.<\/p>\n","protected":false},"author":1,"featured_media":0,"comment_status":"open","ping_status":"open","sticky":false,"template":"","format":"standard","meta":{"footnotes":""},"categories":[],"tags":[],"class_list":["post-11329","post","type-post","status-publish","format-standard","hentry"],"_links":{"self":[{"href":"https:\/\/intervius.com\/index.html\/wp-json\/wp\/v2\/posts\/11329","targetHints":{"allow":["GET"]}}],"collection":[{"href":"https:\/\/intervius.com\/index.html\/wp-json\/wp\/v2\/posts"}],"about":[{"href":"https:\/\/intervius.com\/index.html\/wp-json\/wp\/v2\/types\/post"}],"author":[{"embeddable":true,"href":"https:\/\/intervius.com\/index.html\/wp-json\/wp\/v2\/users\/1"}],"replies":[{"embeddable":true,"href":"https:\/\/intervius.com\/index.html\/wp-json\/wp\/v2\/comments?post=11329"}],"version-history":[{"count":0,"href":"https:\/\/intervius.com\/index.html\/wp-json\/wp\/v2\/posts\/11329\/revisions"}],"wp:attachment":[{"href":"https:\/\/intervius.com\/index.html\/wp-json\/wp\/v2\/media?parent=11329"}],"wp:term":[{"taxonomy":"category","embeddable":true,"href":"https:\/\/intervius.com\/index.html\/wp-json\/wp\/v2\/categories?post=11329"},{"taxonomy":"post_tag","embeddable":true,"href":"https:\/\/intervius.com\/index.html\/wp-json\/wp\/v2\/tags?post=11329"}],"curies":[{"name":"wp","href":"https:\/\/api.w.org\/{rel}","templated":true}]}}