{"id":11324,"date":"2013-04-12T00:00:00","date_gmt":"2006-11-06T00:00:00","guid":{"rendered":"https:\/\/intervius.com\/index.html\/?p=11324"},"modified":"2006-11-06T00:00:00","modified_gmt":"2006-11-06T00:00:00","slug":"Manuela_Velasco_y_Fran_Perea11324","status":"publish","type":"post","link":"https:\/\/intervius.com\/index.html\/Manuela_Velasco_y_Fran_Perea11324\/","title":{"rendered":"Manuela Velasco y Fran Perea"},"content":{"rendered":"<p>Pregunta.- \u00a1Hola! Pude disfrutar de FEELGOOD el fin de semana pasado, y hacia mucho tiempo que no me re\u00eda tanto, durante tanto rato seguido&#8230;Aunque a la vez, piensas: madre m\u00eda de lo que me estoy riendo.Tu personaje de Edu, es fascinante, su fuerza traspasa el escenario&#8230; \u00bfQu\u00e9 piensas t\u00fa de Edu? si fuera real \u00bfte gustar\u00eda tenerle como amigo? Me gusta todo de FEELGOOD, los personajes, el texto, la m\u00fasica, los cambios de escena alucinantes, todo&#8230;\u00a1Bravo!\u00a1Ojal\u00e1 haya gira!\u00a1Gracias!<\/p>\n<p>Respuesta.- Fran: \u00a1\u00a1\u00a1Muchas gracias, Elo\u00edsa!!! Es lo que tiene esta funci\u00f3n.. Te r\u00edes mucho y, luego, te preguntas de qu\u00e9 te has re\u00eddo tanto.. Llevar a la reflexi\u00f3n a trav\u00e9s de la risa es un privilegio para nosotros en los tiempos que corren. Me encantar\u00eda tener a Edu de amigo, para que me contase lo que se cuece en las cocinas de la pol\u00edtica. Y, tambi\u00e9n, para darle alg\u00fan que otro consejo.. Un poco de honestidad, por ejemplo.<\/p>\n<p>P.- \u00bfQu\u00e9 es o que os aporta esta obra de teatro, tanto en lo personal como en lo profesional? Os vi en el estreno y sois incre\u00edbles!! Muchos besazos Fran!! Espero veros por Zaragoza!! Much\u00edsima suerte!!<\/p>\n<p>R.- Manuela: Hola, Esther. Qu\u00e9 bonito fue que vinieras desde Zaragoza al estreno. \u00a1\u00a1Muchas gracias!! En lo profesional, es un aprendizaje absoluto. Nos ayuda a valorar m\u00e1s todav\u00eda lo que cuesta poner en p\u00ede un espect\u00e1culo teatral, ya que lo producimos nosotros y lo interpretamos tambi\u00e9n. Hasta la parte m\u00e1s peque\u00f1a del proyecto depende de nosotros. Es agotador y muy satisfactorio. En lo personal, imag\u00ednate. Es hacer un sue\u00f1o realidad, gracias al compromiso y la energ\u00eda de este grupo&#8230; Fran: \u00a1\u00a1Gracias, Esther!! Manu lo ha explicado muy bien.. Espero que podamos ir a Zaragoza y a otras partes de Espa\u00f1a con la funci\u00f3n.Ojal\u00e1. Muchos besos.<\/p>\n<p>P.- Creo que fue Fran quien encontr\u00f3 FeelGood cuando estabais buscando el texto, \u00bfqu\u00e9 es lo que m\u00e1s te gust\u00f3 de ella para proponerla? \u00bfY a los dem\u00e1s? Gracias otra vez por vuestro trabajo y, \u00a1\u00a1Mucha mIerda!!<\/p>\n<p>R.- F: Hola, Edu. Fui yo quien lo encontr\u00f3, s\u00ed, pero est\u00e1bamos buscando textos entre todos.. Simplemente, me toc\u00f3 a m\u00ed. Lo que m\u00e1s me atrajo fue la estructura de la funci\u00f3n.. Lo bien que est\u00e1 escrita. C\u00f3mo se articula la comedia de manera tan vertiginosa.. Y, adem\u00e1s, el tema que trata. El poder y c\u00f3mo se articula a trav\u00e9s de su herramienta en la sociedad moderna (la pol\u00edtica), y en las relaciones entre las personas. Adem\u00e1s, me encant\u00f3 que no tuviese moraleja, que no sea un panfleto.. Alistair Beaton, el autor, te cuenta una historia, genera tema de debate, pero, no te dice lo que tienes que pensar.. M: \u00a1Y a los dem\u00e1s, nos encant\u00f3! <\/p>\n<p>P.- Lo primero gracia otra vez por lo que disfrutamos el fin de pasado con vosotros y este gustazo de obra&#8230; Y la pregunta, \u00bfc\u00f3mo logr\u00e1is mantener la tensi\u00f3n de las escenas cuando todos alrededor estamos a carcajada limpia? Menuda concentraci\u00f3n jajaja<\/p>\n<p>R.- M: \u00a1Eso mismo me pregunto yo cuando veo a mis compa\u00f1eros! La verdad es que esta obra, que resulta divertid\u00edsima para el p\u00fablico, requiere de los actores un nivel de concentraci\u00f3n total. El texto es muy preciso y adem\u00e1s hay que ajustarlo al mil\u00edmetro con los efectos de sonido y las conversaciones cruzadas&#8230; Con lo cual, no hay respiro, no se puede bajar la guardia, no puedes dejarte llevar por las carcajadas del patio de butacas&#8230; pero, mejor que te diga Fran, que es el que se tira toda la funci\u00f3n ah\u00ed, repartiendo juego. F: Para m\u00ed, el esfuerzo es doble, ya que tengo que aguantar la risa del p\u00fablico y la m\u00eda propia.. S\u00ed, soy un peligro en escena.. Me entran ganas de re\u00edr con el trabajo de mis compa\u00f1eros, que es genial, muy a menudo.. M: S\u00ed, s\u00ed&#8230; \u00a1\u00a1\u00a1se tienta muy f\u00e1cil!!!<\/p>\n<p>P.- Os pedir\u00eda un argumento de cada uno: \u00bfpor qu\u00e9 hay que ir a ver vuestra nueva obra Feelgood? Muchas gracias!!<\/p>\n<p>R.- M: Una de las cosas que m\u00e1s nos est\u00e1 diciendo la gente que ha venido a ver la obra, es que el texto es genial, que dramat\u00fargicamente es impecable, inteligente, \u00e1cido, divertido, y con mucho fondo. Todos se preguntan qui\u00e9n es el autor&#8230; pues bien, el autor es Alistair Beaton y es la primera vez que se representa un texto suyo en Espa\u00f1a. Creo que descubrir a este autor es un buen argumento para venir a vernos. F: A parte de lo bien que se lo pasa la gente, y de lo que acaba de decir Manuela, yo apelar\u00eda al concepto de grupo.. Venir a ver Feelgood, tambi\u00e9n es apoyar nuevas iniciativas de producci\u00f3n. Es apoyar el esfuerzo, el trabajo y el compromiso de enTRAMAdos y Producciones[off], as\u00ed como el inter\u00e9s de un teatro p\u00fablico, como es el Teatro Espa\u00f1ol, por dar cabida a este tipo de iniciativas.. <\/p>\n<p>P.- He o\u00eddo que os hab\u00e9is metido a productores y que hab\u00e9is creado vuestra propia compa\u00f1\u00eda&#8230; \u00bfTan mal est\u00e1 la cosa? Gracias y suerte<\/p>\n<p>R.- F: Pues, s\u00ed, la cosa, efectivamente, est\u00e1 muy mal. De alguna manera, nosotros hemos llegado a esta f\u00f3rmula de producci\u00f3n porque no hemos encontrado financiaci\u00f3n. Ahora nos sentimos muy orgullosos del resultado y de ver c\u00f3mo el tes\u00f3n y el esfuerzo merecen la pena.. Como dec\u00eda Miguel del Arco al recibir hace unos d\u00edas el Premio Valle-Incl\u00e1n de Teatro: no pedimos subvenciones, pero, que al menos, no nos pongan palos en las ruedas.. El IVA reducido, nos ayudar\u00eda mucho, as\u00ed como que los presupuestos de cultura no sean los primeros en caer.. M: \u00bfPor qu\u00e9 si miramos tanto a Europa para otras cosas, no nos fijamos en el IVA cultural que tienen otros pa\u00edses de la Uni\u00f3n Europea?<\/p>\n<p>P.- Hola manuela y fran, Manuela soy Sarita!! Quer\u00eda decirte que espero que en feelgood te este yendo muy bien, a ti igual Fran. Eres la mejor, mi pregunta es: \u00bfOs gusta los personajes que ten\u00e9is o prefer\u00edais otro? \u00bfOs cuesta mucho aprender el guion? <\/p>\n<p>R.- M: \u00a1Hola Sarita! Muchas gracias por estar ah\u00ed siempre!!! Feelgood va muy bien, la gente disfruta mucho, y nosotros m\u00e1s todav\u00eda. En mi caso, cuando preparo un personaje, paso por muchas etapas&#8230; me enamoro de \u00e9l, lo odio, lo quiero hacer, no lo quiero hacer, me cae mal, me cae bien, lo juzgo, lo quiero&#8230; supongo que todo tiene que ver con las dificultades que se te van presentando como actriz&#8230; yo soy lenta trabajando y mi proceso es largo, creo que estoy empezando a entender un poco m\u00e1s a Elisa. Lo maravilloso del teatro es esto, que puedes profundizar un poco m\u00e1s en el texto y el personaje cada d\u00eda. \u00a1\u00a1\u00a1Muchos besos, guapa!!! F: Y, yo a\u00f1adir\u00eda, que cada personaje, cada paso que das en la vida, aporta algo, siempre.. \u00a1\u00a1Besos!!<\/p>\n<p>P.- \u00bfCuando los vamos a poder ver paseando por Argentina? jaja <\/p>\n<p>R.- F: \u00a1\u00a1Ojal\u00e1!! Adem\u00e1s, imagino que sabes que Feelgood tiene mucho que ver tambi\u00e9n con Claudio Tolcachir y con el esp\u00edritu de Timbre4.. De alguna manera, estamos en Argentina y Argentina est\u00e1 en nosotros.. M: \u00a1\u00a1Queremos ir!! \u00a1\u00a1Queremos ir!!<\/p>\n<p>P.- Manuela, me han dicho que est\u00e1s que te sales en Feelgood. \u00bfTe has inspirado en alg\u00fan ejemplo en concreto para crear tu personaje de periodista?<\/p>\n<p>R.- M: Muchas gracias. La verdad es que he pasado los \u00faltimos meses enganchad\u00edsima a la prensa y observando a muchos periodistas, pero no me he inspirado en ninguno en concreto. Puedo decirte que me he hecho adicta de Salvados y Jordi \u00c9vole, he visto mucho a Mercedes Mil\u00e1, I\u00f1aki Gabilondo, Ana Pastor, Wyoming, entre otros&#8230;y tambi\u00e9n me he hartado de ver m\u00edtines pol\u00edticos, que dan mucho miedito&#8230;<\/p>\n","protected":false},"excerpt":{"rendered":"<p>Ella, ganadora de un Goya como mejor actriz revelaci\u00f3n. \u00c9l, uno de los rostros m\u00e1s conocidos de la peque\u00f1a pantalla. Manuela Velasco y Fran Perea, acompa\u00f1ados por un importante elenco de actores, estrenan \u2018Feelgood\u2019 en las Naves del Espa\u00f1ol y han charlado con los oyentes<\/p>\n","protected":false},"author":1,"featured_media":0,"comment_status":"open","ping_status":"open","sticky":false,"template":"","format":"standard","meta":{"footnotes":""},"categories":[],"tags":[],"class_list":["post-11324","post","type-post","status-publish","format-standard","hentry"],"_links":{"self":[{"href":"https:\/\/intervius.com\/index.html\/wp-json\/wp\/v2\/posts\/11324","targetHints":{"allow":["GET"]}}],"collection":[{"href":"https:\/\/intervius.com\/index.html\/wp-json\/wp\/v2\/posts"}],"about":[{"href":"https:\/\/intervius.com\/index.html\/wp-json\/wp\/v2\/types\/post"}],"author":[{"embeddable":true,"href":"https:\/\/intervius.com\/index.html\/wp-json\/wp\/v2\/users\/1"}],"replies":[{"embeddable":true,"href":"https:\/\/intervius.com\/index.html\/wp-json\/wp\/v2\/comments?post=11324"}],"version-history":[{"count":0,"href":"https:\/\/intervius.com\/index.html\/wp-json\/wp\/v2\/posts\/11324\/revisions"}],"wp:attachment":[{"href":"https:\/\/intervius.com\/index.html\/wp-json\/wp\/v2\/media?parent=11324"}],"wp:term":[{"taxonomy":"category","embeddable":true,"href":"https:\/\/intervius.com\/index.html\/wp-json\/wp\/v2\/categories?post=11324"},{"taxonomy":"post_tag","embeddable":true,"href":"https:\/\/intervius.com\/index.html\/wp-json\/wp\/v2\/tags?post=11324"}],"curies":[{"name":"wp","href":"https:\/\/api.w.org\/{rel}","templated":true}]}}