{"id":11312,"date":"2013-04-16T00:00:00","date_gmt":"2006-11-06T00:00:00","guid":{"rendered":"https:\/\/intervius.com\/index.html\/?p=11312"},"modified":"2006-11-06T00:00:00","modified_gmt":"2006-11-06T00:00:00","slug":"Alfredo_Relano11312","status":"publish","type":"post","link":"https:\/\/intervius.com\/index.html\/Alfredo_Relano11312\/","title":{"rendered":"Alfredo Rela\u00f1o"},"content":{"rendered":"<p>Pregunta.- Tema Messi y los mundiales solo quiera hacerle una pregunta:\u00bfhubiera ganado la seleccion espa\u00f1ola todo lo que ha ganado con Maradona de entrenador?gracias<\/p>\n<p>Respuesta.- Hombre, pues no me comprometer\u00eda a asegurarlo, ni tampoco lo contrario. Espa\u00f1a ha tenido dos entrenadores mucho mejores que Maradona. <\/p>\n<p>P.- El domingo tuve la suerte de estar en San Mam\u00e9s y me enamor\u00f3, ya le hab\u00eda echado el ojo, Ander Herrera. \u00bfPor qu\u00e9 el Real Madrid no va a por \u00e9l? Creo que es exactamente el jugador que necesita el equipo.<\/p>\n<p>R.- Es verdad, es fenomenal y estuvo fenomenal. Wl Madrid tira poco por el jugador espa\u00f1ol, ya lo sabe. Y no es s\u00f3lo culpa del Madrid, es tambi\u00e9n porque cada vez que pretende a un jugador espa\u00f1ol se arma la de San Quint\u00edn y acaba por no compensarle.<\/p>\n<p>P.- Todo el mundo da por hecho que Florentino se presentar\u00e1 a la reelecci\u00f3n a final de temporada y yo no lo tengo tan claro. \u00bfNo crees que con el fallecimiento de su mujer, Pitina, sus compromisos con ACS y la posible marcha de Mourinho, decida poner punto y final a su etapa como presidente?<\/p>\n<p>R.- Yo pienso que s\u00ed querr\u00e1 seguir. Tampoco veo nadie en el panorama que se est\u00e9 moviendo. <\/p>\n<p>P.- Alfredo, \u00bfcu\u00e1les son los motivos por los que Xabi Alonso no quiere renovar? Es un jugador clave en el equipo y, quitando los jugones del Barsa, no hay nadie como \u00e9l en el mercado.<\/p>\n<p>R.- Xabi Alonso es muy mourinhista, es de los pocos. Si se va Mourinho va a preferir marcharse. De todos modos, le queda un a\u00f1o todav\u00eda. <\/p>\n<p>P.- Hola Alfredo. Como aficionado, \u00bfqu\u00e9 le dir\u00eda a todos aquellos que se fueron tras el 0-3 del Sevilla y a todos esos aficionados que se van 10 minutos antes de finalizar todos los partidos del Bernab\u00e9u y casi siempre se pierden uno o dos goles? Es que personalmente no lo entiendo. Gracias y un saludo.<\/p>\n<p>R.- Yo tampoco. La histroia del f\u00fatbol nos ha dado probadas muestras de que al final puede pasar de todo. En general tienen m\u00e1s gracia y m\u00e1s inter\u00e9s los finales de los partidos que las primeras partes.<\/p>\n<p>P.- Hola Alfredo, \u00bf es cierto que el en Parque de los Principes , campo del PSG, hay una estatua de Di Stefano? Lo lei en un comentario el otro dia. \u00bf Hasta que punto se le tiene respeto a Don Alfredo a nivel internacional? Porque evidentemente las nuevas generaciones no le hemos visto mucho y tenemos grabadas las jugadas de otros miticos jugadores. Un saludo Y un abrazo. A por la D\u00e9cima!!!<\/p>\n<p>R.- No tengo noticia de eso. Pero s\u00ed es cierto que es respetad\u00edsimo en toda Europa. All\u00ed, en el Parque de los Pr\u00edncipes, gan\u00f3 su primera Copa de Europa. Y marc\u00f3 en la final. Marc\u00f3 en las cinco finales que gan\u00f3 el Madrid. Era un jugador enorme, con presencia por todo el campo, velocidad, excelencia t\u00e9cnica, coraje y todos los goles que deba meter un gran delantero centro. Algo \u00fanico.<\/p>\n<p>P.- Muy buenas Alfredo, \u00bfEra tan bueno Gordillo en su \u00e9poca?? \u00bf Bal\u00f3n de oro dijo Gullit en el 86? \u00bf El mejor lateral espa\u00f1ol? . A nivel internacional ahora mismo, \u00bfves alg\u00fan jugador, no brasile\u00f1o, con aquellas caracteristicas? Un abrazo.<\/p>\n<p>R.- Gordillo fue fant\u00e1stico. Cubr\u00eda los cien metros de banda, con mucha velocidad y resistencia, y ten\u00eda un centro magn\u00edfico con la izquierda. Era alto, con lo que tambi\u00e9n ten\u00eda buen juego de cabeza en las dos \u00e1reas y muy solidario. El Bale del Tottenham me lo record\u00f3 algo el a\u00f1o pasado, aunque ahora est\u00e1 jugando en otra posici\u00f3n, en la que marca m\u00e1s goles.<\/p>\n<p>P.- Buenos d\u00edas Alfredo, te felicito por los art\u00edculos de los lunes en el EL PAIS, son f\u00fatbol en estado puro. \u00bfQue fichajes sonados prev\u00e9s para la pr\u00f3xima temporada? Si hay cambio de m\u00edster en el Madrid habr\u00e1 muchos y el Bar\u00e7a necesita reforzarse, \u00bfqu\u00e9 opinas?<\/p>\n<p>R.- El Bar\u00e7a necesita alg\u00fan central ya, o m\u00e1s de uno. Poco a poco se va qeudando dram\u00e1ticamente solo Piqu\u00e9. Parece que en Bartra no conf\u00edan, porque apenas se le ha utilizado a pesar de las emergencias. Al Madrid le veo fichando a Bale y a alg\u00fan mediocentro, y quiz\u00e1 a Ag\u00fcero, en la b\u00fasqueda de alguna pirotecnia electoral.<\/p>\n<p>P.- Buenos d\u00edas Sr. Rela\u00f1o, quer\u00eda saber qu\u00e9 opina usted de que el Barsa juegue el 99% de los partidos de vuelta de todas las competiciones en casa \u00bfes de los que cree que es por casualidad ?y otra pregunta, \u00bfcomo madridista a quien prefiere en la final al Bayern o al Barsa?<\/p>\n<p>R.- No creo que sea el 99% y s\u00ed creo que sean los que sean debe de ser casualidad. Y en la final prefiero al Bar\u00e7a, porque estoy deseando ver una final de Champions entre ellos. Me da miedo que pase la oportunidad y que los dos empiecen a decaer. Nuestro f\u00fatbol va a notar la crisis.<\/p>\n<p>P.- Buenas Alfredo. Si Mourinho se va, a qui\u00e9n ves mejor situado para el banquillo madridista y a quien te gustar\u00eda? Klopp,Vilas Boas,Ben\u00edtez? Y si se quedara crees que mantendr\u00eda su pulso con Casillas y Ramos y forzar\u00eda la marcha de ambos? Le permitir\u00eda Florentino llegar tan lejos? Gracais<\/p>\n<p>R.- No tengo ni idea de qui\u00e9n podr\u00eda venir, ni tengo preferencias. Y s\u00ed veo incompatibles a Casillas y Ramos con Mourinho. No creo que siga Mourinho, pero creo que eso va a depender de \u00e9l, no de Florentino. <\/p>\n<p>P.- Alfredo, estando como est\u00e1n las ligas espa\u00f1ola y alemana ya resueltas, ser\u00e1 complicado no ver a alguno de los equipos al 100% (creo que sin existir lexi\u00f3n la forma es m\u00e1s una capacidad de recuperaci\u00f3n entre partidos que de aportaci\u00f3n en partidos vitales). Dicho esto, \u00bfPodr\u00eda darme hoy unos porcentajes de posibilidades de ganar de cada equipo?<\/p>\n<p>R.- 10% el Borussia, 25% el Bar\u00e7a, 30% el Bayern y 35% el Madrid. <\/p>\n<p>P.- Hola Alfredo,crees que Pogba pudiera ser la mejor versi\u00f3n de Essien (cuando jugaba en el Chelsea) \u00f3 el Yay\u00e1 Tour\u00e9,que el Madrid nunca tuvo,ni parecido? Porque Flavio Conceisao,Emerson,Mahamadou Diarr\u00e1,Lass Diarr\u00e1,Gago \u00f3 Thomas Gravesen (por citar algunos)no dieron el resultado pretendido.En esa demarcaci\u00f3n y para esa funci\u00f3n los madridistas recordamos a Makelele como el \u00fanico jugador de garantias, y ahora Pogba,parece que incluso es una versi\u00f3n de Makelele mucho m\u00e1s completa&#8230;.y con mucho m\u00e1s recorrido por su juventud.Entiendes que por caro que fuese,ser\u00eda un fichaje rentable con el paso del tiempo?Gracias.<\/p>\n<p>R.- Makele lo fue, desde luego. Son jugadores poco vistosos pero que cumplen funciones en el equipo. De todos ellos, el que m\u00e1s me gust\u00f3 fue Yaya Tour\u00e9, desde luego. Pogba y Kondogbia est\u00e1n bien, desde luego. <\/p>\n<p>P.- Se\u00f1or Rela\u00f1o. Usted ha sido muy cr\u00edtico con el Bar\u00e7a por haberse quejado oficialmente por el arbitraje de Stark. Pero, \u00bfusted no encuentra diferencias entre un \u00e1rbitro que se equivoca (Ovrebo), consciente o inconscientemente y otro que no se sabe el reglamento, como demostr\u00f3 Stark en una de las \u00faltimas jugadas en Par\u00eds? \u00bfLa incompetencia no deb\u00eda ser denunciada?<\/p>\n<p>R.- Creo que ning\u00fan equipo debe quejarse del \u00e1rbitro, que no es \u00fatil ni es correcto. Para eso est\u00e1 la prensa. Lo de Ovrebo es un precedente que a\u00fan est\u00e1 pr\u00f3ximo y como nunca vi cosa igual, me parece que deja en mal lugar la queja del Bar\u00e7a. Y est\u00e1n muy recientes los d\u00edas en que el Bar\u00e7a hac\u00eda gala de no protestar mientras el Madrid s\u00ed protestaba.<\/p>\n<p>P.- Hola Sr.Rela\u00f1o. No cree que no est\u00e1n valorando justamente la temporada del Barcelona? En una temporada muy dif\u00edcil por la marcha de Guardiola, la enfermedad de Vilanova, las lesiones?han mantenido en la Liga un nivel de regularidad que el Madrid no ha podido mantener y vuelven a estar por sexto a\u00f1o consecutivo en la semifinal de champions.<\/p>\n<p>R.- Es verdda, han pasado muchas cosas. Ocurre que la Liga la gan\u00f3 tan pronto que ya no se le da m\u00e9rito, luego el Madrid le ech\u00f3 de la Copa y ahora le hemos visto vacilante ante el Mil\u00e1n y sobre todo ante el PSG. Por primera vez en estos a\u00f1os se ve a un Bar\u00e7a en dificultades y eso ha llamado la atenci\u00f3n. <\/p>\n<p>P.- Hola Sr.Rela\u00f1o, no cree que es totalmente falsa la impresi\u00f3n que se trata de trasladar desde algunos medio de que la temporada del Madrid y Barcelona depende de la Champions? El Barcelona aunque no gane la Champions si como parece gana con holgura la Liga a la mejor plantilla de la historia del Madrid habr\u00e1 hecho una gran temporada, mientras que el Madrid si no gana la Champions ser\u00e1 un fracaso que solo puede ser levemente maquillado por la Copa (como el Barcelona la temporada pasada).<\/p>\n<p>R.- Lo acabo de comentar: el efecto Liga del Bar\u00e7a va a ser injustamente menor de lo apropiado este a\u00f1o, porque la gan\u00f3 muy pronto. Y porque le ech\u00f3 el Madrid de la Copa. Pero sobre todo porque al nievl que han llegado Madrid y Bar\u00e7a todo lo qeu no sea Champions parece un \u00e9xito relativo.<\/p>\n<p>P.- Buenos d\u00edas, Don Alfredo. Se sabe bien que Beckenbauer no era un defensa &#8220;nato&#8221;, sino que se movi\u00f3 hacia la retaguardia seg\u00fan su carrera avanzaba, tras haber empezado brillantemente como volante ofensivo. Quer\u00eda preguntarle si usted cree que Beckenbauer ten\u00eda verdadera capacidad como defensa (mi padre me dice siempre que s\u00ed) o si limitaba su aportaci\u00f3n al liderazgo y a la salida limpia del bal\u00f3n desde atr\u00e1s.<\/p>\n<p>R.- S\u00ed, se desempe\u00f1aba bien como defensa. Digamos que se defend\u00eda. Y luego le daba salida con una seguridad casi empalagosa al bal\u00f3n y ten\u00eda un gran pase largo. Pero no era un defensa d\u00e9bil. Siempre tuvo quite. Yo le vi al prinicpio, en el Mundial 66, y era el m\u00e1s atrasado de los tres de la media (los otros eran Haller y Overath), el primer escudo de la defensa, y ten\u00eda quite, aunqeu a veces hac\u00eda incursiones hacia el ataque muy buenas. Marc\u00f3 a Charlton, que se mov\u00eda por todo el campo, en la final. <\/p>\n<p>P.- Buenas Alfredo: Creo que la UEFA es un negocio y como tal no le interesa lo m\u00e1s m\u00ednimo una semifinal espa\u00f1oles alemanes, de ah\u00ed la absoluci\u00f3n de Ibra, Para ellos lo ideal era, no habiendo ya Ingleses, un franc\u00e9s (caso Ibra sin explicaci\u00f3n la absoluci\u00f3n), un alem\u00e1n (caso M\u00e1laga), un Italiano (no hubo posible pol\u00e9mica) y un espa\u00f1ol (caso Yilmaz sin explicaci\u00f3n la no absoluci\u00f3n ni los penaltis). \u00bfNo cree?<\/p>\n<p>R.- No s\u00e9 si tanto. Desde luego, la absoluci\u00f3n de Ibra fue chocante. Aunque me hab\u00eda parecido exagerada su expulsi\u00f3n, esas cosas no suelen hacerse. Mano de Platini, quiz\u00e1. <\/p>\n<p>P.- buen dia Sr. Rela\u00f1o&#8230; siendo ud. muy objetivo no cree que la hipotetica llegada de Bale al Madrid, le supondria una efimera fama seguida de un muchas criticas?&#8230; puesto que en los Spurs es primera opcion en las jugadas a balon estacionario y en remates a puerta&#8230; siendo logicos&#8230; no hay manera de que conserve su rendimiento sin que el de Cristiano se vea afectado o viceversa&#8230;<\/p>\n<p>R.- A m\u00ed me parece un jugador tremendo, en la banda o m\u00e1s por dentro. Bueno y muy fuerte. Yo s\u00ed creo que le vendr\u00eda bien al Madrid. <\/p>\n<p>P.- Hola amigo Rela\u00f1o: Le voy a comentar un secreto, hay jugadores del Barcelona que rinden peor de cara al gol con Messi que sin \u00e9l, como Alexis, Cesc o Pedro, el motivo es que piensan que \u00e9l \u00fanico pase de gol posible es a Messi y que entre tirar o pasar a Messi siempre pasar. Se nota en jugadores como Tello o Villa, que son m\u00e1s &#8220;egoistas&#8221; y que sus registros est\u00e1n acordes a sus minutos. \u00bfNo cree?<\/p>\n<p>R.- No s\u00e9 si habr\u00e1 ese efecto, no lo he pensado. Lo que s\u00ed pienso desde hace tiempo, y cada vez m\u00e1s, es que Tello deber\u00eda jugar siempre. Me choca que est\u00e9 por detr\u00e1s de otros. <\/p>\n<p>P.- A\u00fan recuerdo Alfredo cuando el Madrid de la &#8220;quinta del ferrari&#8221; o de &#8220;los gal\u00e1cticos&#8221; sal\u00eda a jugar a Mendizorroza o al Sardinero y costaba ganar. Partidos machos, jugados &#8220;de igual a igual&#8221;. Esos equipos no eran peores que \u00e9ste, que es muy bueno, y esa igualdad la he dejado de ver. \u00bfPor qu\u00e9 el f\u00fatbol de los 90 y comienzos de milenio era tan bueno y ahora cuesta pensar en otro supercrack que no sean messi o Ronaldo cuando antes los cont\u00e1bamos por decenas en cada liga? Yo creo que en esta median\u00eda general tambi\u00e9n radica el \u00e9xito del Barcelona (y un poquito el de nuestra selecci\u00f3n). Gracias!<\/p>\n<p>R.- No creo que aquellos equipos del Madrid y el Bar\u00e7a fueron tan buenos como este. Hay jugadores campeones del mundo en los dos equipos, est\u00e1n Cristiano y Messi, los que no son de La Roja son internacionales brillantes en sus pa\u00edses. Creo que el Madrid y el Bar\u00e7a tienen ahora un nivel que nunca tuvieron. Si acaso, en la frontera del 1960. <\/p>\n<p>P.- Don Alfredo: Con respecto a la comparaci\u00f3n entre Cristiano y Messi, el otro d\u00eda o\u00ed un debate en el Larguero de quien era m\u00e1s importante para el equipo, pero faltaba decir que uno juega de delantero y el otro de interior izquierdo, por lo que se tendr\u00eda que notar m\u00e1s acusadamente en Messi de lo que se nota, es como decir que qu\u00e9 se acusa m\u00e1s, la ausencia de Vald\u00e9s o la de D\u00ed Mar\u00eda. No son comparables.<\/p>\n<p>R.- Se acusa la baja de cualquiera de los dos porque son los mejores jugadores del mundo. Marcan el 40% de los goles del equipo los dos. <\/p>\n<p>P.- Hola Alfredo, creo que lo \u00fanico que puede hacer que Mourinho se replantee su marcha del Madrid es que el Chelsea no se clasifique para la Champions, ya que a \u00e9l no le seducir\u00eda entrenar a un club que no jugase la m\u00e1xima competici\u00f3n continental, de no ser as\u00ed todo hace indicar que se ir\u00e1 a Londres&#8230;Como sustituto no parece descabellada la vuelta de Pellegrini, ya que siempre respet\u00f3 los valores del madridismo, adem\u00e1s en su favor tengo que decir que es imposible que una plantilla coga los automatismos en un solo a\u00f1o y con diez jugadores nuevos, no se tuvo paciencia con \u00e9l, \u00bfqu\u00e9 opinas?<\/p>\n<p>R.- Pelegrini no volver\u00e1. Florentino no va a hacer eso. En cuanto a Mourinho, yo s\u00ed creo como usted que la decisi\u00f3n la va a tomar \u00e9l. <\/p>\n<p>P.- Hola Alfredo,cortita y al pie: \u00bfCristiano o messi? y no acepto una X en la quiniela, muchas gracias.<\/p>\n<p>R.- Ya lo digo hoy: el \u00faltimo al que he visto jugar.<\/p>\n<p>P.- Hola Alfredo; Xabi Alonso, dice que el Madrid no tiene Cristianodependencia, yo pienso que se confunde de lleno, para mi tiene incluso mas que el Barcelona sin Messi. \u00bfCual es tu opini\u00f3n? Un saludo<\/p>\n<p>R.- Que es el 40% de goles en ambos casos. Que son los dos mejores del mundo. Que hay ambas dependencias y nadie debe extra\u00f1arse ni avergonzarse por eso. Y por otra parte, como no cogen ni un constipado&#8230;<\/p>\n<p>P.- Hola Alfredo, \u00bfcrees que la suplencia de Casillas puede ser un polvor\u00edn que destroce el vestuario en un momento clave de la temporada?<\/p>\n<p>R.- No veo eso. Diego L\u00f3pez est\u00e1 justificando la decisi\u00f3n de Mourinho, diche sea en honor a la verdad.<\/p>\n","protected":false},"excerpt":{"rendered":"<p>Alfredo Rela\u00f1o, director del diario AS, analizar\u00e1 con los internautas la actualidad deportiva.<\/p>\n<p>Alfredo Rela\u00f1o en Twitter<\/p>\n","protected":false},"author":1,"featured_media":0,"comment_status":"open","ping_status":"open","sticky":false,"template":"","format":"standard","meta":{"footnotes":""},"categories":[],"tags":[],"class_list":["post-11312","post","type-post","status-publish","format-standard","hentry"],"_links":{"self":[{"href":"https:\/\/intervius.com\/index.html\/wp-json\/wp\/v2\/posts\/11312","targetHints":{"allow":["GET"]}}],"collection":[{"href":"https:\/\/intervius.com\/index.html\/wp-json\/wp\/v2\/posts"}],"about":[{"href":"https:\/\/intervius.com\/index.html\/wp-json\/wp\/v2\/types\/post"}],"author":[{"embeddable":true,"href":"https:\/\/intervius.com\/index.html\/wp-json\/wp\/v2\/users\/1"}],"replies":[{"embeddable":true,"href":"https:\/\/intervius.com\/index.html\/wp-json\/wp\/v2\/comments?post=11312"}],"version-history":[{"count":0,"href":"https:\/\/intervius.com\/index.html\/wp-json\/wp\/v2\/posts\/11312\/revisions"}],"wp:attachment":[{"href":"https:\/\/intervius.com\/index.html\/wp-json\/wp\/v2\/media?parent=11312"}],"wp:term":[{"taxonomy":"category","embeddable":true,"href":"https:\/\/intervius.com\/index.html\/wp-json\/wp\/v2\/categories?post=11312"},{"taxonomy":"post_tag","embeddable":true,"href":"https:\/\/intervius.com\/index.html\/wp-json\/wp\/v2\/tags?post=11312"}],"curies":[{"name":"wp","href":"https:\/\/api.w.org\/{rel}","templated":true}]}}