{"id":11285,"date":"2013-03-18T00:00:00","date_gmt":"2006-11-06T00:00:00","guid":{"rendered":"https:\/\/intervius.com\/index.html\/?p=11285"},"modified":"2006-11-06T00:00:00","modified_gmt":"2006-11-06T00:00:00","slug":"Jose_Samano11285","status":"publish","type":"post","link":"https:\/\/intervius.com\/index.html\/Jose_Samano11285\/","title":{"rendered":"Jos\u00e9 S\u00e1mano"},"content":{"rendered":"<p>Pregunta.- Buenas tardes desde Alemania, sr. S\u00e1mano. Muchos elogiaron el juego del Barca ayer. Pero yo lo vi perder muchos balones. \u00bfEl Barca en la forma de ayer habr\u00eda tenido opciones contra el Madrid en la forma de los \u00faltimos cl\u00e1sicos?<\/p>\n<p>Respuesta.- Buenas tardes a todos y gracias por compartir esta cita. No fue el mejor Bar\u00e7aque he visto, desde luego. Una buena noticia para los azulgrana (Villa); y tres malas (el extrav\u00edo de Cesc), la en\u00e9sima mala actuaci\u00f3n de Alexis y la lesi\u00f3n de Adriano (sumada a las de Puyol y Abidal en un equipo de poca defensa). <\/p>\n<p>P.- Ufffff, grande Nadal, \u00bfno?<\/p>\n<p>R.- Enorme!!! Los genios son aquellos que desmienten una y otra vez lo que ser\u00eda la realidad para cualquiera. Nadal es uno de ellos. Se va y vuelve en la cima, en la pista que menos le favorece, ante Federer, un gran Del Potro. Un tenista, un deportista, de otro planeta. En mi opini\u00f3n, la mejor noticia para el deporte espa\u00f1ol en meses.<\/p>\n<p>P.- Qu\u00e9 mal el Bar\u00e7a con el Rayo, no? Jugando al contragolpe como un equipo peque\u00f1o que&#8230; Oh Wait!<\/p>\n<p>R.- Pues s\u00ed, el Rayo, estupendo en su planteamiento, aunque sin pegada, le oblig\u00f3 a ello. En muchas fases le quit\u00f3 la pelota ni m\u00e1s ni menos que al equipo m\u00e1s carpanta en ese aspecto. Gran m\u00e9rito del equipo de Paco J\u00e9mez. Y s\u00ed, Messi les fulmin\u00f3 a la contra.<\/p>\n<p>P.- \u00bfCu\u00e1l cree usted que es el principal de los males que Jos\u00e9 Mourinho ha tra\u00eddo a este Real Madrid? <\/p>\n<p>R.- En mi opini\u00f3n, solo uno: su querencia por bucear en las cloacas ajenas a lo que sucede en el campo. Dir\u00e9, eso s\u00ed, que se le ve m\u00e1s calmado en ese sentido. Sus dotes como pir\u00f3mano medi\u00e1tico no creo que le beneficien ni a \u00e9l ni a su club. <\/p>\n<p>P.- esta de acuerdo que BALE vaya a jugar al Madrid?? no cree aun temprano para ello , teniendo en cuenta al tecnico Mourino y sus pesimas relaciones con los jugadores??<\/p>\n<p>R.- Mourinho no tiene &#8220;p\u00e9simas&#8221; relaciones con todos los jugadores, al menos a m\u00ed no me consta. No s\u00e9 si Bale acabar\u00e1 en el Madrid, pero me parece un buen futbolista, con una pegada extraordinaria y mucho recorrido, que tendr\u00eda un hueco complicado en el Madrid, salvo que llegara para regresar a sus tiempos iniciales como lateral y cerrar el paso a Marcelo. Por delante, como interior, cosa mayor: es el sitio de Cristiano.<\/p>\n<p>P.- Buen d\u00eda Jose. \u00bfSe esta acabando el tiempo de Bielsa en el Athletic? \u00bfPuede ser Kuko Ciganda su sustituto y continuador, viendo la campa\u00f1a que esta haciendo en el filial?<\/p>\n<p>R.- Si Bielsa no continuase, creo que Ziganda y Valverde estar\u00edan al frente de la parrilla de Ibaigane. En el primer caso, el Athletic no tendr\u00eda competencia; en el segundo, el Valencia est\u00e1 por el medio. Los dos me parecer\u00edan opciones positivas, pero hay que esperar qu\u00e9 ocurre con Bielsa.<\/p>\n<p>P.- Menudo dilema va a tener Mourinho cuando Casillas est\u00e9 recuperado. Si priman razones deportivas, Diego L\u00f3pez ser\u00e1 el suplente, pero me temo que no. L\u00f3pez ha tenido la suerte de un par de buenos partidos, pero ni de lejos tiene el nivel de Casillas.<\/p>\n<p>R.- Diego es buen portero, y ha tenido actuaciones m\u00e1s que notables como en el d\u00eda crucial de Old Trafford. Pero Iker es cosa seria, como portero y como icono del f\u00fatbol mundial. Tengo gran curiosidad por c\u00f3mo resuelve el asunto Mourinho.<\/p>\n<p>P.- un saludo don jose ,,,,,mi pregunta es la siguiente ,,,,he visto ultimamente a un madrid que le da respuesta a los planteamientos de defensa que le plantean los eguipos alos cuales se enfrenta y sobre todo alos que se encierran ..ej de esto modric y sus ultimos goles ,,,,aprecia usted lo mismo<\/p>\n<p>R.- A todos los equipos, por grandes que sean, les cuesta abrir defensas en pelot\u00f3n. Al Madrid, a menudo, m\u00e1s que a otros porque su fuerte es jugar a campo abierto, pero suele encontrar m\u00e1s recursos individuales que colectivos.<\/p>\n<p>P.- Buenas tardes Jos\u00e9, me gustar\u00eda saber en tu opini\u00f3n qu\u00e9 jugadores del planeta f\u00fatbol podr\u00edan suplir en el futuro a Xabi Alonso en el Real Madrid.<\/p>\n<p>R.- Dudo que Alonso vaya a salir del Madrid. Ser\u00eda un p\u00e9simo negocio para las dos partes, y si me apura a\u00fan peor para el club, porque en su puesto no veo a nadie a su nivel, ni de largo. Me parece un futbolista capital, en el Madrid y en la selecci\u00f3n, un jugador completo, con colmillo, con pase corto, con luces largas, inteligente, solidario&#8230; Hoy, \u00fanico en su puesto.<\/p>\n<p>P.- Hola, Jos\u00e9. \u00bfCrees que Del Bosque dejar\u00e1 descansar a los Xavi, X.Alonso, Iniesta&#8230; contra Finlandia, para que est\u00e9n a tope para el partido en Francia?\u00bfQu\u00e9 porcentaje de posibilidades de victoria ves a Espa\u00f1a all\u00ed? \u00bfVes posible que Francia nos gane?<\/p>\n<p>R.- Supongo que s\u00ed, que Del Bosque activar\u00e1 un plan B ante Finlandia y de los que cita seguro que Xavi no jugar\u00e1. El cesto es amplio y esta Espa\u00f1a se puede permitir un &#8220;segundo&#8221; equipo de lujo. El mel\u00f3n est\u00e1 en Francia.<\/p>\n<p>P.- Sorprende que Del Bosque llame a Albiol, que apenas juega en el Madrid, y no llame a Torres o a Javi Mart\u00ednez, porque no est\u00e1n con el nivel requerido. Arteta, Borja Valero, son otros jugadores a los que no ha dado una merecida oportunidad. \u00bfC\u00f3mo ves la convocatoria de la selecci\u00f3n ante dos choques cruciales, Finlandia y Francia?.<\/p>\n<p>R.- No abundan los defensas y, en cierta manera, la selecci\u00f3n tambi\u00e9n es un equipo y a \u00e9l pertenece desde hace tiempo Albiol, que, por otra parte, siempre ha cumplido en sus pocos ratos con el Madrid. Conoce al grupo, tiene experiencia y a Del Bosque nunca le ha defraudado. No es Del Bosque alguien retorcido, ni much\u00edsimo menos, a la hora de hacer las listas. Podr\u00e1 equivocarse o no, pero cumple a rajatabla con lo que piensa, con lo que siente al ver a unos y otros. A Torres le esperado m\u00e1s de una vez cuando no estaba bien y a Javi Mart\u00ednez le dio vuelo cuando le vio en condiciones.<\/p>\n<p>P.- Qu\u00e9 m\u00e9rito tiene este Rayo, se merece un monumento. El \u00fanico equipo que se ha atrevido a discutirle la posesi\u00f3n del bal\u00f3n al Bar\u00e7a, pese a su modestia. Alternar en el juego con el Bar\u00e7a no est\u00e1 al alcance de ning\u00fan otro equipo. Qu\u00e9 bien hizo Roura en aparcar las rotaciones.<\/p>\n<p>R.- Efectivamente, como ya he dicho, el Rayo tiene un m\u00e9rito incre\u00edble. NUnca se sabr\u00e1, pero Baptistao por Delibasic igual&#8230;<\/p>\n<p>P.- Buen dia Crack, mi pregunta se orienta a la busqueda de objetividad, tan extra\u00f1ada en los medios de comunicaci\u00f3n de hoy dia, y es respecto al Real Madrid&#8230; Porque se juzga a Benzema e Higuian si &#8220;baja de forma&#8221; si no tienen las mismas oportunidades que goza CR7&#8230;(partidos completos y condecendencias si fallan) gracias Mr. S\u00e1mano<\/p>\n<p>R.- Un saludo. Siempre he tenido la sensaci\u00f3n de que Benzema e Higua\u00edn no llenan del todo a Mourinho, que tendr\u00e1 sus razones, desde luego. Adem\u00e1s, jugar al lado de ese h\u00e9rcules que es Cristiano empeque\u00f1ece a cualquiera. Veamos si no qu\u00e9 ocurre en Barcelona, donde en la periferia de Messi ocurre lo mismo con Villa, Pedro, Alexis, Tello&#8230; Y antes Etoo, Ibra&#8230;<\/p>\n<p>P.- Buenas tardes S\u00e1mano. A ra\u00edz del tema de la continuidad o no de Mourinho me surge una duda: \u00bfNo es poco l\u00edcito (o inapropiado o como quieras llamarlo) que un presidente con unas elecciones por delante deje atado a un entrenador para el a\u00f1o siguiente? Puede ser una gran losa en el caso, aunque no parezca probable, de que haya relevo, el entrenador es b\u00e1sicamente la decisi\u00f3n m\u00e1s importante de un club a corto-medio plazo&#8230; Gracias<\/p>\n<p>R.- Entiendo lo que dice, pero el f\u00fatbol se gu\u00eda por cauces nada convencionales. Imag\u00ednese que el Madrid tiene que esperar a un presidente electo en junio para fichar un t\u00e9cnico que improvise al d\u00eda siguiente una planificaci\u00f3n. Es l\u00f3gico que se quieran dejar atadas cuestiones tan relevantes como las de un t\u00e9cnico. Tampoco parece conveniente convocar elecciones en mitad de una temporada, con lo que ello tendr\u00eda de convulso para la instituci\u00f3n en plena competici\u00f3n. <\/p>\n<p>P.- Hola Samano va usted entrando en raz\u00f3n y reconociendo que Mascherano de central es un perjuicio enorme para el Barcelona o persiste en la obcecaci\u00f3n del a\u00f1o pasado defendiendo su rendimento en esa posici\u00f3n?Gracias y un abrazo.<\/p>\n<p>R.- La pasada temporada Mascherano me pareci\u00f3 que fue algo m\u00e1s que un mero central improvisado y cumplidor. El error estuvo en que el Bar\u00e7a no se animara a fichar otro central con la enfermedad de Abidal y la edad y maltrecho cuerpo de Puyol. Este curso ha tenido titubeos, pero acorde con los de otros de sus compa\u00f1eros, que han tenido rachas. Ahora habr\u00e1 que ver a Mascherano titular\u00edsimo sin Puyi e incluso Adriano.<\/p>\n<p>P.- Se\u00f1or Samano. \u00bfNo le parece que la situaci\u00f3n financiera del f\u00fatbol espa\u00f1ol, explicada en un informe publicado por El Pa\u00eds, es una consecuencia directa de la manera de repartir derechos de televisi\u00f3n? \u00bfTiene sentido que el Madrid y el Barca sigan siendo los ricos en una Liga de pobres? \u00bfNo ser\u00e1 que esa situaci\u00f3n ya no es sostenible?<\/p>\n<p>R.- No, no tiene sentido, pero es una cuesti\u00f3n que debe regular e imponer una Liga que cumpla con su aut\u00e9ntico papel de patronal.<\/p>\n<p>P.- Unas palabras para Pellegrini , capaz de poner en valor la palabra gestion e implantar un ideario futbolistico alla por donde va , Cuales son a su juicio los valores de este tecnico , cuales son sus claves mas sobresalientes \u00bf? <\/p>\n<p>R.- Sabe implicar al futbolista a base de conceder mucha libertad, algo dif\u00edcil de manejar con equilibrio. Los jugadores le creen, por lo que hace en el campo y su firmeza ante el mando, como ha demostrado en M\u00e1laga.<\/p>\n<p>P.- Pura curiosidad, Jos\u00e9. \u00bfC\u00f3mo prepara la cr\u00f3nica de los partidos? \u00bfToma notas en papel y l\u00e1piz&#8230; ordenador? \u00bfConsulta las estad\u00edsticas? \u00bfConf\u00eda en su memoria? Mil gracias.<\/p>\n<p>R.- Conf\u00edo en que la premura del tiempo no me supere, en que los minutos duren miles de segundos. Pasan y pasan los a\u00f1os, se acumula la experiencia y cada cr\u00f3nica nueva angustia de nuevo.<\/p>\n<p>P.- Buenas tardes. Sr. S\u00e1mano, tras el nuevo record de Juan Carlos Navarro \u00bfno cre\u00e9 que ser\u00eda interesante un monogr\u00e1fico sobre \u00e9l? aprovechando que acaba de batir el record de Epi \u00bfporqu\u00e9 no les invitan a tomar caf\u00e9 y publican su conversaci\u00f3n? Se que les pido mucho espacio de papel pero creo que ser\u00eda un tanto m\u00e1s para la estupenda redacci\u00f3n de deportes que dirige. Le agradezco su labor<\/p>\n<p>R.- Tomo nota y deje el caf\u00e9 de nuestra cuenta. Aunque esto de los r\u00e9cords del balocnesto con ese borr\u00f3n hacia todo lo que noera ACB me saca un poco de quicio. Pero Navarro lo merece, un grande muy grande.<\/p>\n<p>P.- Me gustar\u00eda que me dijese usted, cual considera es la mejor liga de Europa en la actualidad, ya que a mi personalmente no me termina de convencer una Liga como la espa\u00f1ola en la que el campeonato se dirime entre 2 equipos y en los que el resto de equipos no tiene mayor participacion que la de no descender y en el mejor de los casos clasificar a Europa. Gracias y saludos<\/p>\n<p>R.- La que mejor se vende, la Premier; la mejor organzida, la Bundesliga, y en la que mejor se juega, la espa\u00f1ola. En todas, por cierto, incluida la italiana, hay l\u00edderes muy destacados.<\/p>\n","protected":false},"excerpt":{"rendered":"<p>El redactor jefe de Deportes de EL PA\u00cds charla cada lunes con los lectores sobre la Liga y toda actualidad deportiva.<br \/>\nM\u00e1s entrevistas digitales<\/p>\n","protected":false},"author":1,"featured_media":0,"comment_status":"open","ping_status":"open","sticky":false,"template":"","format":"standard","meta":{"footnotes":""},"categories":[],"tags":[],"class_list":["post-11285","post","type-post","status-publish","format-standard","hentry"],"_links":{"self":[{"href":"https:\/\/intervius.com\/index.html\/wp-json\/wp\/v2\/posts\/11285","targetHints":{"allow":["GET"]}}],"collection":[{"href":"https:\/\/intervius.com\/index.html\/wp-json\/wp\/v2\/posts"}],"about":[{"href":"https:\/\/intervius.com\/index.html\/wp-json\/wp\/v2\/types\/post"}],"author":[{"embeddable":true,"href":"https:\/\/intervius.com\/index.html\/wp-json\/wp\/v2\/users\/1"}],"replies":[{"embeddable":true,"href":"https:\/\/intervius.com\/index.html\/wp-json\/wp\/v2\/comments?post=11285"}],"version-history":[{"count":0,"href":"https:\/\/intervius.com\/index.html\/wp-json\/wp\/v2\/posts\/11285\/revisions"}],"wp:attachment":[{"href":"https:\/\/intervius.com\/index.html\/wp-json\/wp\/v2\/media?parent=11285"}],"wp:term":[{"taxonomy":"category","embeddable":true,"href":"https:\/\/intervius.com\/index.html\/wp-json\/wp\/v2\/categories?post=11285"},{"taxonomy":"post_tag","embeddable":true,"href":"https:\/\/intervius.com\/index.html\/wp-json\/wp\/v2\/tags?post=11285"}],"curies":[{"name":"wp","href":"https:\/\/api.w.org\/{rel}","templated":true}]}}