{"id":1127,"date":"2007-05-12T00:00:00","date_gmt":"2006-11-06T00:00:00","guid":{"rendered":"https:\/\/intervius.com\/index.html\/?p=1127"},"modified":"2006-11-06T00:00:00","modified_gmt":"2006-11-06T00:00:00","slug":"Abel_Caballero1127","status":"publish","type":"post","link":"https:\/\/intervius.com\/index.html\/Abel_Caballero1127\/","title":{"rendered":"Abel Caballero"},"content":{"rendered":"<p>Pregunta.- \u00bfAprobar\u00eda el actual plan xeral de Vigo remitido a la Xunta, lo modificar\u00eda o comenzar\u00eda la redacci\u00f3n de uno nuevo en caso de acceder a la alcald\u00eda de Vigo?<\/p>\n<p>Respuesta.- Hay que modificar el actual porque en su versi\u00f3n, como est\u00e1 ahora, es ilegal y ser\u00eda anulado por los tribunales, Y segundo, lo modificar\u00e9 para pasar el espacio dedicado a la Viviendas Protegidas de l 20 al 40 % y en todo caso estar\u00e9 aprobado en el 2007. Y si eres un exalumno, un saludo!<\/p>\n<p>P.- \u00bfDe d\u00f3nde saldr\u00e1 el dinero para financiar el proyecto de reforma del Puerto de Vigo? \u00bfSe ha previsto la rentabilidad de lo que all\u00ed se construya o se quedar\u00e1 en otro Verbum o en otro Museo del Mar?<\/p>\n<p>R.- El proyecto se autofinancia, significa que el Puerto Deportivo, por ejemplo, que se va a hacer financia la tercera parte del proyecto, el hotel otra parte, etc&#8230; Es un proyecto lleno de contenido que va a ofrecer a los ciudadanos una espl\u00e9ndida zona de ocio, que es lo que la ciudad necesita.<\/p>\n<p>P.- \u00bfCual es su compromiso con la creaci\u00f3n del \u00c1rea Metropolitana de Vigo, no cree que es algo fundamental para el futuro de la ciudad y que nadie acaba de tom\u00e1rselo en serio?<\/p>\n<p>R.- S\u00ed, es fundamental, tanto que yo acabo de presentar un proyecto de \u00e1rea metropolitana que pasa de 14 a 28 municipios que hace que el presidente del \u00e1rea sea obligatoriamente el alcalde de Vigo, que, adem\u00e1s, asume las competencias de la diputaci\u00f3n y, por tanto, no a\u00f1ade una administraci\u00f3n nueva sino que ocupa el espacio de la diputaci\u00f3n y que en lugar de financiarse con impuestos como preve\u00eda el proyecto anterior, lo har\u00e1 con los recursos de la diputaci\u00f3n.<\/p>\n<p>P.- Hola Abel: Dime una sola medida ecologica que pienses llevar a cabo en Vigo. Si tienes varias solo menciona la principal. Saludos.<\/p>\n<p>R.- La construcci\u00f3n inmediata de una depuradora que sanee la r\u00eda porque la r\u00eda se est\u00e1 muriendo con los vertidos de la ciudad. <\/p>\n<p>P.- \u00bfPor qu\u00e9 ese potencial tan enorme que siempre dicen tiene Vigo no sale a flote? \u00bfDe verdad es cierto que es tan emprendedor el capital privado? que as\u00ed sea en todo caso.<\/p>\n<p>R.- Pues yo creo que Vigo es una ciudad muy emprendedora, seguramente, la m\u00e1s emprendedora de Espa\u00f1a. Vigo es la cuarta ciudad exportadora de Espa\u00f1a y lo que necesita es un alcalde que ponga en la misma direcci\u00f3n al ayuntamiento, al puerto, a la zona franca y al gobierno de Espa\u00f1a. Los alcaldes que hubo hasta ahora fracasaron en conseguirlo. Yo creo que puedo hacerlo.<\/p>\n<p>P.- El Estadio Municipal de Bala\u00eddos data del a\u00f1o 1.928. Desde hace a\u00f1os se pide un estadio nuevo, pero la situaci\u00f3n est\u00e1 atascada. Por un lado, el Ayuntamiento no quiere afrontar el gasto. Por otro, tampoco permite al Real Club Celta llevar a cabo su proyecto de remodelaci\u00f3n, proyecto financiado a trav\u00e9s de incorporar en el estadio un centro comercial, a lo que se opone frontalmente la f\u00e1brica de Citro\u00ebn, situada enfrente del estadio. \u00bfCuenta con una f\u00f3rmula para resolver esta situaci\u00f3n?<\/p>\n<p>R.- S\u00ed, absolutamente, porque es preciso poner de acuerdo a todas las partes, hacer que todo el mundo asuma una parte de toda la responsabilidad y que todas las partes contribuyan y desde luego, creo que hay que mantenerlo en Bala\u00eddos. Cambiarlo de ubicaci\u00f3n ser\u00eda un gran error.<\/p>\n<p>P.- \u00bfQu\u00e9 opini\u00f3n te merece el voto de los residentes en el exterior?<\/p>\n<p>R.- Bueno, pues es un derecho que tienen y por tanto, soy enormemente respetuoso con los derechos que ejercen ellos y, adem\u00e1s, creo que cuanto m\u00e1s voten, mejor.<\/p>\n<p>P.- \u00bfC\u00f3mo se puede solucionar el problema de la vivienda? \u00bfQu\u00e9 van a hacer? Gracias<\/p>\n<p>R.- Vamos a promover 6.000 viviendas protegidas en cuatro a\u00f1os. Y, para eso, aprobaremos el plan de ordenaci\u00f3n municipal que deber\u00e1 dedicar el 40% de suelo a vivienda protegida. Adicionalmente, dedicaremos el patrimonio de viviendas que tiene el ayuntamiento a una bolsa de alquiler. <\/p>\n<p>P.- Sr. Caballero \u00bfsi el PSdeG obtiene la alcald\u00eda de Vigo gracias al apoyo del BNG formar\u00e1n un verdadero gobierno de coalici\u00f3n o har\u00e1 como el se\u00f1or P\u00e9rez Mari\u00f1o y entregarle el poder al PP por no saber entender un gobierno de coalici\u00f3n? Gracias.<\/p>\n<p>R.- No, no. Har\u00edamos un gobierno de coalici\u00f3n con alcalde socialista y ser\u00eda un gobierno estable, s\u00f3lido, duradero y afrontar\u00edamos de una vez los problemas de la ciudad. En Galicia hay m\u00faltiples ejemplos de gobiernos de coalici\u00f3n que funcionaron especialmente bien y, el actual de la Xunta, es un buen ejemplo. <\/p>\n","protected":false},"excerpt":{"rendered":"<p>Licenciado en Econom\u00eda y actual catedr\u00e1tico de Teor\u00eda Econ\u00f3mica de la Facultad de Ciencias Econ\u00f3micas y Empresariales de la Universidad de Vigo, Abel Caballero se presenta para ocupar la alcald\u00eda de Vigo. Sobre su programa y proyectos, en caso de ser elegido en las elecciones del 27 mayo, ha hablado con los lectores.<\/p>\n","protected":false},"author":1,"featured_media":0,"comment_status":"open","ping_status":"open","sticky":false,"template":"","format":"standard","meta":{"footnotes":""},"categories":[],"tags":[],"class_list":["post-1127","post","type-post","status-publish","format-standard","hentry"],"_links":{"self":[{"href":"https:\/\/intervius.com\/index.html\/wp-json\/wp\/v2\/posts\/1127","targetHints":{"allow":["GET"]}}],"collection":[{"href":"https:\/\/intervius.com\/index.html\/wp-json\/wp\/v2\/posts"}],"about":[{"href":"https:\/\/intervius.com\/index.html\/wp-json\/wp\/v2\/types\/post"}],"author":[{"embeddable":true,"href":"https:\/\/intervius.com\/index.html\/wp-json\/wp\/v2\/users\/1"}],"replies":[{"embeddable":true,"href":"https:\/\/intervius.com\/index.html\/wp-json\/wp\/v2\/comments?post=1127"}],"version-history":[{"count":0,"href":"https:\/\/intervius.com\/index.html\/wp-json\/wp\/v2\/posts\/1127\/revisions"}],"wp:attachment":[{"href":"https:\/\/intervius.com\/index.html\/wp-json\/wp\/v2\/media?parent=1127"}],"wp:term":[{"taxonomy":"category","embeddable":true,"href":"https:\/\/intervius.com\/index.html\/wp-json\/wp\/v2\/categories?post=1127"},{"taxonomy":"post_tag","embeddable":true,"href":"https:\/\/intervius.com\/index.html\/wp-json\/wp\/v2\/tags?post=1127"}],"curies":[{"name":"wp","href":"https:\/\/api.w.org\/{rel}","templated":true}]}}