{"id":11250,"date":"2013-03-04T00:00:00","date_gmt":"2006-11-06T00:00:00","guid":{"rendered":"https:\/\/intervius.com\/index.html\/?p=11250"},"modified":"2006-11-06T00:00:00","modified_gmt":"2006-11-06T00:00:00","slug":"Alfredo_Relano11250","status":"publish","type":"post","link":"https:\/\/intervius.com\/index.html\/Alfredo_Relano11250\/","title":{"rendered":"Alfredo Rela\u00f1o"},"content":{"rendered":"<p>Pregunta.- Soy un gran admirador de sus libros, felicidades por los mismos. Me gustar\u00eda preguntarle, como experto en historia del f\u00fatbol, que recuerdo del Atl\u00e9tico de Madrid de los a\u00f1os 70, el de G\u00e1rate o Adelardo. \u00bfHa sido el mejor?. Los t\u00edtulos que ganaron (3 Ligas y 2 Copas) as\u00ed parecen refrendarlo. Un fuerte saludo<\/p>\n<p>Respuesta.- Me gust\u00f3 mucho ese Atl\u00e9tico, tambi\u00e9n me gust\u00f3 el de poco antes, con Madinabeytia; Rivilla, Griffa, Calleja; Ramiro, Glar\u00eda; Jones, Adelardom Mendon\u00e7a, Pier\u00f3 y Collar. Le plant\u00f3 cara al gran Madrid de Di St\u00e9fano, Puskas y Gento. La pena es que se desmantel\u00f3 pronto por la salida de Peir\u00f3. Pero los mejores atl\u00e9ticos son de antes, me imagino. Yo no llegu\u00e9 a verlos, pero seguro que mi amigo Salazar apostar\u00eda por e de la frontera del a\u00f1o 50, con Juncosa, Ben Barek, P\u00e9rez Pay\u00e1, Carlsson y Escudero. Y Helenio Herrar de entrenador. El que usted cita era fenomenal, en todo caso, lleg\u00f3 a una final de la Copa de Europa, hay que recordarlo. Ten\u00eda un juego de alegre contraataque, t\u00e9cnico, con jugadores de gran estilo. Llenaba los ojos y ganaba muchos partidos. <\/p>\n<p>P.- Hola Alfredo, hace pocos dias estuve viendo el partido de ida de cuartos de final de la Champions 2002\/03 Real Madrid-Manchester (3-1). No recordaba muy bien ese partido, por cierto que futbolista Ra\u00fal, tremendo el partido que hizo. Bueno mi cuesti\u00f3n va sobre la comparaci\u00f3n entre ese once y el de ahora, en mi opini\u00f3n ese equipo titular era mejor que este. Linea por linea y seg\u00fan mi criterio: Casillas est\u00e1 claro que ahora es mejor que en 2003, Salgado supera a Arbeloa y Roberto Carlos a Coentrao claramente, centrales si creo que son mejores los de ahora (Hierro estaba en su \u00faltimo a\u00f1o) Xabi Alonso mucho mejor que Flavio pero Makelele para mi m\u00e1s que Khedira, Figo superior a Di Mar\u00eda, Zidane a Ozil, Ronaldo a cualquiera entre Higuain y Benzema y Ra\u00fal era un fuera de serie pero Cristiano es mucho m\u00e1s futbolista bajo mi punto de vista, \u00bfcu\u00e1l es t\u00fa opinion? Gracias<\/p>\n<p>R.- Mi punto de vista es que Cristiano pone mucho en la balanza. Y que los centrales y Xabi Alonso tambi\u00e9n marcan una diferencia grande. Pero ahora que lo dice: \u00a1qu\u00e9 gran equipo saldr\u00eda mezclando los dos! \u00a1Y qu\u00e9 partido tan tremendo fue aquel que usted cita!<\/p>\n<p>P.- Buenas Don Alfredo, \u00bfno cree que este Real Madrid cada vez se siente mas superior al actual Bar\u00e7a?\u00bfpodemos estar hablando de cambio de ciclo?un saludo<\/p>\n<p>R.- No sabemos si el Bar\u00e7a se curar\u00e1 ni qu\u00e9 va a pasar con Mourinho a fin de temporada. Pero la inercia ahora mismo es de cambio de ciclo, desde luego. El Bar\u00e7a va a menos y el Madrid ha recuperado el tono del a\u00f1o pasado. <\/p>\n<p>P.- Hola sr. Rela\u00f1o, \u00bfque opina del actual estado de forma de Cristiano? \u00bfno cree que viendo esto cuesta entender que el balon de oro se lo den siempre al mismo?muchas gracias<\/p>\n<p>R.- El Bal\u00f3n de Oro de Messi respondi\u00f3 a 91 goles, no es ninguna tonter\u00eda. Sin Messi, Cristiano tendr\u00eda ahora cinco balones de oro consecutivos. Ahora est\u00e1 mejor que nunca y est\u00e1 mejor que Messi. Est\u00e1 mejor que nunca desde que se sac\u00f3 de encima la angustia de compararse con Messi. Ahora es el jugador superior del f\u00fabol mundial. Progresando en la Champions puede perfectamente ser el Bal\u00f3n de Oro. <\/p>\n<p>P.- Hola, Rela\u00f1o. El \u00faltimo candidato a la presidencia del Madrid que, en mi opini\u00f3n, ten\u00eda un proyecto deportivo serio y atractivo fue Palacios. \u00bfQu\u00e9 te pareci\u00f3 a ti? \u00bfSabes si se podr\u00eda presentar este a\u00f1o? Un saludo.<\/p>\n<p>R.- Palacios no se va a presentar, t\u00e9ngalo por seguro. Perdi\u00f3 por corto margen porque Del Bosque se separ\u00f3 del grupo y no empuj\u00f3 a favor porque un d\u00eda Palacios se separ\u00f3 d euna comida con todo su equipo (Camacho, Pirri, Garc\u00eda Rem\u00f3n, el propio Del Bsoque&#8230;) porque le llam\u00f3 Florentino p\u00e0ra tomar caf\u00e9. A Del Bosque eso le sent\u00f3 como un tiro, no apoy\u00f3 m\u00e1s la camapa\u00f1a y a Palacios le faltaron doscientos votos. <\/p>\n<p>P.- No es pregunta, solo quiero darle las gracias por la nueva pagina del AS EN INTERNET.<\/p>\n<p>R.- \u00a1Gracias a usted!<\/p>\n<p>P.- Hola Alfredo,todav\u00eda no han publicado ninguna entrevista suya ni de Roncero que he mandado m\u00e1s de 20 veces. Tengo 67 a\u00f1os y he visto jugar en vivo desde Distefano y Kubala hasta Messi y Rondaldo que me recuerda a aquellos tiempos cuando veo resumenes en TDP y me gustan m\u00e1s que los actuales, sin tantas faltas y violencia. \u00bfA Vd. que \u00e9poca le gusta m\u00e1s?. Claro sin olvidarme la leyenda de Guardiola con 15 t\u00edtulos y los 4 Balones de Oro de Messi, pero Kubala me gustaba m\u00e1s<\/p>\n<p>R.- No s\u00e9 de qu\u00e9 entrevistas me habla, perdone. Respecto a \u00e9pocas, yo creo que lo de antes era m\u00e1s bonito y hasta m\u00e1s sano, pero lo de ahora es mejor. Tiene m\u00e1s m\u00e9rito que destaquen estos ahora, con tantas faltas como les hacen. Yo creo que el f\u00fatbol ha progresado, aunque en ciertos aspectos el de antes fuera m\u00e1s bell\u00f3, con m\u00e1s espacios y m\u00e1s deportividad.<\/p>\n<p>P.- \u00bfDe verdad no tiene usted ninguna duda sobre el &#8220;penalty&#8221; a Adriano? Yo sigo viendo que Ramos mete la pierna, no queda claro que le toque, la retira para no darle y desde luego Adriano se tira.<\/p>\n<p>R.- La forma en que se explic\u00f3 Ramos en la tele al final del partido me hace pensar que fue penalti. <\/p>\n<p>P.- Hola, Sr. Rela\u00f1o. Mi pregunta es sobre la actuaci\u00f3n de Jordi Alba contra el Real Madrid. Antes de estar en el barcelona yo no le conoc\u00eda esos fingimientos y esos gestos al publico rival. Me da igual si no es una peineta, creo que es una provocaci\u00f3n y sobraba. Me empieza a recordar al caso de Luis Enrique, que cuando ficho por el barcelona se volvio el jugador mas provocador y con peor educaci\u00f3n cuando jugaba contra el Real Madrid. Me encantar\u00eda conocer tu opini\u00f3n.<\/p>\n<p>R.- Estoy con usted. Jordi Alba se ha metido en poco tiempo en el grupo malo de los Cl\u00e1sicos, con los Alves, Pepe, Pedro, Arbeloa, Busquets&#8230; Por cierto: \u00bfse ha fijado que a los que m\u00e1s les duelen las patadas, los que se quedan en el suelo ante cualquier golpe, son siempre los mismos?<\/p>\n<p>P.- Hola Alfredo. Soy madridista. Estoy muy contento con los resultados de los dos \u00faltimos partidos, l\u00f3gicamente, pero veo demasiada euforia en el ambiente. No creo que seamos tan superiores al Barcelona como todo se dice, en todo caso, s\u00f3lo lo vi en la segunda parte del partido de copa. En el resto de minutos nada y eso que ellos jugaron andando. Por otra parte, te imaginas que el Madrid perdiera a Mou por lo que sea y lo entrenase Karanka? Qu\u00e9 nos pasar\u00eda? El Bar\u00e7a es bueno, pero es l\u00f3gico que sin entrenador bajen el ritmo. Atentos en Old Trafford, veo demasiada euforia! Gracias!<\/p>\n<p>R.- Si Mourinho se fuera, todo ser\u00eda otra cosa. Y desde luego no creo que lo entrenara Karanka. Al Bar\u00e7a le ha pasado lo que le ha pasado, que Guardiola se ha ido y Tito ha ca\u00eddo enfermo y eso lo ten\u00eda que notar por fuerza. Ahora el Madrid es mejor que el Bar\u00e7a. Pero tiene usted raz\u00f3n: a Old Trafford va el Madrid con un mal resultado (aunque no p\u00e9simo). Pero no creo que el grupo est\u00e9 euf\u00f3rico, aunque s\u00ed cargado de moral. <\/p>\n<p>P.- Buenas Alfredo! Qu\u00e9 les pasa a algunos del Madrid? Ni ganando saben comportarse! Se quejan del teatro de Alves pero lo de Pepe es totalmente impresentable! Y que le pasa al Silvino Louro ese? Tenemos ah\u00ed dentro una camorra metida que aunque ganemos el triplete \u00e9ste a\u00f1o hay que echarla! Gracias<\/p>\n<p>R.- Estoy con usted. A m\u00ed eso no me gusta nada. Me desagradan esas maneras. <\/p>\n<p>P.- Hola Amigo, Que cromos del Barcelona cambiaria si tuviese la oportunidad ahora mismo ? Nota aparte, mire como el viento cambia de forma repentina, hace un mes la prensa elogiaba a los Puyol, Xavi&#8230; y se felicitaba por sus contratos vitalicios, ahora solo hay palos&#8230;<\/p>\n<p>R.- Para m\u00ed no son cromos o futbolistas, es que se ha perdido la empat\u00eda de juego y la confianza. Guardiola se vaci\u00f3 mantienendo el esp\u00edritu ganador de un grupo que lo ha ganado todo, Tito, que era su alter ego pudo mantener la inercia. A Rorua le ha ca\u00eddo un traje demasiado grande, pone a los once primeros del escalaf\u00f3n, la motivaci\u00f3n cae&#8230;<\/p>\n<p>P.- Hola se\u00f1or Rela\u00f1o, Ha sido en algun momento Cesc una necesidad para el Bar\u00e7a? La pregunta viene porque el Bar\u00e7a ganaba y jugaba muy bien sin el, y cuando vino no cambi\u00f3 gran cosa. Solo a\u00f1adi\u00f3 tensi\u00f3n en el vestuario poniendo mala cara cuando no le met\u00edan y ali\u00e1ndose a Piqu\u00e9 para hacer gamberradas. Deber\u00eda marcharse al fin de temporada?<\/p>\n<p>R.- La necesidad esencial de refrescar la plantilla, de crear competencia, m\u00e1s una llegada al gol estimable. Pero no ha funcionado, al menos hasta ahora. Y es verdad que se le ve m\u00e1s en el lado oscuro. Pero tiene tiempo por delante para mejorar y ser \u00fatil.<\/p>\n<p>P.- Hola Alfredo. Independientemente del momento de baj\u00f3n, \u00bfcual es el techo de Messi? 39 goles en 26 partidos de liga. El m\u00edtico record de 38 goles de hasta hace nada batido en 26 partidos, a\u00fan con 12 por disputar. \u00bfCree que veremos a otro jugador igual, en cuanto a capacidad goleadora (es que Cristiano con n\u00ba de otro mundo se queda muy lejos). Un cordial saludo.<\/p>\n<p>R.- Esperemos a que se recupere del baj\u00f3n para saber si ya ha tocado el techo. \u00a1Es la primera vez que le vemos un mes seguido sin destrozar los partidos! <\/p>\n<p>P.- Ramos me resulta desconcertante.En el Nou Camp estuvo portentoso pero ayer,transparente en el gol de Messi,despu\u00e9s golazo y luego hace la melonada del penalti en el descuento\u00bfcu\u00e1ndo se terminar\u00e1 de centrar este chico?<\/p>\n<p>R.- Y una mano con tarjeta. Pudo ser excpulsado otra vez. Tiene esos dos lados: el excelente y el alborotado. Los a\u00f1os le vendr\u00e1n bien. Quedar\u00e1 solo lo mejor. Con todo, a m\u00ed me encanta. <\/p>\n<p>P.- Hola Alfredo. Le tengo por un gran periodista y me gusta leer su columna diaria a pesar de que no comulgue con muchas de sus ideas. \u00bfCree usted que hay pesimismo en el Barcelonismo tras los cl\u00e1sicos? \u00bfHab\u00eda antes euforia? \u00bfVolver\u00eda la euforia si se elimina al Milan?<\/p>\n<p>R.- Hay pesimismo, se ha vuelto a levantar el fantasma del Madrid. El Bar\u00e7a sufre por la persistencia del Madrid en rehacerse, es una especie de maldici\u00f3n. Eliminar al Mil\u00e1n sugerir\u00eda un posible nuevo cruce con el Madrid en Champions, pero no s\u00e9 cu\u00e1ntos cul\u00e9s temen ahora eso y cu\u00e1ntos lo desean. El Madrid ha ganado la Supercopa, ha eliminado al Bar\u00e7a de la Copa y en Liga empat\u00f3 all\u00ed y gan\u00f3 aqu\u00ed con muchos suplentes. El Ba\u00b4r\u00e7a de hoy tiene dos problenas: que el Madrid vuelve a levantarse despu\u00e9s de verle postrado (tan lejos en la Liga&#8230;) y que su propio juego se ha esfumado.<\/p>\n<p>P.- Una pregunta Alfredo: Visto lo de Mourinho corriendo por la banda llamando a Alves &#8220;filho&#8230;.&#8221; y el corte de mangas de Silvino Louro dirigido al banquillo del Barca&#8230;..y lo poco que se ha hablado en relacion al supuesto gesto de Alba al publico (que no era peineta), es que ese tipo de comportamiento de los representates del Madrid ya no soprende, y ya no es noticia? Para luego cuestionar los valors del Barca&#8230;<\/p>\n<p>R.- Mire, en AS hemos dejado claro que lo de Alba no era peineta, sino \u00edndice, se\u00f1al de es el n\u00famero uno, entiendo, referido a Messi. Y a Mourinho y a su gente les hemos tratado siempre de maleducados. \u00bfEst\u00e1 conforme en eso?<\/p>\n<p>P.- Hola M\u00edster, desde Uruguay un saludo. Da la impresi\u00f3n que la ausencia de Casillas no ha sido dram\u00e1tica, m\u00e1s a\u00fan, el Madrid ha obtenido resultados resonantes con buenas actuaciones de D.L\u00f3pez. Cuando Casillas est\u00e9 pronto, volver\u00e1 como titular? Volver\u00e1 como suplente? Abrazo.<\/p>\n<p>R.- Bueno, para m\u00ed, buena spero mejorables. No me gust\u00f3 nada el gol de Riazor, ni la forma en que se movi\u00f3 en el del Bar\u00e7a en el Bernab\u00e9u. Casillas es mucho mejor, para mi. Pero mucho. Lo que no s\u00e9 es si volver\u00e1 o no de titular, dado el pleito que ha tenido con Mourinho. Pero pienso que s\u00ed. Tendr\u00eda que estar Diego L\u00f3pez mucho mejor. Old Trafford es una buena medida. <\/p>\n<p>P.- Buenas.\u00bfno cree que hay un exceso de euforia en el Madrid? Le hemos ganado dos partidos al bar\u00e7a mas flojo de los ultimos 5 a\u00f1os ( que nos saca 13 puntos en la liga), esta por ver si le ganamos al Atl\u00e9tico la final de la copa del Rey y en la Champions, aunque eliminemos al Manchester, quedar\u00e1 mucho y este torneo es una ruleta rusa&#8230;Nos empezamos a parecer peligrosamente al bar\u00e7a de anta\u00f1o, que justificaba la temporada ganando al eterno rival&#8230;.que el \u00e1rbol no nos impida ver el bosque&#8230;.Saludos.<\/p>\n<p>R.- En lo \u00faltimo estoy muy de acuerdo. He vivido muchos a\u00f1os en los que al Bar\u00e7a le val\u00eda con ganar al Madrid. En cuanto a la euforia, lo que veo es la satisfacci\u00f3n de pensar que el drag\u00f3n (el Bar\u00e7a) est\u00e1 dominado. El Madrid tiene dos batallas: desmontar al Bar\u00e7a y ganar la D\u00e9cima. Lo primero parece que se ha producido aunque, para ser justos, coincidiendo con la enfermedad de Tito. Lo segundo es ahora el desaf\u00edo.<\/p>\n<p>P.- Se\u00f1or Rela\u00f1o, Pepe dice que el Bar\u00e7a no dio la impresi\u00f3n que da siempre pero&#8230; Un ENTRENADOR de porteros haciendo un corte de manga, un ENTRENADOR que se sabe que incita a sus jugadores a jugar duro contra los rivales peligrosos llama hijo de puta a Alves por una entrada a Cristiano&#8230; No hablo de jugadores sino de cuerpo t\u00e9cnico que es m\u00e1s grave, y el Bar\u00e7a es el que ha dado una mala imagen \u00bfSe est\u00e1 cachondeando Pepe de los cul\u00e9s?<\/p>\n<p>R.- Pepe y el cuerpo t\u00e9cnico del Madrid dejan mucho que desear en cuanto a comportamiento, pero tambi\u00e9n hay malos al otro lado. Lo de Jordi Alba en el Camp Nou fue de opereta.<\/p>\n<p>P.- Buenos d\u00edas se\u00f1or Alfredo. \u00bfQue ha significado Ra\u00fal Gonz\u00e1lez Blanco en el Real Madrid, en Espa\u00f1a y en Europa? Por su nivel futbol\u00edsitco, pero tambi\u00e9n con lo que transmit\u00eda dentro de un campo (te escribo en pasado, porque estar en Qatar no es lo mismo que estar compitiendo al m\u00e1ximo nivel).Gracias y un saludo.<\/p>\n<p>R.- Ha sido un jugador bandera durante m\u00e1s de diez a\u00f1os, en los dos lados. En el Madrid es el jugador que m\u00e1s goles ha marcado, en la Selecci\u00f3n pas\u00f3 de cien partidos. Jug\u00f3 por su constancia y su conocimiento. Le faltaba la facilidad con el bal\u00f3n de los verdaderos superclases, pero le sobraba tanto de voluntad y entendimiento del juego que fue ese jugador bandera. Guardiola dijo de \u00e9l que era el mejor jugador espa\u00f1ol de la historia. Fue (digo fue porque ya le considero fuera) futbolista de futbolistas. <\/p>\n<p>P.- Alfredo como cambia el futbol en un par de semanas.Me parece muy bien que el madrid tenga ilusion y euforia pero aun no han ganado nada.Dicen que el bar\u00e7a vuelve a los viejos tiempos con el arbitro (el madrid siempre fue asi) pero \u00bfque el parece lo del madrid?celebrar las victorias ante el bar\u00e7a como si fueran titutlas o querer vendernos que la copa del rey es mejor casi que la champions.un saludo<\/p>\n<p>R.- Desde luego, recuerda lo del Bar\u00e7a de bastantes a\u00f1os atr\u00e1s. Se entiende por la fortaleza que ha mostrado el Bar\u00e7a en los \u00faltimos a\u00f1os. Parec\u00eda una torre inalcanzable. El Madrid piensa ahora que esa torre cae, de ah\u00ed ese estado de \u00e1nimo. <\/p>\n<p>P.- Hola Alfredo, y si ma\u00f1ana no pasa el Madrid. \u00bfCon qu\u00e9 nos quedamos? \u00bfCon lo que pod\u00eda haber sido y no fue? \u00bfCon la elevaci\u00f3n a los altares de la final de copa?<\/p>\n<p>R.- Chafados, desde luego. Porque un reparto de premios con el Bar\u00e7a campe\u00f3n de Liga y el Madrid (si lo consigue, ojo) campe\u00f3n de Copa, no ser\u00eda un \u00e9xito. Pero el madridista ahora peinsa que ha cumplido uno de sus dos objetivos: sentirse mejor que el Bar\u00e7a. El otro es la D\u00e9cima. <\/p>\n<p>P.- alfredo, no cree que ma\u00f1ana veremos un partido distinto al del martes pasado en el camp nou el manchester nos dara el balon<\/p>\n<p>R.- S\u00ed, el Manchester evitar\u00e1 riesgos. Crsitiano Ronaldo fija la atenci\u00f3n de todos en este partido.<\/p>\n<p>P.- Buenos d\u00edas se\u00f1or Rela\u00f1o, a ver, \u00bfha nacido ya el \u00e1rbitro capaz de pitar un penalti en contra del Madrid en el Bernabeu en el \u00faltimo minuto de partido cuando gana 2-1 al Bar\u00e7a?<\/p>\n<p>R.- Es una circunstancia que se da muy de cuando en cunado: penalti, en el Bernab\u00e9u, ante el Bar\u00e7a, en el \u00faltimo minuto del partido&#8230; \u00bfCu\u00e1ntos antecedentes hay, pitado o no pitado? Desde luego, P\u00e9rez Lasa no era el hombre. Pero hace s\u00f3lo dos a\u00f1os al Madrid le pitaron un penalti en la Liga contra el Bar\u00e7a, de Albiol. No, no era el \u00faltimo minuto. <\/p>\n<p>P.- \u00bfNo crees que hay algo gordo escondido en lo que ocurre en el Barcelona? Sabemos que all\u00ed se guarda todo con mucho celo, que no sale nada a la prensa, que nada se dice y casi nada es lo que parece. Est\u00e1 pasando desde que se fue Van Gaal. De no ser por Eto\u00f3 en su momento nadie sab\u00eda lo mal que se llevaba con Ronaldinho. Ahora intentan tapar los graves conflictos de Villa y Messi. Y debe haber algo m\u00e1s. Este decaimiento en Febrero no es normal. Alfredo el Madrid de Queiroz cay\u00f3 en Mayo, pero estaba en semis de Champions, en la final de la copa del Rey y a 5 partidos de liga para ser campe\u00f3n. Lo perdi\u00f3 todo. Pero en Mayo, no en Febrero. <\/p>\n<p>R.- El Bar\u00e7a es un poco causa patria all\u00ed, dicho con todo respeto. Por eso se trata con tanto cuidado. As\u00ed lo entiendo yo. <\/p>\n<p>P.- Hola Don Rela\u00f1o, pregunta directa y sencilla: Debi\u00f3 Vilanova Dimitir al saber el grado de su enfermedad? Porque mire usted la situaci\u00f3n: dejo un equipo con su segundo sin bastante margen ni autoridad y para un tiempo muy largo (su situaci\u00f3n en NY se gestiona con bastante opacidad que comprendemos por razones personales pero no entendemos por razones institucionales). Y luego podemos a\u00f1adir que la directiva (que conoc\u00eda de antemano la situaci\u00f3n y el tiempo necesario para el tratamiento) se vio con las manos liadas, porque imag\u00ednese si lo echan porque recay\u00f3 de su enfermedad&#8230;<\/p>\n<p>R.- Es un tema delicado. No sabemos de su gravedad, de sus posibilidades de recuperaci\u00f3n&#8230; Imagino que todo el mundo, empezando por los m\u00e9dicos, est\u00e1 tratando de ponerse en lo mejor, pero lo mejor no aparece. Ha sido una fatalidad ante la que es dif\u00edcil reaccionar. \u00bfCu\u00e1les eran los pron\u00f3sticos cuando le nombraron entrenador? Seguro que nadie pensaba que iba a recare, y menos en un plazo tan corto. <\/p>\n<p>P.- \u00bfVes a Rafa Nadal con posibilidades serias de lograr alg\u00fan Gran Slam esta temporada?<\/p>\n<p>R.- El de Roland Garros, pienso. En tierra est\u00e1 en su elemento. Lo de Ferrer ha sido una exhibici\u00f3n de autoridad. <\/p>\n<p>P.- Don Afredo, para mi el Bayern de Munich no tiene rival en Europa, \u00bfCree que el equipo alem\u00e1n le puede hacer frente al Madrid y al Barcelona?<\/p>\n<p>R.- Es el que m\u00e1s miedo da, desde luego. Si el Madrid pasa y sigue en esa l\u00ednea de recuperaci\u00f3n creo que s\u00ed el rival para el Bayern. En cuanto al Bar\u00e7a, est\u00e1 desaparecido. <\/p>\n<p>P.- Muy buenas, Sr. Rela\u00f1o. Creo que la llegada de Guardiola al Bayern es la peor noticia para el f\u00fatbol espa\u00f1ol. Me explico. Si me preguntaran cu\u00e1l ser\u00eda mi equipo perfecto, responder\u00eda que aquel que mezcle la fuerza f\u00edsica del Real Madrid con la forma de jugar del Bar\u00e7a. Pues bien, los alemanes son f\u00edsicamente unos portentos y, si a eso les unimos las aportaciones de Guardiola, me temo que en unos a\u00f1os los alemanes ser\u00e1n la alternativa al f\u00fatbol espa\u00f1ol. Guardiola es una bestia empap\u00e1ndose de todo y me extra\u00f1ar\u00eda que dejara escapar la posibilidad de hacer la s\u00edntesis entre el f\u00fatbol espa\u00f1ol (selecci\u00f3n y Bar\u00e7a) y el alem\u00e1n. A poco que le vayan las cosas bien, los entrenadores alemanes copiar\u00e1n mucho de Pep y la selecci\u00f3n tambi\u00e9n. Basta con darse cuenta del peso del Bayern en la selecci\u00f3n alemana. \u00bfQu\u00e9 opina usted? Yo pienso que este tema se merece una reflexi\u00f3n profunda y me encantar\u00eda que lo tratara en uno de sus art\u00edculos. Muchas gracias.<\/p>\n<p>R.- Muy buenas, Sr. Rela\u00f1o. Creo que la llegada de Guardiola al Bayern es la peor noticia para el f\u00fatbol espa\u00f1ol. Me explico. Si me preguntaran cu\u00e1l ser\u00eda mi equipo perfecto, responder\u00eda que aquel que mezcle la fuerza f\u00edsica del Real Madrid con la forma de jugar del Bar\u00e7a. Pues bien, los alemanes son f\u00edsicamente unos portentos y, si a eso les unimos las aportaciones de Guardiola, me temo que en unos a\u00f1os los alemanes ser\u00e1n la alternativa al f\u00fatbol espa\u00f1ol. Guardiola es una bestia empap\u00e1ndose de todo y me extra\u00f1ar\u00eda que dejara escapar la posibilidad de hacer la s\u00edntesis entre el f\u00fatbol espa\u00f1ol (selecci\u00f3n y Bar\u00e7a) y el alem\u00e1n. A poco que le vayan las cosas bien, los entrenadores alemanes copiar\u00e1n mucho de Pep y la selecci\u00f3n tambi\u00e9n. Basta con darse cuenta del peso del Bayern en la selecci\u00f3n alemana. \u00bfQu\u00e9 opina usted? Yo pienso que este tema se merece una reflexi\u00f3n profunda y me encantar\u00eda que lo tratara en uno de sus art\u00edculos. Muchas gracias.<\/p>\n<p>P.- buenos dias SR.Rela\u00f1o,\u00bfCree que hay alguna posibilidad de ver a Pepe como titular ma\u00f1ana ante el Manchester United en el centro del campo formando trivote con Xabi y Khedira en detrimento de Di Maria?gracias<\/p>\n<p>R.- No creo. Creoq eu saldr\u00e1 el equipo A, con Di Mar\u00eda. Creo que ser\u00e1n Diego L\u00f3pez; Arbeloa, Ramos, Varabe, Coentrao; Khedira, Xabi Alonso; Di Mar\u00eda, \u00d6zil, Cristiano; e Higua\u00edn.<\/p>\n","protected":false},"excerpt":{"rendered":"<p>Alfredo Rela\u00f1o, director del diario AS, ha analizado con los internautas la actualidad deportiva.<\/p>\n<p>Alfredo Rela\u00f1o en Twitter<\/p>\n","protected":false},"author":1,"featured_media":0,"comment_status":"open","ping_status":"open","sticky":false,"template":"","format":"standard","meta":{"footnotes":""},"categories":[],"tags":[],"class_list":["post-11250","post","type-post","status-publish","format-standard","hentry"],"_links":{"self":[{"href":"https:\/\/intervius.com\/index.html\/wp-json\/wp\/v2\/posts\/11250","targetHints":{"allow":["GET"]}}],"collection":[{"href":"https:\/\/intervius.com\/index.html\/wp-json\/wp\/v2\/posts"}],"about":[{"href":"https:\/\/intervius.com\/index.html\/wp-json\/wp\/v2\/types\/post"}],"author":[{"embeddable":true,"href":"https:\/\/intervius.com\/index.html\/wp-json\/wp\/v2\/users\/1"}],"replies":[{"embeddable":true,"href":"https:\/\/intervius.com\/index.html\/wp-json\/wp\/v2\/comments?post=11250"}],"version-history":[{"count":0,"href":"https:\/\/intervius.com\/index.html\/wp-json\/wp\/v2\/posts\/11250\/revisions"}],"wp:attachment":[{"href":"https:\/\/intervius.com\/index.html\/wp-json\/wp\/v2\/media?parent=11250"}],"wp:term":[{"taxonomy":"category","embeddable":true,"href":"https:\/\/intervius.com\/index.html\/wp-json\/wp\/v2\/categories?post=11250"},{"taxonomy":"post_tag","embeddable":true,"href":"https:\/\/intervius.com\/index.html\/wp-json\/wp\/v2\/tags?post=11250"}],"curies":[{"name":"wp","href":"https:\/\/api.w.org\/{rel}","templated":true}]}}