{"id":1124,"date":"2007-05-08T00:00:00","date_gmt":"2006-11-06T00:00:00","guid":{"rendered":"https:\/\/intervius.com\/index.html\/?p=1124"},"modified":"2006-11-06T00:00:00","modified_gmt":"2006-11-06T00:00:00","slug":"Ana_Pastor1124","status":"publish","type":"post","link":"https:\/\/intervius.com\/index.html\/Ana_Pastor1124\/","title":{"rendered":"Ana Pastor"},"content":{"rendered":"<p>Pregunta.- \u00bfA qu\u00e9 pol\u00edtico te gustar\u00eda entrevistar?<\/p>\n<p>Respuesta.- Del panorama nacional a Mariano Rajoy (me habr\u00eda encantado empezar con \u00e9l la temporada, aunque ya ha pasado por TVE en &#8220;tengo una pregunta para usted). Del exterior, mi gran sue\u00f1o (o frustaci\u00f3n) es poder entrevistar a Mandela. un saludo pipi<\/p>\n<p>P.- Enhorabuena por tu paciencia en muchas ocasiones, la verdad. Me gustar\u00eda saber qu\u00e9 es lo que te reporta como periodisa un programa como 59 segundos. \u00bfAporta m\u00e1s al periodismo o a la ciudadan\u00eda? Gracias. <\/p>\n<p>R.- hola pilar. Para mi desde luego es un privilegio poder conducir un programa como \u00e9ste pero creo que tambi\u00e9n aporta mucho a los espectadores. Es el \u00fanico debate en la televisi\u00f3n p\u00fablica de estas caracter\u00edsticas donde est\u00e1n representados todos lso medios de comunicaci\u00f3n y todas las sensibilidades. Est\u00e1n tambi\u00e9n los periodistas que cada d\u00eda atacan muy duramente al gobierno. Gracias.<\/p>\n<p>P.- \u00bfPor qu\u00e9 decidiste dejar la SER?<\/p>\n<p>R.- hola Fran. A mi me hubiera gustado compatibilizar ambos trabajos pero no fue posible. En septiembre me incorpor\u00e9 de lleno al equipo de 59 segundos como una redactora m\u00e1s, auqneu los mi\u00e9rcoles como sabes presento tambi\u00e9n el programa. ME gusta el trabajo diario y aqui se me permite estar en contacto con la actualidad, asistir a los plenos importantes dle congreso o ruedas de prensa significativas. Estoy FELIZ. <\/p>\n<p>P.- Mi pregunta es la siguiente, \u00bfle molesta que inevitablemente la comparen con la anterior presentadora? <\/p>\n<p>R.- A nadie le puede molestar que le comparen con alguien a quien quieres. Mamen y yo somos amigas desde nuestro paso por la SER. Dej\u00f3 el list\u00f3n muy alto en 59 Segundos y ahora en LaSexta est\u00e1 espectacular. Me encanta su informativo.<\/p>\n<p>P.- Saludos Ana. Supongo que a ra\u00edz de tu llegada a la televisi\u00f3n, desde la radio, el cambio es significativo. \u00bfQu\u00e9 es lo que m\u00e1s echas de menos de la radio? \u00bfY, qu\u00e9 te aporta de positivo la televisi\u00f3n?. Muchas gracias.<\/p>\n<p>R.- El cambio est\u00e1 siendo enriquecedor porque son medios que se parecen poco en el trabajo diario y eso me est\u00e1 permitiendo aprender mucho. En la radio todo es adrenalina pura y en la televisi\u00f3n es m\u00e1s decisivo el trabajo en equipo. Informar desde Sud\u00e1n o Indonesia con la SEr depende sobre todo del talento (mucho o poco) que tengas. EN televisi\u00f3n hay 100 personas trabajando de manera brutal para que cuando digas &#8220;Buenas Noches&#8221; todo sea perfecto. Un saludo.<\/p>\n<p>P.- Hola Ana, \u00bfDesde cu\u00e1ndo te sientes atra\u00edda por la cooperaci\u00f3n internacional?\u00bfY por N\u00edger? Felicidades por tu trayectoria profesional!<\/p>\n<p>R.- hola david. ME obsesiona el tercer mundo desde peque\u00f1a gracias a los viajes que mi hermano mayor hac\u00eda cuando yo tenia pocos a\u00f1itos. Tuve la suerte como periodista de viajar a Niger hace dos a\u00f1os durante la mayor hambruna de su historia. Repito este verano porque no puedo desengancharme. Aquello es el infierno pero para mi es vital viajar a sitios como este. Hay quien dice que la SOLIDARIDAD ES LA IDEOLOG\u00cdA CON MAYOR FUTURO DEL MUNDO&#8230;.eso espero&#8230;.<\/p>\n<p>P.- \u00bfEn qu\u00e9 medio se transmiten mejor los debates? Desde el punto de vista del moderador.<\/p>\n<p>R.- he vivido en la radio muchos de los debates que moderaba I\u00f1aki Gabilondo y eran fant\u00e1sticos. En Televisi\u00f3n contamos adem\u00e1s con la &#8220;escenificaci\u00f3n&#8221; y si sigues 59&#8243; podr\u00e1s ver c\u00f3mo nuestros periodistas pueden utilizar tambien el lenguaje corporal (gesticulaci\u00f3n) que le da m\u00e1s vida al programa. un saludo.<\/p>\n<p>P.- \u00bfCu\u00e1l te parece que es el contertulio habitual m\u00e1s dificil de controlar? Me refiero a que no respete turnos de palabra y sobre todo que interrumpa. Yo creo que es Nacho Villa.<\/p>\n<p>R.- Todos son, somos dificiles de controlar cuando hablamos de politica porque aqui en espa\u00f1a los debates son apasionados. Imagino que 59&#8243; muchas veces es un reflejo de c\u00f3mo debatimos en casa sobre los mismos temas con posiciones encontradas. un saludo<\/p>\n<p>P.- Hola Ana, \u00bfes cierto que tu salida de la SER no se produjo de la mejor de las formas posibles?<\/p>\n<p>R.- yo de la Cadena SER s\u00f3lo tengo buenos recuerdos. Gracias.<\/p>\n<p>P.- \u00bfCu\u00e1l es su truco para evitar que las noticias, especialmente las malas, repercutan en su vida personal? Muchas gracias, y un cordial saludo.<\/p>\n<p>R.- pues siento decirte que no lo tengo, que me afectan mucho porque no puedo separar mi condici\u00f3n de periodista y de ciudadana. Soy peleona, inconformista, inquieta por naturaleza y cuando deje de serlo, ya no ser\u00e9 periodista. Un saludo<\/p>\n<p>P.- Isabel San Sebasti\u00e1n parece una contertulia muy desagradable y enormemente crispada&#8230; \u00bfEs c\u00f3mo parece?<\/p>\n<p>R.- Isabel San Sebasti\u00e1n es una polemista extraordinaria. A mi me gusta contar con su presencia, lo mismo que con el resto de colaboradores. Ma\u00f1ana estar\u00e1 en el plat\u00f3 as\u00ed que te invito a que la veas desde el otro lado&#8230;&#8230;.besos<\/p>\n<p>P.- Hola Ana, saludos desde Monterrey, M\u00e9xico. Ac\u00e1 vemos tu programa por el canal internacional de TVE y nos gusta mucho, a\u00fan y cuando muchos de los temas son exclusivos de Espa\u00f1a, el formato y la din\u00e1mica que haces puede ser tan universal. Una duda, \u00bfalg\u00fan d\u00eda contemplas realizar una mesa de debate con personajes mexicanos? Saludos<\/p>\n<p>R.- Un saludo Alberto desde ac\u00e1. La proxima temporada me encantar\u00eda poder hacer una mesa con personalidades iberoamericanas porque s\u00e9 que alli nos siguen muchos espectadores. Ah\u00ed queda la petici\u00f3n para la direcci\u00f3n de RTVE. <\/p>\n<p>P.- Habla usted siempre de Mandela como su gran mito. Sin embargo, en Espa\u00f1a es un personaje que pasa desapercibido \u00bfpor qu\u00e9?&#8230;Y responda en 59 segundos.<\/p>\n<p>R.- Quiz\u00e1 porque los periodistas nos despitamos hablando de otras cosas. Pero es un ejemplo de generosidad y reconciliaci\u00f3n que a nuestra clase pol\u00edtica no le vendr\u00eda mal incorporar. PAra quien le conozca poco, propongo que vea &#8220;Adios Bafana&#8221;, pelicula que ya est\u00e1 en los cines sobre el gran MADIBA. Beso.<\/p>\n<p>P.- Como madridista, \u00bfa qui\u00e9n ve como heredero de Zidane?<\/p>\n<p>R.- Zizou es unico e irrepetible y gracias a que FLorentino lo fich\u00f3 y pas\u00f3 por el Real MAdrid podr\u00e9 contar a mis nietos que yo le vi jugar en el Bernabeu. Pero si tuviera que elegir a alguien dir\u00eda&#8230;..Mesi. A pesar de ser madridista, es innegable su talento. <\/p>\n<p>P.- \u00bfQu\u00e9 piensa de eso de que a los j\u00f3venes no les guste la pol\u00edtica?<\/p>\n<p>R.- QUe no es cierto. Como dice Bono de u2 todo es pol\u00edtica. Tambi\u00e9n haces pol\u00edtica seg\u00fand\u00f3nde compras la ropa y la comida. Somos quiz\u00e1 la generaci\u00f3n m\u00e1s comprometida socialmente de la historia de nuestro pa\u00eds y que a los jovenes les cueste engancharse a la pol\u00edtica tambi\u00e9n es dem\u00e9rito de algunos dirigentes. Gracias por seguir nuestro programa. <\/p>\n<p>P.- Sra. Ana Pastor, el programa 59&#8243; lo emiten en un horario imposible para la gente que tenemos que dormir para poder cumplir con su horario de trabajo. \u00a1Los sab\u00eda usted y su director! Ya s\u00e9 que aunque digamos una cantidad importante de personas van a hacer lo que les parezca porque me dir\u00e1 usted que la TV funciona as\u00ed. Pues no se olviden que es de los espa\u00f1oles. Gracias, un saludo.<\/p>\n<p>R.- Mary carmen, lo del horario es algo que nos dicen muchos espectactadores y vuestra opini\u00f3n no es en absoluto desde\u00f1ada. Todo lo contrario. NOsotros tenemos 40 millones de jefes&#8230;vosotros&#8230; Es algo que est\u00e1 planteado y que espero surta efecto m\u00e1s adelante. Gracias por estar ah\u00ed y por trasnochar. <\/p>\n<p>P.- Buenas tardes, Ana: Es un placer saludarte y me gustar\u00eda saber si consideras 59 &#8221; un proyecto trampol\u00edn en Tv para alcanzar otros proyectos anteriores. \u00bfCu\u00e1les son tus objetivos a medio plazo? Gracias. <\/p>\n<p>R.- Todos mis objetivos se resumen en 1: disfrutar. Es lo \u00fanico que pido. Mi paso por la televisi\u00f3n puede ser algo temporal. Es una etapa m\u00e1s de las mil cosas que quiero hacer en lso proximos 40 a\u00f1os&#8230;.QUi\u00e9n sabe qu\u00e9 estar\u00e9 haciendo el pr\u00f3ximo&#8230;..<\/p>\n<p>P.- \u00bfC\u00f3mo ve a I\u00f1aki Gabilondo en televisi\u00f3n? <\/p>\n<p>R.- Pues como t\u00fa dices&#8230;lo veo CADA NOCHE. Lo sigo cada d\u00eda. Su apertura me parece espectacular. Para mostrarla en alguna universidad. I\u00f1aki es mi padre profesional y el mejor periodista de este pa\u00eds. COmparable a mi otro mito period\u00edstico Kapuscinski. beso carlotin. <\/p>\n<p>P.- Se suele criticar mucho la television que tenemos en Espa\u00f1a. A mi me encanta. Pero que programas de television son sus favoritos&#8230;..<\/p>\n<p>R.- Comparto contigo el gusto por la televisi\u00f3n. Ahora con dos cadenas nuevas hay mucha m\u00e1s oferta. Soy fan incondicional de &#8220;se lo que hicisteis&#8221; de Patricia Conde, de los informativos de TVE, de Aida, PRision Break, House, y como no el futbol y el basket&#8230;&#8230;Espero tenerte ma\u00f1ana al otro lado en torno a las doce y media&#8230;.<\/p>\n<p>P.- Hola Ana:\u00bfC\u00f3mo te surge la oportunidad de dar el salto de la Radio a la Televisi\u00f3n? Gracias.<\/p>\n<p>R.- hola chan. el pasado verano la productora Globomedia realiz\u00f3 un casting para cubrir la salidad de MAmen. Yo me present\u00e9 a las dos fases y aqui estoy&#8230;y estoy encantada&#8230;.el ekipo y la direcci\u00f3n del programa son fant\u00e1sticos, respetan mi trabajo y lo valoran. \u00bfqu\u00e9 mas puedo pedir?. Saludos<\/p>\n<p>P.- Ana, despu\u00e9s de &#8220;59 segundos&#8221; \u00bfte ves siguiendo los pasos de Mamen y presentar un informativo? \u00bfte imaginas: Mamen, Mara, I\u00f1aki y t\u00fa, todos antiguos compa\u00f1eros de la SER, haci\u00e9ndoos la competencia para ser el mejor noticiario? <\/p>\n<p>R.- Seria genial pero yo tendr\u00eda verdaderos problemas porque tambi\u00e9n querr\u00eda verlos a ellos&#8230;como puedes ver por esos nombres que das, la SEr ha sido un buena cantera. saludos petroleo<\/p>\n<p>P.- Hola Ana, \u00bfConsideras 59&#8243; nueva forma de debate?<\/p>\n<p>R.- por supuesto. es una de las apuestas m\u00e1s valientes de TElevisi\u00f3n Espa\u00f1ola de los \u00faltimos a\u00f1os. Defiendo absolutamente el formato porque tienes que poner todo tu talento en poco tiempo y no cansar al espectador. Un saludo.<\/p>\n<p>P.- \u00bfC\u00f3mo eres capaz lidiar entre la vehemencia de los colaboradores? Me da la impresi\u00f3n de que con el paso de las semanas has ido ganando autoridad como moderadora. He de reconocer tu voz y tu mirada son la raz\u00f3n principal de que siga el progrma. Por cierto, \u00bfrealmente te gusta el futbol? <\/p>\n<p>R.- Gracias alberto por seguirnos&#8230;esto acaba de empezar asi que te esperamos cada mi\u00e9rcoles al otro lado de la pantalla. \u00bfpor qu\u00e9 crees que no puede gustarme el futbol? soy socia y voy cada domingo al campo ( al bernabeu). Creo que los madridistas a\u00fan podemos so\u00f1ar con ganar la liga. Saludos.<\/p>\n<p>P.- Estimada Ana. Enhorabuena. S\u00e9 que te gusta mucho el f\u00fatbol. Cada vez hay m\u00e1s periodistas mujeres&#8230;\u00bfQuien es tu presentadora de deportes favorita?<\/p>\n<p>R.- Me encanta el f\u00fatbol y me encanta que las mujeres hayamos entrado tambien en el terreno de juego. Y sobre las presentadoras&#8230;.podr\u00eda decirte uan veterana Maria Escario y de las nuevas genraciones MAria MArtinez. <\/p>\n<p>P.- \u00bfLees prensa digital? \u00bfcual es el medio que m\u00e1s visitas?<\/p>\n<p>R.- Soy adicta a los medios de comunicaci\u00f3n y tambien a los de internet. El pais, la ser, el mundo, abc, cnn o bbc de los m\u00e1s &#8220;cl\u00e1sicos&#8221; y radiocable.com que si no conoceis os recomiendo. saludos benito.<\/p>\n<p>P.- Te he escuchado durante mucho tiempo hablando de temas sociales en la radio \u00bfqu\u00e9 proyecto solidario te gustar\u00eda desarrollar? So\u00f1emos juntos porque otro mundo si que es posible<\/p>\n<p>R.- Adoro so\u00f1ar. y mi proximo sue\u00f1o se llama Tzerozerin. Es un peque\u00f1o lugar de Niger donde vuelvo este verano para finalizar lo que la ong &#8220;acoger y compartir&#8221; empez\u00f3 hace dos a\u00f1os. &#8220;No sab\u00edan que era imposible&#8230;por eso lo hicieron..&#8221;<\/p>\n<p>P.- \u00bfCrees que nuestros pol\u00edticos ser\u00edan capaces de tener un debate como el que tuvieron en Francia Segolene y Sarkozy?<\/p>\n<p>R.- Por supuesto. TVE ha puesto en marcha estos dias los debates entre candidatos municipales y autonomicos. Y de Francia hemos importado el formato de &#8220;tengo una pregunta para usted&#8221; con gran exito de critica y publico. Tengo ganas de ver (y porqu\u00e9 no moderar) el cara a cara Rajo-Zapatero.<\/p>\n<p>P.- \u00bfIndependientemente del fondo de sus ideas, cu\u00e1l de los invitados habituales del programa te parece mejor orador?<\/p>\n<p>R.- Me gustan mucho German Yanke y Jose MAr\u00eda Calleja. A este ultimo ya lo conoc\u00eda pero a Germ\u00e1n nunca le hab\u00eda visto debatiendo y creo que nos y os aporta mucho. Besos<\/p>\n<p>P.- Ana, hace un par de meses te vi paseando por el Rastro \u00bfqu\u00e9 coleccionas? cajas de lat\u00f3n, cromos, buenos recurdos&#8230;&#8230;..<\/p>\n<p>R.- Sobre todo buenos recuerdos porque de peke\u00f1a iba algunos domingos. Ahora suelo hacerlo con mi hermano eduardo, su chica y su peke de 2 a\u00f1os leila que tambi\u00e9n es un incondicional de los puestecillos.<\/p>\n<p>P.- \u00bfC\u00f3mo llevas que te comparen con Eva Longoria? Lo escuch\u00e9 en la radio y les doy la raz\u00f3n. Besos guapa!!<\/p>\n<p>R.- \u00bfC\u00f3mo llevas que te comparen con Eva Longoria? Lo escuch\u00e9 en la radio y les doy la raz\u00f3n. Besos guapa!!<\/p>\n<p>P.- Camus dijo una vez &#8221; Todo lo que s\u00e9 con certeza sobre moral es gracias al f\u00fatbol&#8221; Como amante de este deporte \u00bfqu\u00e9 te ha ense\u00f1ado a ti?<\/p>\n<p>R.- hola mar\u00eda&#8230;.me ha potenciado los sue\u00f1os. COmo dice Valdano &#8220;el futbol es lo m\u00e1s importante entre las cosas menos importantes&#8221;. As\u00ed lo siento yo<\/p>\n<p>P.- \u00bf Te gustar\u00eda presentar o dirigir un informativo?<\/p>\n<p>R.- \u00bfpor qu\u00e9 elegir? me encantar\u00eda hacer las dos cosas, especialmente la segunda pero todav\u00eda tengo que coger mas horas de vuelo. Besos<\/p>\n<p>P.- \u00bfVolver\u00edas a la Cadena Ser?<\/p>\n<p>R.- Por supuesto. En el futuro quiz\u00e1 volvamos a escucharnos en las ondas. Me gusta tu nick&#8230;.<\/p>\n<p>P.- \u00bfGanara el Real Madrid la liga? \u00bfEl Presidente del Real Madrid es el mal del equipo? \u00bfCon Florentino viviamos mejor?<\/p>\n<p>R.- Como madridista espero y deseo que ganemos la liga, aunque no s\u00e9 si estamos en la linea correcta. Lo que puedo decirte tambien es que echar\u00e9 de menos a Becks como ya me ocurre con ZIdane y Rony.<\/p>\n<p>P.- \u00bfPor que tratais tan a la Iglesia en 59 Segundos? Eres una presentadora muy guapa. Besos desde Galicia<\/p>\n<p>R.- hola angela&#8230;creo que has olvidado a\u00f1adir un adjetivo al &#8220;tan..&#8221; El equipo intenta recoger en todos los temas, todas las sensibilidades y dentro y fuera de la Iglesia hay un debate abierto que debe ser escuchado en televisi\u00f3n. gracias por estar ah\u00ed los mi\u00e9rcoles.<\/p>\n<p>P.- \u00bfQue dar\u00edas por entrevistar a Jos\u00e9 Mar\u00eda Aznar?<\/p>\n<p>R.- pues siguiendo mi trayectoria&#8230;.simplemente solicitar\u00eda la entrevista. Y mira, quiz\u00e1 est\u00e9 conectado a INternet y vea mi respuesta y se anime a venir a 59 Segundos. Gracias isabel,<\/p>\n<p>P.- Dec\u00eda Einstein que &#8220;lo importante es no dejar de hacerse preguntas&#8221;, espero que una periodista joven como t\u00fa haga lo propio y nos ayude a tener respuestas. Gracias!<\/p>\n<p>R.- Te robo la frase y a\u00f1ado&#8230;.NO dejo de hacerme de preguntas, pero respuestas tengo poquitas. Aunque no me rindo facilmente. Besos.<\/p>\n","protected":false},"excerpt":{"rendered":"<p>La presentadora de 59 segundos charla con los lectores sobre uno de los programas de debate que mayor aceptaci\u00f3n han tenido en televisi\u00f3n. La periodista que ha desarrollado la mayor parte de su carrera en la Cadena Ser ha charlado con los lectores.<\/p>\n","protected":false},"author":1,"featured_media":0,"comment_status":"open","ping_status":"open","sticky":false,"template":"","format":"standard","meta":{"footnotes":""},"categories":[],"tags":[],"class_list":["post-1124","post","type-post","status-publish","format-standard","hentry"],"_links":{"self":[{"href":"https:\/\/intervius.com\/index.html\/wp-json\/wp\/v2\/posts\/1124","targetHints":{"allow":["GET"]}}],"collection":[{"href":"https:\/\/intervius.com\/index.html\/wp-json\/wp\/v2\/posts"}],"about":[{"href":"https:\/\/intervius.com\/index.html\/wp-json\/wp\/v2\/types\/post"}],"author":[{"embeddable":true,"href":"https:\/\/intervius.com\/index.html\/wp-json\/wp\/v2\/users\/1"}],"replies":[{"embeddable":true,"href":"https:\/\/intervius.com\/index.html\/wp-json\/wp\/v2\/comments?post=1124"}],"version-history":[{"count":0,"href":"https:\/\/intervius.com\/index.html\/wp-json\/wp\/v2\/posts\/1124\/revisions"}],"wp:attachment":[{"href":"https:\/\/intervius.com\/index.html\/wp-json\/wp\/v2\/media?parent=1124"}],"wp:term":[{"taxonomy":"category","embeddable":true,"href":"https:\/\/intervius.com\/index.html\/wp-json\/wp\/v2\/categories?post=1124"},{"taxonomy":"post_tag","embeddable":true,"href":"https:\/\/intervius.com\/index.html\/wp-json\/wp\/v2\/tags?post=1124"}],"curies":[{"name":"wp","href":"https:\/\/api.w.org\/{rel}","templated":true}]}}