{"id":11233,"date":"2013-03-05T00:00:00","date_gmt":"2006-11-06T00:00:00","guid":{"rendered":"https:\/\/intervius.com\/index.html\/?p=11233"},"modified":"2006-11-06T00:00:00","modified_gmt":"2006-11-06T00:00:00","slug":"Manu_Carreno11233","status":"publish","type":"post","link":"https:\/\/intervius.com\/index.html\/Manu_Carreno11233\/","title":{"rendered":"Manu Carre\u00f1o"},"content":{"rendered":"<p>Pregunta.- \u00bfOs Pillaria por sorpresa si Mourinho se cambiase al Banquillo del Barcelona?<\/p>\n<p>Respuesta.- No me pillar\u00eda por sorpresa que Mourinho se fuese al banquillo del Bar\u00e7a si se lo ofrecieran&#8230; Lo que me sorprender\u00eda es que se lo ofrecieran&#8230; Lo veo imposible&#8230;<\/p>\n<p>P.- Manu, aqu\u00ed un pucelano, \u00bfCrees que el R. Valladolid, puede aspirar a algo m\u00e1s que la permanencia? , Gracias, saludos! <\/p>\n<p>R.- M\u00e1s que la permanencia entiendo que es la Europa League&#8230; y la verdad es que no lo veo&#8230; Terminar 12\u00ba, 15\u00ba o 9\u00ba da un poco igual, cuanto m\u00e1s arriba, mejor obviamente, pero el objetivo es la permanencia&#8230;<\/p>\n<p>P.- \u00bfCrees que el Madrid superar a el Manhester esta noche? \u00bfPor qu\u00e9?<\/p>\n<p>R.- Creo y espero que s\u00ed&#8230; Pero veo un clima de cierta euforia despu\u00e9s de los dos cl\u00e1sicos con el Bar\u00e7a, y no me parece que vaya a ser tan f\u00e1cil como algunos creen&#8230; <\/p>\n<p>P.- manu cres que bielsa debe seguir el a\u00f1o que viene en el athletic. aupa athletic<\/p>\n<p>R.- Creo que Bielsa ha terminado ciclo en el Athletic&#8230; En Builbao no olvidar\u00e1n en mucho tiempo lo que se logr\u00f3 la temporada pasada, pero tampoco olvidar\u00e1n todo lo que ha pasado este a\u00f1o&#8230; <\/p>\n<p>P.- la gran duda en el once de Mourinho para medirse al Manchester United, \u00bfHigua\u00edn o Benzema? T\u00fa, \u00bfa qui\u00e9n pondr\u00edas? <\/p>\n<p>R.- Tal y como est\u00e1n ahora mismo, Higua\u00edn&#8230; <\/p>\n<p>P.- \u00bfQui\u00e9n crees que tiene mayor probabilidad de pasar las rondas (equipos espa\u00f1oles)? <\/p>\n<p>R.- Creo que el que m\u00e1s dif\u00edcil lo tiene es el Valencia, con diferencia&#8230; Pero no descarto a ninguno de los cuatro, aunque los cuatro est\u00e1n obligados a remontar<\/p>\n<p>P.- Por que tiene el Madrid la costumbre de fichar fuera jugadores malisimos caros y no ficha en Espa\u00f1a,,Modrik,Esien ymas y mas<\/p>\n<p>R.- Pues habr\u00eda que preguntarles a los directivos del Real Madrid, pero que se haya podido fichar a Cazorla, Silva o Villa y no lo hayan hecho, me parece un error&#8230;<\/p>\n<p>P.- Hola Manu, \u00bfC\u00faal es tu final so\u00f1ada?; \u00bfQu\u00e9 equipos, qu\u00e9 torneo y qu\u00e9 resultado?<\/p>\n<p>R.- Me apatecer\u00eda una final entre el Bayern y un equipo espa\u00f1ol&#8230;<\/p>\n<p>P.- \u00bfCrees que el barsa sin mesi estar\u00eda donde est\u00e1? Porque visto lo visto cuando Messi no est\u00e1 bien el barsa pincha en partidos importantes<\/p>\n<p>R.- Creo que el Bar\u00e7a sin Xavi ser\u00e1 un Bar\u00e7a diferente, y cuando no est\u00e9n Xavi ni Iniesta, ni te digo&#8230; Aunque por supuesto, Messi es el mejor jugador del mundo<\/p>\n<p>P.- \u00bf Aparte del pucela eres de otro equipo ?<\/p>\n<p>R.- No, de ninguno&#8230; me tira el equipo de mi tierra y la selecci\u00f3n&#8230; El resto, me da exactamente lo mismo<\/p>\n<p>P.- que te pareceria si elijen en camp nou para la final de copa y el barsa se pone a arreglar los aseos<\/p>\n<p>R.- Me parecer\u00eda absurdo elegir el Camp Nou para una final entre dos equipos de Madrid&#8230; No creo que vaya a ser necesario que el Bar\u00e7a se ponga a arreglar los aseos porque va a ser en Madrid, y creo que debe ser, y creo que va a ser en el Bernab\u00e9u&#8230; <\/p>\n<p>P.- Manu porque sois tan imparciales en carrusel Ahora que el Barcelona a perdido dos partidos ya empezais a decir que esta en crisis. Ya no os acordais de todos sus triunfos en los \u00f9ltimos cuatro a\u00f1os? Que tendr\u00ecamos que decir del Madrid? Hace cuanto que no gana nada?<\/p>\n<p>R.- Pero vamos a ver, querida Ana&#8230; Cuando el Bar\u00e7a ha ganado todo y ha jugado mejor que nadie, lo hemos dicho, no?&#8230; Lo que no podemos hacer es ver que el Bar\u00e7a no est\u00e1 bien en unos cuantos partidos y no decirlo porque a\u00f1os atr\u00e1s lo hayan ganado todo y haya sido el mejor equipo del mundo&#8230; El equipo ahora no est\u00e1 bien y no por decirlo somos anti Bar\u00e7a, no? Un beso&#8230;<\/p>\n<p>P.- \u00bf Con las ganas que le ten\u00e9is a Mou en la Ser, que vais a decir si despu\u00e9s de ganar los dos cl\u00e1sicos logra ganar al Manchester ? No deber\u00edais tener reparos en reconocer que t\u00e9cnicamente hablando, es \u00fanico<\/p>\n<p>R.- A Mourinho no le tenemos gamnas en la Ser&#8230; es m\u00e1s, la mayor\u00eda deseamos que contin\u00fae muchos a\u00f1os m\u00e1s, porque nos asegura muchos minutos de radio y televisi\u00f3n que con otros t\u00e9cnicos ser\u00e1 m\u00e1s dif\u00edcil&#8230; lo que piensdo de Mourinho es que es un buen entrendor, y que suele ganar t\u00edtulos all\u00e1 donde va&#8230; Pero tambi\u00e9n hay otros entrenadores que ganan t\u00edtulos all\u00e1 donde van(y en el Madrid no es especialmente dif\u00edcil), pero no han montado ni una d\u00e9cima parte de los incendios que ha montado el portugu\u00e9s en la casa blanca&#8230; Mourinho necesita eso para motivarse, y otros no lo necesitan, esa es la diferencia&#8230; <\/p>\n<p>P.- Buenas Manu crackk ,como vess a mi Levante este a\u00f1o , lo ves peleando por europa hasta el final o crees que solo hasta la salvaci\u00f3n y poco mas?\u00bf . Saludos desde Valencia <\/p>\n<p>R.- Al Levante lo veo muy bien&#8230; Incre\u00edble lo que hizo Luis Garc\u00eda, y a\u00fan mejor lo que est\u00e1 haciendo JIM&#8230; Qu\u00e9 m\u00e9rito tiene sacar todo lo que est\u00e1 sacando de esa plantilla&#8230; El jueves nos vemos en Valencia&#8230; Daremos el partido en Carrusel y tambi\u00e9n en Cuatro&#8230; <\/p>\n<p>P.- \u00bfPorqu\u00e9 emiten sonidos estridentes y desagradables? Algunas veces con demasiada frecuencia, que sirven para tener que cambiar de emisora. Como lo de &#8220;fosca&#8221; o el del impertinente ni\u00f1o de las hamburguesas.<\/p>\n<p>R.- Disculpa, pero no es &#8220;fosca&#8221;, es &#8220;zasca&#8221;&#8230; y no s\u00e9 de qu\u00e9 ni\u00f1o de las hamburguesas me hablas&#8230; Creo que esta pregunta es para Ser Aventureros&#8230; te remitir\u00e9 a Ponseti&#8230; Vale, est\u00e1 bien&#8230; somos nosotros, y lo tendr\u00e9 en cuenta&#8230; &#8220;ZASCA&#8221;!!!<\/p>\n<p>P.- Hola , Manu esta usted contento en la ser ?<\/p>\n<p>R.- S\u00ed, Assad, estoy contento en la Ser, pero si es usted alg\u00fan jeque \u00e1rabe y me va a hacer una propuesta, estoy dispuesto a escuchar&#8230;:)))) <\/p>\n<p>P.- Felicitarios porque le hab\u00e9is dado un impulso importante a Carrusel y la integraci\u00f3n de la publicidad con Iribarren y Juanma est\u00e1 muy bien. Querr\u00eda saber, \u00bfqu\u00e9 tal es vuestra relaci\u00f3n con Jos\u00e9 Ram\u00f3n de la Morena?<\/p>\n<p>R.- Pues mira, ahora mismo lo tengo por aqu\u00ed a mi lado, y la relaci\u00f3n es excelente&#8230; Vuelve a preguntar en un rato y te contesto, a ver si se aleja un poco.. <\/p>\n<p>P.- Por qu\u00e9 no se pone la barrera a la distancia reglamentaria? Por qu\u00e9 no hacen campa\u00f1a cada semana para conseguirlo?<\/p>\n<p>R.- Lo decimos cada semana&#8230; Me parece incre\u00edble que a los \u00e1rbitros les cueste tanto contar 9 pasos para colocar la barrera&#8230; Las barreras se ponen a 5 \u00f3 6 metros en cada falta&#8230; Lamentable<\/p>\n<p>P.- \u00bfQue crees que le esta pasando al barcelona para que lleve tres partidos perdiendo ,el cansancion de los 5 a\u00f1os en la elite mundial o a sido un momento de bajo?gracias<\/p>\n<p>R.- Creo que el Bar\u00e7a est\u00e1 pasando por un baj\u00f3n f\u00edsico, como todos los a\u00f1os en febrero, pero a eso se ha sumado la ausencia del l\u00edder, que es Tito Vilanova&#8230; el hombre al que miraba Pep Guardiola casi en cada decisi\u00f3n, y al que buscan y necesitan ahora tanto Roura como los jugadores&#8230; <\/p>\n","protected":false},"excerpt":{"rendered":"<p>Carre\u00f1o ha charlado con los oyentes<\/p>\n","protected":false},"author":1,"featured_media":0,"comment_status":"open","ping_status":"open","sticky":false,"template":"","format":"standard","meta":{"footnotes":""},"categories":[],"tags":[],"class_list":["post-11233","post","type-post","status-publish","format-standard","hentry"],"_links":{"self":[{"href":"https:\/\/intervius.com\/index.html\/wp-json\/wp\/v2\/posts\/11233","targetHints":{"allow":["GET"]}}],"collection":[{"href":"https:\/\/intervius.com\/index.html\/wp-json\/wp\/v2\/posts"}],"about":[{"href":"https:\/\/intervius.com\/index.html\/wp-json\/wp\/v2\/types\/post"}],"author":[{"embeddable":true,"href":"https:\/\/intervius.com\/index.html\/wp-json\/wp\/v2\/users\/1"}],"replies":[{"embeddable":true,"href":"https:\/\/intervius.com\/index.html\/wp-json\/wp\/v2\/comments?post=11233"}],"version-history":[{"count":0,"href":"https:\/\/intervius.com\/index.html\/wp-json\/wp\/v2\/posts\/11233\/revisions"}],"wp:attachment":[{"href":"https:\/\/intervius.com\/index.html\/wp-json\/wp\/v2\/media?parent=11233"}],"wp:term":[{"taxonomy":"category","embeddable":true,"href":"https:\/\/intervius.com\/index.html\/wp-json\/wp\/v2\/categories?post=11233"},{"taxonomy":"post_tag","embeddable":true,"href":"https:\/\/intervius.com\/index.html\/wp-json\/wp\/v2\/tags?post=11233"}],"curies":[{"name":"wp","href":"https:\/\/api.w.org\/{rel}","templated":true}]}}